{"id":3916,"date":"2021-11-01T12:13:01","date_gmt":"2021-11-01T11:13:01","guid":{"rendered":"https:\/\/agora.xtec.cat\/escolagaudisabadell\/?p=3916"},"modified":"2021-11-01T12:13:01","modified_gmt":"2021-11-01T11:13:01","slug":"els-conillets-i-conilletes-practiquem-el-trac-horitzontal","status":"publish","type":"post","link":"https:\/\/agora.xtec.cat\/escolagaudisabadell\/infantil\/p4\/els-conillets-i-conilletes-practiquem-el-trac-horitzontal\/","title":{"rendered":"Els Conillets i Conilletes practiquem el TRA\u00c7 HORITZONTAL"},"content":{"rendered":"<p>Els nens i nenes de P4 hem volgut practicar el <em><strong>tra\u00e7 horitzontal<\/strong><\/em> a trav\u00e9s del cos, l&#8217;experimentaci\u00f3 i la representaci\u00f3:<\/p>\n<ul style=\"list-style-type: circle\">\n<li>Primerament, hem practicat sobre un paper gran, repassant les l\u00ednies horitzontals amb diversos elements: amb el dit, amb diverses peces de construccions, fustes, cotxes&#8230;<\/li>\n<li>Despr\u00e9s, hem realitzat tra\u00e7os a la pantalla de la classe amb retoladors&#8230;<\/li>\n<li>I per \u00faltim, hem fet el trasp\u00e0s individual al paper amb diversos retoladors.<\/li>\n<\/ul>\n<p>Ens ho hem passat d&#8217;all\u00f2 m\u00e9s b\u00e9!!!<\/p>\n<p><a href=\"https:\/\/photos.app.goo.gl\/tysACGTNEPsrtGhe6\" target=\"_blank\" rel=\"noopener\"><img loading=\"lazy\" decoding=\"async\" class=\"size-full wp-image-3924 aligncenter\" src=\"https:\/\/agora.xtec.cat\/escolagaudisabadell\/wp-content\/uploads\/usu1563\/2021\/11\/portada-2.jpg\" alt=\"\" width=\"867\" height=\"975\" srcset=\"https:\/\/agora.xtec.cat\/escolagaudisabadell\/wp-content\/uploads\/usu1563\/2021\/11\/portada-2.jpg 867w, https:\/\/agora.xtec.cat\/escolagaudisabadell\/wp-content\/uploads\/usu1563\/2021\/11\/portada-2-267x300.jpg 267w, https:\/\/agora.xtec.cat\/escolagaudisabadell\/wp-content\/uploads\/usu1563\/2021\/11\/portada-2-768x864.jpg 768w\" sizes=\"auto, (max-width: 867px) 100vw, 867px\" \/><\/a><\/p>\n","protected":false},"excerpt":{"rendered":"<p>Els nens i nenes de P4 hem volgut practicar el tra\u00e7 horitzontal a trav\u00e9s del cos, l&#8217;experimentaci\u00f3 i la representaci\u00f3:<\/p>\n<ul style=\"list-style-type: circle\">\n<li>Primerament, hem practicat sobre un paper gran, repassant les l\u00ednies horitzontals amb diversos elements: amb el dit, amb diverses peces de construccions, fustes, cotxes&#8230;<\/li>\n<li>Despr\u00e9s,&hellip;  <a href=\"https:\/\/agora.xtec.cat\/escolagaudisabadell\/infantil\/p4\/els-conillets-i-conilletes-practiquem-el-trac-horitzontal\/\" title=\"Read Els Conillets i Conilletes practiquem el TRA\u00c7 HORITZONTAL\">Llegeix m\u00e9s\u00bb<\/a><br \/>\n","protected":false},"author":1,"featured_media":0,"comment_status":"closed","ping_status":"closed","sticky":false,"template":"","format":"standard","meta":{"_bbp_topic_count":0,"_bbp_reply_count":0,"_bbp_total_topic_count":0,"_bbp_total_reply_count":0,"_bbp_voice_count":0,"_bbp_anonymous_reply_count":0,"_bbp_topic_count_hidden":0,"_bbp_reply_count_hidden":0,"_bbp_forum_subforum_count":0,"footnotes":""},"categories":[8],"tags":[],"class_list":["post-3916","post","type-post","status-publish","format-standard","hentry","category-p4"],"post_mailing_queue_ids":[],"_links":{"self":[{"href":"https:\/\/agora.xtec.cat\/escolagaudisabadell\/wp-json\/wp\/v2\/posts\/3916","targetHints":{"allow":["GET"]}}],"collection":[{"href":"https:\/\/agora.xtec.cat\/escolagaudisabadell\/wp-json\/wp\/v2\/posts"}],"about":[{"href":"https:\/\/agora.xtec.cat\/escolagaudisabadell\/wp-json\/wp\/v2\/types\/post"}],"author":[{"embeddable":true,"href":"https:\/\/agora.xtec.cat\/escolagaudisabadell\/wp-json\/wp\/v2\/users\/1"}],"replies":[{"embeddable":true,"href":"https:\/\/agora.xtec.cat\/escolagaudisabadell\/wp-json\/wp\/v2\/comments?post=3916"}],"version-history":[{"count":3,"href":"https:\/\/agora.xtec.cat\/escolagaudisabadell\/wp-json\/wp\/v2\/posts\/3916\/revisions"}],"predecessor-version":[{"id":3929,"href":"https:\/\/agora.xtec.cat\/escolagaudisabadell\/wp-json\/wp\/v2\/posts\/3916\/revisions\/3929"}],"wp:attachment":[{"href":"https:\/\/agora.xtec.cat\/escolagaudisabadell\/wp-json\/wp\/v2\/media?parent=3916"}],"wp:term":[{"taxonomy":"category","embeddable":true,"href":"https:\/\/agora.xtec.cat\/escolagaudisabadell\/wp-json\/wp\/v2\/categories?post=3916"},{"taxonomy":"post_tag","embeddable":true,"href":"https:\/\/agora.xtec.cat\/escolagaudisabadell\/wp-json\/wp\/v2\/tags?post=3916"}],"curies":[{"name":"wp","href":"https:\/\/api.w.org\/{rel}","templated":true}]}}