{"id":3751,"date":"2021-10-14T13:51:27","date_gmt":"2021-10-14T11:51:27","guid":{"rendered":"https:\/\/agora.xtec.cat\/escolagaudisabadell\/?p=3751"},"modified":"2021-10-14T14:59:26","modified_gmt":"2021-10-14T12:59:26","slug":"fotos-escola","status":"publish","type":"post","link":"https:\/\/agora.xtec.cat\/escolagaudisabadell\/general\/fotos-escola\/","title":{"rendered":"INFORMACI\u00d3 FOTOS I SORTIDES ESCOLA"},"content":{"rendered":"<p>Recordeu que podeu gaudir de les FOTOS de les diferents activitats que es realitzen a l&#8217;escola, clicant l&#8217;icona &#8220;Blocs &amp; Fotos&#8221; del men\u00fa de dalt a l&#8217;esquerra. A continuaci\u00f3 us possem un enlla\u00e7 directe, per\u00f2 tamb\u00e9 podeu accedir des d&#8217;all\u00e0.<\/p>\n<p style=\"text-align: center;\"><a href=\"https:\/\/agora.xtec.cat\/escolagaudisabadell\/fotos\/\" target=\"_blank\" rel=\"noopener\"><img loading=\"lazy\" decoding=\"async\" class=\"alignnone size-full wp-image-3752\" src=\"https:\/\/agora.xtec.cat\/escolagaudisabadell\/wp-content\/uploads\/usu1563\/2021\/10\/Icona-BlocsFotos.jpg\" alt=\"\" width=\"96\" height=\"99\" \/><\/a><\/p>\n<p>Tamb\u00e9 teniu a la vostra disposici\u00f3 des d&#8217;avui la consulta de les <a href=\"https:\/\/agora.xtec.cat\/escolagaudisabadell\/sortides\/\" target=\"_blank\" rel=\"noopener\">SORTIDES<\/a> que es realitzaran al llarg del curs. Teniu l&#8217;acc\u00e9s tamb\u00e9, seguint el seg\u00fcent cam\u00ed: icona &#8220;<strong>men\u00fa<\/strong>&#8221;\u00a0 (del quadre de dalt a la dreta)&gt;&gt; i a la franja esquerra buscar &#8220;<strong>Sortides<\/strong>&#8220;.<\/p>\n","protected":false},"excerpt":{"rendered":"<p>Recordeu que podeu gaudir de les FOTOS de les diferents activitats que es realitzen a l&#8217;escola, clicant l&#8217;icona &#8220;Blocs &amp; Fotos&#8221; del men\u00fa de dalt a l&#8217;esquerra. A continuaci\u00f3 us possem un enlla\u00e7 directe, per\u00f2 tamb\u00e9 podeu accedir des d&#8217;all\u00e0.<br \/>\n<a href=\"https:\/\/agora.xtec.cat\/escolagaudisabadell\/fotos\/\" target=\"_blank\" rel=\"noopener\"><\/a><br \/>\nTamb\u00e9 teniu a&hellip;  <a href=\"https:\/\/agora.xtec.cat\/escolagaudisabadell\/general\/fotos-escola\/\" title=\"Read INFORMACI\u00d3 FOTOS I SORTIDES ESCOLA\">Llegeix m\u00e9s\u00bb<\/a><\/p>\n","protected":false},"author":1,"featured_media":3752,"comment_status":"closed","ping_status":"closed","sticky":false,"template":"","format":"standard","meta":{"_bbp_topic_count":0,"_bbp_reply_count":0,"_bbp_total_topic_count":0,"_bbp_total_reply_count":0,"_bbp_voice_count":0,"_bbp_anonymous_reply_count":0,"_bbp_topic_count_hidden":0,"_bbp_reply_count_hidden":0,"_bbp_forum_subforum_count":0,"footnotes":""},"categories":[10,11,12,13,14,15,1,2,4],"tags":[],"class_list":["post-3751","post","type-post","status-publish","format-standard","has-post-thumbnail","hentry","category-1r","category-2n","category-3r","category-4t","category-5e","category-6e","category-general","category-infantil","category-portada"],"post_mailing_queue_ids":[],"_links":{"self":[{"href":"https:\/\/agora.xtec.cat\/escolagaudisabadell\/wp-json\/wp\/v2\/posts\/3751","targetHints":{"allow":["GET"]}}],"collection":[{"href":"https:\/\/agora.xtec.cat\/escolagaudisabadell\/wp-json\/wp\/v2\/posts"}],"about":[{"href":"https:\/\/agora.xtec.cat\/escolagaudisabadell\/wp-json\/wp\/v2\/types\/post"}],"author":[{"embeddable":true,"href":"https:\/\/agora.xtec.cat\/escolagaudisabadell\/wp-json\/wp\/v2\/users\/1"}],"replies":[{"embeddable":true,"href":"https:\/\/agora.xtec.cat\/escolagaudisabadell\/wp-json\/wp\/v2\/comments?post=3751"}],"version-history":[{"count":3,"href":"https:\/\/agora.xtec.cat\/escolagaudisabadell\/wp-json\/wp\/v2\/posts\/3751\/revisions"}],"predecessor-version":[{"id":3779,"href":"https:\/\/agora.xtec.cat\/escolagaudisabadell\/wp-json\/wp\/v2\/posts\/3751\/revisions\/3779"}],"wp:featuredmedia":[{"embeddable":true,"href":"https:\/\/agora.xtec.cat\/escolagaudisabadell\/wp-json\/wp\/v2\/media\/3752"}],"wp:attachment":[{"href":"https:\/\/agora.xtec.cat\/escolagaudisabadell\/wp-json\/wp\/v2\/media?parent=3751"}],"wp:term":[{"taxonomy":"category","embeddable":true,"href":"https:\/\/agora.xtec.cat\/escolagaudisabadell\/wp-json\/wp\/v2\/categories?post=3751"},{"taxonomy":"post_tag","embeddable":true,"href":"https:\/\/agora.xtec.cat\/escolagaudisabadell\/wp-json\/wp\/v2\/tags?post=3751"}],"curies":[{"name":"wp","href":"https:\/\/api.w.org\/{rel}","templated":true}]}}