{"id":3712,"date":"2021-10-01T08:26:51","date_gmt":"2021-10-01T06:26:51","guid":{"rendered":"https:\/\/agora.xtec.cat\/escolagaudisabadell\/?p=3712"},"modified":"2021-11-04T13:37:24","modified_gmt":"2021-11-04T12:37:24","slug":"experiment-la-porositat","status":"publish","type":"post","link":"https:\/\/agora.xtec.cat\/escolagaudisabadell\/primaria\/5e\/experiment-la-porositat\/","title":{"rendered":"5\u00e8 Experiment: La porositat 01\/10\/21"},"content":{"rendered":"<p>Hem treballat la porositat de la membrana c\u00e8l\u00b7lular i per aix\u00f2, utilitzant el m\u00e8tode cient\u00edfic, hem fet un experiment.<\/p>\n<p><a href=\"https:\/\/photos.app.goo.gl\/XRmyquVtUtWNf8mEA\"><img loading=\"lazy\" decoding=\"async\" class=\"size-full wp-image-3713 aligncenter\" src=\"https:\/\/agora.xtec.cat\/escolagaudisabadell\/wp-content\/uploads\/usu1563\/2021\/10\/0.jpg\" alt=\"\" width=\"404\" height=\"227\" srcset=\"https:\/\/agora.xtec.cat\/escolagaudisabadell\/wp-content\/uploads\/usu1563\/2021\/10\/0.jpg 404w, https:\/\/agora.xtec.cat\/escolagaudisabadell\/wp-content\/uploads\/usu1563\/2021\/10\/0-300x169.jpg 300w\" sizes=\"auto, (max-width: 404px) 100vw, 404px\" \/><\/a><\/p>\n","protected":false},"excerpt":{"rendered":"<p>Hem treballat la porositat de la membrana c\u00e8l\u00b7lular i per aix\u00f2, utilitzant el m\u00e8tode cient\u00edfic, hem fet un experiment.<br \/>\n<a href=\"https:\/\/photos.app.goo.gl\/XRmyquVtUtWNf8mEA\"><\/a><\/p>\n","protected":false},"author":8,"featured_media":0,"comment_status":"open","ping_status":"closed","sticky":false,"template":"","format":"standard","meta":{"_bbp_topic_count":0,"_bbp_reply_count":0,"_bbp_total_topic_count":0,"_bbp_total_reply_count":0,"_bbp_voice_count":0,"_bbp_anonymous_reply_count":0,"_bbp_topic_count_hidden":0,"_bbp_reply_count_hidden":0,"_bbp_forum_subforum_count":0,"footnotes":""},"categories":[14],"tags":[69],"class_list":["post-3712","post","type-post","status-publish","format-standard","hentry","category-5e","tag-experimentacio"],"post_mailing_queue_ids":[],"_links":{"self":[{"href":"https:\/\/agora.xtec.cat\/escolagaudisabadell\/wp-json\/wp\/v2\/posts\/3712","targetHints":{"allow":["GET"]}}],"collection":[{"href":"https:\/\/agora.xtec.cat\/escolagaudisabadell\/wp-json\/wp\/v2\/posts"}],"about":[{"href":"https:\/\/agora.xtec.cat\/escolagaudisabadell\/wp-json\/wp\/v2\/types\/post"}],"author":[{"embeddable":true,"href":"https:\/\/agora.xtec.cat\/escolagaudisabadell\/wp-json\/wp\/v2\/users\/8"}],"replies":[{"embeddable":true,"href":"https:\/\/agora.xtec.cat\/escolagaudisabadell\/wp-json\/wp\/v2\/comments?post=3712"}],"version-history":[{"count":4,"href":"https:\/\/agora.xtec.cat\/escolagaudisabadell\/wp-json\/wp\/v2\/posts\/3712\/revisions"}],"predecessor-version":[{"id":3971,"href":"https:\/\/agora.xtec.cat\/escolagaudisabadell\/wp-json\/wp\/v2\/posts\/3712\/revisions\/3971"}],"wp:attachment":[{"href":"https:\/\/agora.xtec.cat\/escolagaudisabadell\/wp-json\/wp\/v2\/media?parent=3712"}],"wp:term":[{"taxonomy":"category","embeddable":true,"href":"https:\/\/agora.xtec.cat\/escolagaudisabadell\/wp-json\/wp\/v2\/categories?post=3712"},{"taxonomy":"post_tag","embeddable":true,"href":"https:\/\/agora.xtec.cat\/escolagaudisabadell\/wp-json\/wp\/v2\/tags?post=3712"}],"curies":[{"name":"wp","href":"https:\/\/api.w.org\/{rel}","templated":true}]}}