{"id":3582,"date":"2021-09-09T14:50:31","date_gmt":"2021-09-09T12:50:31","guid":{"rendered":"https:\/\/agora.xtec.cat\/escolagaudisabadell\/?p=3582"},"modified":"2021-10-14T14:40:57","modified_gmt":"2021-10-14T12:40:57","slug":"informacio-families-inici-de-curs","status":"publish","type":"post","link":"https:\/\/agora.xtec.cat\/escolagaudisabadell\/general\/informacio-families-inici-de-curs\/","title":{"rendered":"INFORMACI\u00d3 FAM\u00cdLIES INICI DE CURS"},"content":{"rendered":"<p style=\"text-align: center;\"><img loading=\"lazy\" decoding=\"async\" class=\"alignnone size-full wp-image-3583\" src=\"https:\/\/agora.xtec.cat\/escolagaudisabadell\/wp-content\/uploads\/usu1563\/2021\/09\/benvingutsalnoucursescolar-QUINO-petit.jpg\" alt=\"\" width=\"212\" height=\"81\" \/><br \/>\nAutor imatge: Quino<\/p>\n<p>Aqu\u00ed teniu a la vostra disposici\u00f3 documents amb tota la informaci\u00f3 que pogueu necessitar per al funcionament del curs:<\/p>\n<p><strong>INFORMACI\u00d3 GENERAL<\/strong>.\u00a0 El dossier de pares afecta de forma gen\u00e8rica a totes le fam\u00edlies:<\/p>\n<p><a href=\"https:\/\/agora.xtec.cat\/escolagaudisabadell\/wp-content\/uploads\/usu1563\/2021\/09\/Dossier-families-2021-2022-2.pdf\" target=\"_blank\" rel=\"noopener\">DOSSIER FAM\u00cdLIES 2021-2022<\/a><\/p>\n<p><strong>INFORMACI\u00d3 COVID19.\u00a0<\/strong>Dossier amb el Pla d&#8217;actuaci\u00f3 per aquest curs que iniciem:<\/p>\n<p><a href=\"https:\/\/agora.xtec.cat\/escolagaudisabadell\/wp-content\/uploads\/usu1563\/2021\/09\/PLA-DACTUACIO-2021-2022-copia.pdf\" target=\"_blank\" rel=\"noopener\">PLA D&#8217;ACTUACI\u00d3 2021-2022<\/a><\/p>\n<p>&nbsp;<\/p>\n","protected":false},"excerpt":{"rendered":"<p>Autor imatge: Quino<br \/>\nAqu\u00ed teniu a la vostra disposici\u00f3 documents amb tota la informaci\u00f3 que pogueu necessitar per al funcionament del curs:<br \/>\nINFORMACI\u00d3 GENERAL.\u00a0 El dossier de pares afecta de forma gen\u00e8rica a totes le fam\u00edlies:<br \/>\n<a href=\"https:\/\/agora.xtec.cat\/escolagaudisabadell\/wp-content\/uploads\/usu1563\/2021\/09\/Dossier-families-2021-2022-2.pdf\" target=\"_blank\" rel=\"noopener\">DOSSIER FAM\u00cdLIES 2021-2022<\/a><br \/>\nINFORMACI\u00d3 COVID19.\u00a0Dossier amb el Pla d&#8217;actuaci\u00f3 per&hellip;  <a href=\"https:\/\/agora.xtec.cat\/escolagaudisabadell\/general\/informacio-families-inici-de-curs\/\" title=\"Read INFORMACI\u00d3 FAM\u00cdLIES INICI DE CURS\">Llegeix m\u00e9s\u00bb<\/a><\/p>\n","protected":false},"author":1,"featured_media":3583,"comment_status":"closed","ping_status":"closed","sticky":false,"template":"","format":"standard","meta":{"_bbp_topic_count":0,"_bbp_reply_count":0,"_bbp_total_topic_count":0,"_bbp_total_reply_count":0,"_bbp_voice_count":0,"_bbp_anonymous_reply_count":0,"_bbp_topic_count_hidden":0,"_bbp_reply_count_hidden":0,"_bbp_forum_subforum_count":0,"footnotes":""},"categories":[10,11,12,13,14,15,1,2,4],"tags":[],"class_list":["post-3582","post","type-post","status-publish","format-standard","has-post-thumbnail","hentry","category-1r","category-2n","category-3r","category-4t","category-5e","category-6e","category-general","category-infantil","category-portada"],"post_mailing_queue_ids":[],"_links":{"self":[{"href":"https:\/\/agora.xtec.cat\/escolagaudisabadell\/wp-json\/wp\/v2\/posts\/3582","targetHints":{"allow":["GET"]}}],"collection":[{"href":"https:\/\/agora.xtec.cat\/escolagaudisabadell\/wp-json\/wp\/v2\/posts"}],"about":[{"href":"https:\/\/agora.xtec.cat\/escolagaudisabadell\/wp-json\/wp\/v2\/types\/post"}],"author":[{"embeddable":true,"href":"https:\/\/agora.xtec.cat\/escolagaudisabadell\/wp-json\/wp\/v2\/users\/1"}],"replies":[{"embeddable":true,"href":"https:\/\/agora.xtec.cat\/escolagaudisabadell\/wp-json\/wp\/v2\/comments?post=3582"}],"version-history":[{"count":3,"href":"https:\/\/agora.xtec.cat\/escolagaudisabadell\/wp-json\/wp\/v2\/posts\/3582\/revisions"}],"predecessor-version":[{"id":3775,"href":"https:\/\/agora.xtec.cat\/escolagaudisabadell\/wp-json\/wp\/v2\/posts\/3582\/revisions\/3775"}],"wp:featuredmedia":[{"embeddable":true,"href":"https:\/\/agora.xtec.cat\/escolagaudisabadell\/wp-json\/wp\/v2\/media\/3583"}],"wp:attachment":[{"href":"https:\/\/agora.xtec.cat\/escolagaudisabadell\/wp-json\/wp\/v2\/media?parent=3582"}],"wp:term":[{"taxonomy":"category","embeddable":true,"href":"https:\/\/agora.xtec.cat\/escolagaudisabadell\/wp-json\/wp\/v2\/categories?post=3582"},{"taxonomy":"post_tag","embeddable":true,"href":"https:\/\/agora.xtec.cat\/escolagaudisabadell\/wp-json\/wp\/v2\/tags?post=3582"}],"curies":[{"name":"wp","href":"https:\/\/api.w.org\/{rel}","templated":true}]}}