{"id":3236,"date":"2021-06-20T19:32:28","date_gmt":"2021-06-20T17:32:28","guid":{"rendered":"http:\/\/agora.xtec.cat\/escolagaudisabadell\/?p=3236"},"modified":"2021-06-20T19:32:28","modified_gmt":"2021-06-20T17:32:28","slug":"4t-valors-cadena-de-favors","status":"publish","type":"post","link":"https:\/\/agora.xtec.cat\/escolagaudisabadell\/primaria\/4t\/4t-valors-cadena-de-favors\/","title":{"rendered":"4t Valors: Cadena de favors"},"content":{"rendered":"<p>Tot seguit us deixem un v\u00eddeo que hem gravat a la classe de valors. Primer vam fer el visionat d&#8217;un curt anomenat &#8220;Cadena de favors&#8221; on es treballa la solidaritat, la autoestima, la cohesi\u00f3 social&#8230; Tot i que ens ha faltat temps i sabem que hi ha alguns errors estem molts contents amb els resultat. A m\u00e9s a m\u00e9s, hem gaudit molt i ens hem implicat des del primer moment en la seva creaci\u00f3. Cliqueu a la imatge per poder veure&#8217;l. Desitgem que gaudiu molt!!!<\/p>\n<p><a href=\"https:\/\/photos.app.goo.gl\/D2vR6o6yXTeMpPZF7\"><img loading=\"lazy\" decoding=\"async\" class=\"aligncenter size-medium wp-image-3237\" src=\"https:\/\/agora.xtec.cat\/escolagaudisabadell\/wp-content\/uploads\/usu1563\/2021\/06\/cadena-de-valores-1200x675-300x169.jpg\" alt=\"\" width=\"300\" height=\"169\" srcset=\"https:\/\/agora.xtec.cat\/escolagaudisabadell\/wp-content\/uploads\/usu1563\/2021\/06\/cadena-de-valores-1200x675-300x169.jpg 300w, https:\/\/agora.xtec.cat\/escolagaudisabadell\/wp-content\/uploads\/usu1563\/2021\/06\/cadena-de-valores-1200x675-768x432.jpg 768w, https:\/\/agora.xtec.cat\/escolagaudisabadell\/wp-content\/uploads\/usu1563\/2021\/06\/cadena-de-valores-1200x675-1024x576.jpg 1024w, https:\/\/agora.xtec.cat\/escolagaudisabadell\/wp-content\/uploads\/usu1563\/2021\/06\/cadena-de-valores-1200x675.jpg 1200w\" sizes=\"auto, (max-width: 300px) 100vw, 300px\" \/><\/a><\/p>\n","protected":false},"excerpt":{"rendered":"<p>Tot seguit us deixem un v\u00eddeo que hem gravat a la classe de valors. Primer vam fer el visionat d&#8217;un curt anomenat &#8220;Cadena de favors&#8221; on es treballa la solidaritat, la autoestima, la cohesi\u00f3 social&#8230; Tot i que ens ha faltat temps i sabem que&hellip;  <a href=\"https:\/\/agora.xtec.cat\/escolagaudisabadell\/primaria\/4t\/4t-valors-cadena-de-favors\/\" title=\"Read 4t Valors: Cadena de favors\">Llegeix m\u00e9s\u00bb<\/a><\/p>\n","protected":false},"author":6,"featured_media":0,"comment_status":"open","ping_status":"closed","sticky":false,"template":"","format":"standard","meta":{"_bbp_topic_count":0,"_bbp_reply_count":0,"_bbp_total_topic_count":0,"_bbp_total_reply_count":0,"_bbp_voice_count":0,"_bbp_anonymous_reply_count":0,"_bbp_topic_count_hidden":0,"_bbp_reply_count_hidden":0,"_bbp_forum_subforum_count":0,"footnotes":""},"categories":[13],"tags":[],"class_list":["post-3236","post","type-post","status-publish","format-standard","hentry","category-4t"],"post_mailing_queue_ids":[],"_links":{"self":[{"href":"https:\/\/agora.xtec.cat\/escolagaudisabadell\/wp-json\/wp\/v2\/posts\/3236","targetHints":{"allow":["GET"]}}],"collection":[{"href":"https:\/\/agora.xtec.cat\/escolagaudisabadell\/wp-json\/wp\/v2\/posts"}],"about":[{"href":"https:\/\/agora.xtec.cat\/escolagaudisabadell\/wp-json\/wp\/v2\/types\/post"}],"author":[{"embeddable":true,"href":"https:\/\/agora.xtec.cat\/escolagaudisabadell\/wp-json\/wp\/v2\/users\/6"}],"replies":[{"embeddable":true,"href":"https:\/\/agora.xtec.cat\/escolagaudisabadell\/wp-json\/wp\/v2\/comments?post=3236"}],"version-history":[{"count":1,"href":"https:\/\/agora.xtec.cat\/escolagaudisabadell\/wp-json\/wp\/v2\/posts\/3236\/revisions"}],"predecessor-version":[{"id":3238,"href":"https:\/\/agora.xtec.cat\/escolagaudisabadell\/wp-json\/wp\/v2\/posts\/3236\/revisions\/3238"}],"wp:attachment":[{"href":"https:\/\/agora.xtec.cat\/escolagaudisabadell\/wp-json\/wp\/v2\/media?parent=3236"}],"wp:term":[{"taxonomy":"category","embeddable":true,"href":"https:\/\/agora.xtec.cat\/escolagaudisabadell\/wp-json\/wp\/v2\/categories?post=3236"},{"taxonomy":"post_tag","embeddable":true,"href":"https:\/\/agora.xtec.cat\/escolagaudisabadell\/wp-json\/wp\/v2\/tags?post=3236"}],"curies":[{"name":"wp","href":"https:\/\/api.w.org\/{rel}","templated":true}]}}