{"id":3150,"date":"2021-06-06T12:24:54","date_gmt":"2021-06-06T10:24:54","guid":{"rendered":"http:\/\/agora.xtec.cat\/escolagaudisabadell\/?p=3150"},"modified":"2021-06-06T12:24:54","modified_gmt":"2021-06-06T10:24:54","slug":"eix-transversal-frases-de-la-mafalda","status":"publish","type":"post","link":"https:\/\/agora.xtec.cat\/escolagaudisabadell\/infantil\/eix-transversal-frases-de-la-mafalda\/","title":{"rendered":"Eix Transversal: Frases de la Mafalda"},"content":{"rendered":"<p>Benvolgudes fam\u00edlies,<\/p>\n<p>vet aqu\u00ed l&#8217;\u00faltima trobada liter\u00e0ria del curs 2020-2021. Conjuntament amb l&#8217;eix transversal de l&#8217;escola us presentem unes frases ic\u00f2niques de la Mafalda.<\/p>\n<p>Esperem que us agradi<a href=\"https:\/\/drive.google.com\/file\/d\/1TtnWTkSVTwSJ7665CfQjmLXgt3g5NpTI\/view?usp=sharing\"><img loading=\"lazy\" decoding=\"async\" class=\"wp-image-3152 aligncenter\" src=\"https:\/\/agora.xtec.cat\/escolagaudisabadell\/wp-content\/uploads\/usu1563\/2021\/06\/d8b5c536-4d66-4603-a107-272b1aecfd4e_alta-libre-aspect-ratio_default_0-1024x579.jpg\" alt=\"\" width=\"550\" height=\"311\" srcset=\"https:\/\/agora.xtec.cat\/escolagaudisabadell\/wp-content\/uploads\/usu1563\/2021\/06\/d8b5c536-4d66-4603-a107-272b1aecfd4e_alta-libre-aspect-ratio_default_0-1024x579.jpg 1024w, https:\/\/agora.xtec.cat\/escolagaudisabadell\/wp-content\/uploads\/usu1563\/2021\/06\/d8b5c536-4d66-4603-a107-272b1aecfd4e_alta-libre-aspect-ratio_default_0-300x170.jpg 300w, https:\/\/agora.xtec.cat\/escolagaudisabadell\/wp-content\/uploads\/usu1563\/2021\/06\/d8b5c536-4d66-4603-a107-272b1aecfd4e_alta-libre-aspect-ratio_default_0-768x434.jpg 768w, https:\/\/agora.xtec.cat\/escolagaudisabadell\/wp-content\/uploads\/usu1563\/2021\/06\/d8b5c536-4d66-4603-a107-272b1aecfd4e_alta-libre-aspect-ratio_default_0.jpg 1190w\" sizes=\"auto, (max-width: 550px) 100vw, 550px\" \/><\/a><\/p>\n","protected":false},"excerpt":{"rendered":"<p>Benvolgudes fam\u00edlies,<br \/>\nvet aqu\u00ed l&#8217;\u00faltima trobada liter\u00e0ria del curs 2020-2021. Conjuntament amb l&#8217;eix transversal de l&#8217;escola us presentem unes frases ic\u00f2niques de la Mafalda.<br \/>\nEsperem que us agradi<a href=\"https:\/\/drive.google.com\/file\/d\/1TtnWTkSVTwSJ7665CfQjmLXgt3g5NpTI\/view?usp=sharing\"><\/a><\/p>\n","protected":false},"author":12,"featured_media":0,"comment_status":"open","ping_status":"closed","sticky":false,"template":"","format":"standard","meta":{"_bbp_topic_count":0,"_bbp_reply_count":0,"_bbp_total_topic_count":0,"_bbp_total_reply_count":0,"_bbp_voice_count":0,"_bbp_anonymous_reply_count":0,"_bbp_topic_count_hidden":0,"_bbp_reply_count_hidden":0,"_bbp_forum_subforum_count":0,"footnotes":""},"categories":[10,11,62,63,2,3,8,9],"tags":[],"class_list":["post-3150","post","type-post","status-publish","format-standard","hentry","category-1r","category-2n","category-2n-a","category-2n-b","category-infantil","category-p3","category-p4","category-p5"],"post_mailing_queue_ids":[],"_links":{"self":[{"href":"https:\/\/agora.xtec.cat\/escolagaudisabadell\/wp-json\/wp\/v2\/posts\/3150","targetHints":{"allow":["GET"]}}],"collection":[{"href":"https:\/\/agora.xtec.cat\/escolagaudisabadell\/wp-json\/wp\/v2\/posts"}],"about":[{"href":"https:\/\/agora.xtec.cat\/escolagaudisabadell\/wp-json\/wp\/v2\/types\/post"}],"author":[{"embeddable":true,"href":"https:\/\/agora.xtec.cat\/escolagaudisabadell\/wp-json\/wp\/v2\/users\/12"}],"replies":[{"embeddable":true,"href":"https:\/\/agora.xtec.cat\/escolagaudisabadell\/wp-json\/wp\/v2\/comments?post=3150"}],"version-history":[{"count":1,"href":"https:\/\/agora.xtec.cat\/escolagaudisabadell\/wp-json\/wp\/v2\/posts\/3150\/revisions"}],"predecessor-version":[{"id":3153,"href":"https:\/\/agora.xtec.cat\/escolagaudisabadell\/wp-json\/wp\/v2\/posts\/3150\/revisions\/3153"}],"wp:attachment":[{"href":"https:\/\/agora.xtec.cat\/escolagaudisabadell\/wp-json\/wp\/v2\/media?parent=3150"}],"wp:term":[{"taxonomy":"category","embeddable":true,"href":"https:\/\/agora.xtec.cat\/escolagaudisabadell\/wp-json\/wp\/v2\/categories?post=3150"},{"taxonomy":"post_tag","embeddable":true,"href":"https:\/\/agora.xtec.cat\/escolagaudisabadell\/wp-json\/wp\/v2\/tags?post=3150"}],"curies":[{"name":"wp","href":"https:\/\/api.w.org\/{rel}","templated":true}]}}