{"id":3096,"date":"2021-05-21T11:29:56","date_gmt":"2021-05-21T09:29:56","guid":{"rendered":"http:\/\/agora.xtec.cat\/escolagaudisabadell\/?p=3096"},"modified":"2021-05-21T11:53:18","modified_gmt":"2021-05-21T09:53:18","slug":"pintem-el-mural-del-pati","status":"publish","type":"post","link":"https:\/\/agora.xtec.cat\/escolagaudisabadell\/fotosdescola\/pintem-el-mural-del-pati\/","title":{"rendered":"Pintem el Mural del Pati"},"content":{"rendered":"<p>El dia 12 de maig va venir Valent\u00ed Gubianes. Amb la seva col\u00b7laboraci\u00f3, entre tots i totes vam pintar un mural per decorar el pati de la nostra escola. El resultat va ser fant\u00e0stic! Cliqueu a la imatge per veure m\u00e9s fotos!<\/p>\n<p><a href=\"https:\/\/photos.app.goo.gl\/SSXTEFhnepU4G9Lz5\"><img loading=\"lazy\" decoding=\"async\" class=\"alignnone size-full wp-image-3097\" src=\"https:\/\/agora.xtec.cat\/escolagaudisabadell\/wp-content\/uploads\/usu1563\/2021\/05\/PORTADA.jpg\" alt=\"\" width=\"500\" height=\"193\" srcset=\"https:\/\/agora.xtec.cat\/escolagaudisabadell\/wp-content\/uploads\/usu1563\/2021\/05\/PORTADA.jpg 500w, https:\/\/agora.xtec.cat\/escolagaudisabadell\/wp-content\/uploads\/usu1563\/2021\/05\/PORTADA-300x116.jpg 300w\" sizes=\"auto, (max-width: 500px) 100vw, 500px\" \/><\/a><\/p>\n","protected":false},"excerpt":{"rendered":"<p>El dia 12 de maig va venir Valent\u00ed Gubianes. Amb la seva col\u00b7laboraci\u00f3, entre tots i totes vam pintar un mural per decorar el pati de la nostra escola. El resultat va ser fant\u00e0stic! Cliqueu a la imatge per veure m\u00e9s fotos!<br \/>\n<a href=\"https:\/\/photos.app.goo.gl\/SSXTEFhnepU4G9Lz5\"><\/a><\/p>\n","protected":false},"author":1,"featured_media":3097,"comment_status":"open","ping_status":"closed","sticky":false,"template":"","format":"standard","meta":{"_bbp_topic_count":0,"_bbp_reply_count":0,"_bbp_total_topic_count":0,"_bbp_total_reply_count":0,"_bbp_voice_count":0,"_bbp_anonymous_reply_count":0,"_bbp_topic_count_hidden":0,"_bbp_reply_count_hidden":0,"_bbp_forum_subforum_count":0,"footnotes":""},"categories":[71],"tags":[],"class_list":["post-3096","post","type-post","status-publish","format-standard","has-post-thumbnail","hentry","category-fotosdescola"],"post_mailing_queue_ids":[],"_links":{"self":[{"href":"https:\/\/agora.xtec.cat\/escolagaudisabadell\/wp-json\/wp\/v2\/posts\/3096","targetHints":{"allow":["GET"]}}],"collection":[{"href":"https:\/\/agora.xtec.cat\/escolagaudisabadell\/wp-json\/wp\/v2\/posts"}],"about":[{"href":"https:\/\/agora.xtec.cat\/escolagaudisabadell\/wp-json\/wp\/v2\/types\/post"}],"author":[{"embeddable":true,"href":"https:\/\/agora.xtec.cat\/escolagaudisabadell\/wp-json\/wp\/v2\/users\/1"}],"replies":[{"embeddable":true,"href":"https:\/\/agora.xtec.cat\/escolagaudisabadell\/wp-json\/wp\/v2\/comments?post=3096"}],"version-history":[{"count":3,"href":"https:\/\/agora.xtec.cat\/escolagaudisabadell\/wp-json\/wp\/v2\/posts\/3096\/revisions"}],"predecessor-version":[{"id":3100,"href":"https:\/\/agora.xtec.cat\/escolagaudisabadell\/wp-json\/wp\/v2\/posts\/3096\/revisions\/3100"}],"wp:featuredmedia":[{"embeddable":true,"href":"https:\/\/agora.xtec.cat\/escolagaudisabadell\/wp-json\/wp\/v2\/media\/3097"}],"wp:attachment":[{"href":"https:\/\/agora.xtec.cat\/escolagaudisabadell\/wp-json\/wp\/v2\/media?parent=3096"}],"wp:term":[{"taxonomy":"category","embeddable":true,"href":"https:\/\/agora.xtec.cat\/escolagaudisabadell\/wp-json\/wp\/v2\/categories?post=3096"},{"taxonomy":"post_tag","embeddable":true,"href":"https:\/\/agora.xtec.cat\/escolagaudisabadell\/wp-json\/wp\/v2\/tags?post=3096"}],"curies":[{"name":"wp","href":"https:\/\/api.w.org\/{rel}","templated":true}]}}