{"id":2927,"date":"2021-05-01T17:11:54","date_gmt":"2021-05-01T15:11:54","guid":{"rendered":"http:\/\/agora.xtec.cat\/escolagaudisabadell\/?p=2927"},"modified":"2021-05-01T17:11:54","modified_gmt":"2021-05-01T15:11:54","slug":"entrega-premis-sant-jordi-23-04-21","status":"publish","type":"post","link":"https:\/\/agora.xtec.cat\/escolagaudisabadell\/primaria\/4t\/entrega-premis-sant-jordi-23-04-21\/","title":{"rendered":"Entrega premis Sant Jordi 23 04 21"},"content":{"rendered":"<p>El dia 23 d&#8217;abril vam celebrar Sant Jordi i vam fer l&#8217;entrega de premis als afortunats i afortunades guanyador@s!!!<\/p>\n<p>Primer premi: &#8220;En Quino ha mort&#8221; Los potasios<\/p>\n<p>Premi a l&#8217;esfor\u00e7: &#8220;En Quino i la Mafalda&#8221; Ramon i Iv\u00e1n<\/p>\n<p>Finalistes: &#8220;Els drets de la Mafalda&#8221; Les pandes i &#8220;La Pau al m\u00f3n&#8221; El conill i la cobai.<\/p>\n<p style=\"text-align: center\"><a href=\"https:\/\/photos.app.goo.gl\/CoFgkYkz5crUxS2x5\"><img loading=\"lazy\" decoding=\"async\" class=\"alignnone wp-image-2928 aligncenter\" src=\"https:\/\/agora.xtec.cat\/escolagaudisabadell\/wp-content\/uploads\/usu1563\/2021\/05\/Screenshot_20210423_083348_com.whatsapp-896x1024.jpg\" alt=\"Primer premi: &quot;En Quino ha mort&quot; Los potasiosPremi a l'esfor\u00e7: &quot;En Quino i la Mafalda&quot; Ramon i Iv\u00e1nFinalistes: &quot;Els drets de la Mafalda&quot; Les pandes i &quot;La Pau al m\u00f3n&quot; El conill i la cobai.\" width=\"241\" height=\"276\" srcset=\"https:\/\/agora.xtec.cat\/escolagaudisabadell\/wp-content\/uploads\/usu1563\/2021\/05\/Screenshot_20210423_083348_com.whatsapp-896x1024.jpg 896w, https:\/\/agora.xtec.cat\/escolagaudisabadell\/wp-content\/uploads\/usu1563\/2021\/05\/Screenshot_20210423_083348_com.whatsapp-262x300.jpg 262w, https:\/\/agora.xtec.cat\/escolagaudisabadell\/wp-content\/uploads\/usu1563\/2021\/05\/Screenshot_20210423_083348_com.whatsapp-768x878.jpg 768w, https:\/\/agora.xtec.cat\/escolagaudisabadell\/wp-content\/uploads\/usu1563\/2021\/05\/Screenshot_20210423_083348_com.whatsapp.jpg 1061w\" sizes=\"auto, (max-width: 241px) 100vw, 241px\" \/><\/a>(Cliqueu a la imatge)<\/p>\n<p>&nbsp;<\/p>\n","protected":false},"excerpt":{"rendered":"<p>El dia 23 d&#8217;abril vam celebrar Sant Jordi i vam fer l&#8217;entrega de premis als afortunats i afortunades guanyador@s!!!<br \/>\nPrimer premi: &#8220;En Quino ha mort&#8221; Los potasios<br \/>\nPremi a l&#8217;esfor\u00e7: &#8220;En Quino i la Mafalda&#8221; Ramon i Iv\u00e1n<br \/>\nFinalistes: &#8220;Els drets de la Mafalda&#8221; Les pandes i &#8220;La&hellip;  <a href=\"https:\/\/agora.xtec.cat\/escolagaudisabadell\/primaria\/4t\/entrega-premis-sant-jordi-23-04-21\/\" title=\"Read Entrega premis Sant Jordi 23 04 21\">Llegeix m\u00e9s\u00bb<\/a><\/p>\n","protected":false},"author":6,"featured_media":2928,"comment_status":"open","ping_status":"closed","sticky":false,"template":"","format":"standard","meta":{"_bbp_topic_count":0,"_bbp_reply_count":0,"_bbp_total_topic_count":0,"_bbp_total_reply_count":0,"_bbp_voice_count":0,"_bbp_anonymous_reply_count":0,"_bbp_topic_count_hidden":0,"_bbp_reply_count_hidden":0,"_bbp_forum_subforum_count":0,"footnotes":""},"categories":[13],"tags":[],"class_list":["post-2927","post","type-post","status-publish","format-standard","has-post-thumbnail","hentry","category-4t"],"post_mailing_queue_ids":[],"_links":{"self":[{"href":"https:\/\/agora.xtec.cat\/escolagaudisabadell\/wp-json\/wp\/v2\/posts\/2927","targetHints":{"allow":["GET"]}}],"collection":[{"href":"https:\/\/agora.xtec.cat\/escolagaudisabadell\/wp-json\/wp\/v2\/posts"}],"about":[{"href":"https:\/\/agora.xtec.cat\/escolagaudisabadell\/wp-json\/wp\/v2\/types\/post"}],"author":[{"embeddable":true,"href":"https:\/\/agora.xtec.cat\/escolagaudisabadell\/wp-json\/wp\/v2\/users\/6"}],"replies":[{"embeddable":true,"href":"https:\/\/agora.xtec.cat\/escolagaudisabadell\/wp-json\/wp\/v2\/comments?post=2927"}],"version-history":[{"count":2,"href":"https:\/\/agora.xtec.cat\/escolagaudisabadell\/wp-json\/wp\/v2\/posts\/2927\/revisions"}],"predecessor-version":[{"id":2930,"href":"https:\/\/agora.xtec.cat\/escolagaudisabadell\/wp-json\/wp\/v2\/posts\/2927\/revisions\/2930"}],"wp:featuredmedia":[{"embeddable":true,"href":"https:\/\/agora.xtec.cat\/escolagaudisabadell\/wp-json\/wp\/v2\/media\/2928"}],"wp:attachment":[{"href":"https:\/\/agora.xtec.cat\/escolagaudisabadell\/wp-json\/wp\/v2\/media?parent=2927"}],"wp:term":[{"taxonomy":"category","embeddable":true,"href":"https:\/\/agora.xtec.cat\/escolagaudisabadell\/wp-json\/wp\/v2\/categories?post=2927"},{"taxonomy":"post_tag","embeddable":true,"href":"https:\/\/agora.xtec.cat\/escolagaudisabadell\/wp-json\/wp\/v2\/tags?post=2927"}],"curies":[{"name":"wp","href":"https:\/\/api.w.org\/{rel}","templated":true}]}}