{"id":2922,"date":"2021-05-01T16:49:46","date_gmt":"2021-05-01T14:49:46","guid":{"rendered":"http:\/\/agora.xtec.cat\/escolagaudisabadell\/?p=2922"},"modified":"2021-05-01T16:49:46","modified_gmt":"2021-05-01T14:49:46","slug":"primera-sortida-a-epona","status":"publish","type":"post","link":"https:\/\/agora.xtec.cat\/escolagaudisabadell\/primaria\/4t\/primera-sortida-a-epona\/","title":{"rendered":"Primera sortida a EPONA"},"content":{"rendered":"<p>Hola fam\u00edlies, us comparteixo les fotografies de la primera sessi\u00f3 que hem fet a EPONA. L&#8217;alumnat ha gaudit molt\u00edssim i esperen amb il\u00b7lusi\u00f3 la segona sessi\u00f3. Us hem fet un bon reportatge de fotografies, per aix\u00f2 les hem dividit en els dos grups, desitgem que us agradi!!<\/p>\n<h1 style=\"text-align: center\"><a href=\"https:\/\/photos.app.goo.gl\/JBzAh3mfcPYsBwTB6\">Grup A<\/a>\u00a0 \u00a0 \u00a0 \u00a0 <a href=\"https:\/\/agora.xtec.cat\/escolagaudisabadell\/wp-content\/uploads\/usu1563\/2021\/05\/4b644a_4e9ed9765501417387da0e23740cdb99.gif\"><img loading=\"lazy\" decoding=\"async\" class=\"alignnone  wp-image-2923\" src=\"https:\/\/agora.xtec.cat\/escolagaudisabadell\/wp-content\/uploads\/usu1563\/2021\/05\/4b644a_4e9ed9765501417387da0e23740cdb99-1024x950.gif\" alt=\"\" width=\"181\" height=\"168\" data-wp-editing=\"1\" \/> \u00a0 \u00a0 \u00a0<\/a><a href=\"https:\/\/photos.app.goo.gl\/3cSihigE3mBTVNLs8\">GrupB<\/a><\/h1>\n","protected":false},"excerpt":{"rendered":"<p>Hola fam\u00edlies, us comparteixo les fotografies de la primera sessi\u00f3 que hem fet a EPONA. L&#8217;alumnat ha gaudit molt\u00edssim i esperen amb il\u00b7lusi\u00f3 la segona sessi\u00f3. Us hem fet un bon reportatge de fotografies, per aix\u00f2 les hem dividit en els dos grups, desitgem que&hellip;  <a href=\"https:\/\/agora.xtec.cat\/escolagaudisabadell\/primaria\/4t\/primera-sortida-a-epona\/\" title=\"Read Primera sortida a EPONA\">Llegeix m\u00e9s\u00bb<\/a><\/p>\n","protected":false},"author":6,"featured_media":2923,"comment_status":"open","ping_status":"closed","sticky":false,"template":"","format":"standard","meta":{"_bbp_topic_count":0,"_bbp_reply_count":0,"_bbp_total_topic_count":0,"_bbp_total_reply_count":0,"_bbp_voice_count":0,"_bbp_anonymous_reply_count":0,"_bbp_topic_count_hidden":0,"_bbp_reply_count_hidden":0,"_bbp_forum_subforum_count":0,"footnotes":""},"categories":[13],"tags":[],"class_list":["post-2922","post","type-post","status-publish","format-standard","has-post-thumbnail","hentry","category-4t"],"post_mailing_queue_ids":[],"_links":{"self":[{"href":"https:\/\/agora.xtec.cat\/escolagaudisabadell\/wp-json\/wp\/v2\/posts\/2922","targetHints":{"allow":["GET"]}}],"collection":[{"href":"https:\/\/agora.xtec.cat\/escolagaudisabadell\/wp-json\/wp\/v2\/posts"}],"about":[{"href":"https:\/\/agora.xtec.cat\/escolagaudisabadell\/wp-json\/wp\/v2\/types\/post"}],"author":[{"embeddable":true,"href":"https:\/\/agora.xtec.cat\/escolagaudisabadell\/wp-json\/wp\/v2\/users\/6"}],"replies":[{"embeddable":true,"href":"https:\/\/agora.xtec.cat\/escolagaudisabadell\/wp-json\/wp\/v2\/comments?post=2922"}],"version-history":[{"count":3,"href":"https:\/\/agora.xtec.cat\/escolagaudisabadell\/wp-json\/wp\/v2\/posts\/2922\/revisions"}],"predecessor-version":[{"id":2926,"href":"https:\/\/agora.xtec.cat\/escolagaudisabadell\/wp-json\/wp\/v2\/posts\/2922\/revisions\/2926"}],"wp:featuredmedia":[{"embeddable":true,"href":"https:\/\/agora.xtec.cat\/escolagaudisabadell\/wp-json\/wp\/v2\/media\/2923"}],"wp:attachment":[{"href":"https:\/\/agora.xtec.cat\/escolagaudisabadell\/wp-json\/wp\/v2\/media?parent=2922"}],"wp:term":[{"taxonomy":"category","embeddable":true,"href":"https:\/\/agora.xtec.cat\/escolagaudisabadell\/wp-json\/wp\/v2\/categories?post=2922"},{"taxonomy":"post_tag","embeddable":true,"href":"https:\/\/agora.xtec.cat\/escolagaudisabadell\/wp-json\/wp\/v2\/tags?post=2922"}],"curies":[{"name":"wp","href":"https:\/\/api.w.org\/{rel}","templated":true}]}}