{"id":2913,"date":"2021-04-27T15:19:45","date_gmt":"2021-04-27T13:19:45","guid":{"rendered":"http:\/\/agora.xtec.cat\/escolagaudisabadell\/?p=2913"},"modified":"2021-05-21T15:45:09","modified_gmt":"2021-05-21T13:45:09","slug":"coreografia-d-angles-cs-13-i-23-dabril-2021","status":"publish","type":"post","link":"https:\/\/agora.xtec.cat\/escolagaudisabadell\/primaria\/5e\/coreografia-d-angles-cs-13-i-23-dabril-2021\/","title":{"rendered":"Coreografia d&#8217; angl\u00e8s CS, 13 i 23 d&#8217;abril 2021"},"content":{"rendered":"<p>Els nens i nenes de cinqu\u00e8 i sis\u00e8 van fer un taller en angl\u00e8s on van poder aprendre una coreografia basada en la can\u00e7\u00f3 &#8220;Happy&#8221; (cinqu\u00e8) i &#8220;Shake it off&#8221; (sis\u00e8).<\/p>\n<p>S&#8217; ho van passar d&#8217;all\u00f2 m\u00e9s b\u00e9 i els hi va quedar genial!! Aqu\u00ed teniu les fotos i els v\u00eddeos dels balls!! (Cliqueu a sobre de la imatge per veure les fotos).<\/p>\n<p><a href=\"https:\/\/photos.app.goo.gl\/XQueErvBLNVa68RU7\"><img loading=\"lazy\" decoding=\"async\" class=\"alignnone wp-image-2914\" src=\"https:\/\/agora.xtec.cat\/escolagaudisabadell\/wp-content\/uploads\/usu1563\/2021\/04\/PORTADA-COREOGRAFIA.png\" alt=\"\" width=\"278\" height=\"234\" srcset=\"https:\/\/agora.xtec.cat\/escolagaudisabadell\/wp-content\/uploads\/usu1563\/2021\/04\/PORTADA-COREOGRAFIA.png 500w, https:\/\/agora.xtec.cat\/escolagaudisabadell\/wp-content\/uploads\/usu1563\/2021\/04\/PORTADA-COREOGRAFIA-300x252.png 300w\" sizes=\"auto, (max-width: 278px) 100vw, 278px\" \/><\/a><\/p>\n","protected":false},"excerpt":{"rendered":"<p>Els nens i nenes de cinqu\u00e8 i sis\u00e8 van fer un taller en angl\u00e8s on van poder aprendre una coreografia basada en la can\u00e7\u00f3 &#8220;Happy&#8221; (cinqu\u00e8) i &#8220;Shake it off&#8221; (sis\u00e8).<br \/>\nS&#8217; ho van passar d&#8217;all\u00f2 m\u00e9s b\u00e9 i els hi va quedar genial!! Aqu\u00ed teniu&hellip;  <a href=\"https:\/\/agora.xtec.cat\/escolagaudisabadell\/primaria\/5e\/coreografia-d-angles-cs-13-i-23-dabril-2021\/\" title=\"Read Coreografia d&#8217; angl\u00e8s CS, 13 i 23 d&#8217;abril 2021\">Llegeix m\u00e9s\u00bb<\/a><\/p>\n","protected":false},"author":1,"featured_media":2914,"comment_status":"open","ping_status":"closed","sticky":false,"template":"","format":"standard","meta":{"_bbp_topic_count":0,"_bbp_reply_count":0,"_bbp_total_topic_count":0,"_bbp_total_reply_count":0,"_bbp_voice_count":0,"_bbp_anonymous_reply_count":0,"_bbp_topic_count_hidden":0,"_bbp_reply_count_hidden":0,"_bbp_forum_subforum_count":0,"footnotes":""},"categories":[14,64,65,15,66,67],"tags":[],"class_list":["post-2913","post","type-post","status-publish","format-standard","has-post-thumbnail","hentry","category-5e","category-5e-a","category-5e-b","category-6e","category-6e-b","category-6e-b-primaria"],"post_mailing_queue_ids":[],"_links":{"self":[{"href":"https:\/\/agora.xtec.cat\/escolagaudisabadell\/wp-json\/wp\/v2\/posts\/2913","targetHints":{"allow":["GET"]}}],"collection":[{"href":"https:\/\/agora.xtec.cat\/escolagaudisabadell\/wp-json\/wp\/v2\/posts"}],"about":[{"href":"https:\/\/agora.xtec.cat\/escolagaudisabadell\/wp-json\/wp\/v2\/types\/post"}],"author":[{"embeddable":true,"href":"https:\/\/agora.xtec.cat\/escolagaudisabadell\/wp-json\/wp\/v2\/users\/1"}],"replies":[{"embeddable":true,"href":"https:\/\/agora.xtec.cat\/escolagaudisabadell\/wp-json\/wp\/v2\/comments?post=2913"}],"version-history":[{"count":3,"href":"https:\/\/agora.xtec.cat\/escolagaudisabadell\/wp-json\/wp\/v2\/posts\/2913\/revisions"}],"predecessor-version":[{"id":3126,"href":"https:\/\/agora.xtec.cat\/escolagaudisabadell\/wp-json\/wp\/v2\/posts\/2913\/revisions\/3126"}],"wp:featuredmedia":[{"embeddable":true,"href":"https:\/\/agora.xtec.cat\/escolagaudisabadell\/wp-json\/wp\/v2\/media\/2914"}],"wp:attachment":[{"href":"https:\/\/agora.xtec.cat\/escolagaudisabadell\/wp-json\/wp\/v2\/media?parent=2913"}],"wp:term":[{"taxonomy":"category","embeddable":true,"href":"https:\/\/agora.xtec.cat\/escolagaudisabadell\/wp-json\/wp\/v2\/categories?post=2913"},{"taxonomy":"post_tag","embeddable":true,"href":"https:\/\/agora.xtec.cat\/escolagaudisabadell\/wp-json\/wp\/v2\/tags?post=2913"}],"curies":[{"name":"wp","href":"https:\/\/api.w.org\/{rel}","templated":true}]}}