{"id":2910,"date":"2021-04-27T13:46:08","date_gmt":"2021-04-27T11:46:08","guid":{"rendered":"http:\/\/agora.xtec.cat\/escolagaudisabadell\/?p=2910"},"modified":"2021-05-21T15:44:05","modified_gmt":"2021-05-21T13:44:05","slug":"coreografia-angles-cm-13-4-2021","status":"publish","type":"post","link":"https:\/\/agora.xtec.cat\/escolagaudisabadell\/primaria\/3r\/coreografia-angles-cm-13-4-2021\/","title":{"rendered":"Coreografia angl\u00e8s CM 13-4-2021"},"content":{"rendered":"<p>Els nens i nenes de Tercer i Quart van realitzar un taller en angl\u00e8s on van aprendre una coreografia basada en la can\u00e7\u00f3 &#8220;Happy&#8221; de Pharrell Williams. Aqu\u00ed teniu fotos i els v\u00eddeos! Va quedar molt b\u00e9! (Cliqueu a sobre de la imatge per veure les fotos).<\/p>\n<p><a href=\"https:\/\/photos.app.goo.gl\/ntave9fbj9CkexyQ7\"><img loading=\"lazy\" decoding=\"async\" class=\"alignnone wp-image-2911\" src=\"https:\/\/agora.xtec.cat\/escolagaudisabadell\/wp-content\/uploads\/usu1563\/2021\/04\/PORTADA-COREOGRAFIA-1024x1024.jpg\" alt=\"\" width=\"189\" height=\"189\" srcset=\"https:\/\/agora.xtec.cat\/escolagaudisabadell\/wp-content\/uploads\/usu1563\/2021\/04\/PORTADA-COREOGRAFIA-1024x1024.jpg 1024w, https:\/\/agora.xtec.cat\/escolagaudisabadell\/wp-content\/uploads\/usu1563\/2021\/04\/PORTADA-COREOGRAFIA-150x150.jpg 150w, https:\/\/agora.xtec.cat\/escolagaudisabadell\/wp-content\/uploads\/usu1563\/2021\/04\/PORTADA-COREOGRAFIA-300x300.jpg 300w, https:\/\/agora.xtec.cat\/escolagaudisabadell\/wp-content\/uploads\/usu1563\/2021\/04\/PORTADA-COREOGRAFIA-768x768.jpg 768w, https:\/\/agora.xtec.cat\/escolagaudisabadell\/wp-content\/uploads\/usu1563\/2021\/04\/PORTADA-COREOGRAFIA.jpg 1300w\" sizes=\"auto, (max-width: 189px) 100vw, 189px\" \/><\/a><\/p>\n<p>&nbsp;<\/p>\n","protected":false},"excerpt":{"rendered":"<p>Els nens i nenes de Tercer i Quart van realitzar un taller en angl\u00e8s on van aprendre una coreografia basada en la can\u00e7\u00f3 &#8220;Happy&#8221; de Pharrell Williams. Aqu\u00ed teniu fotos i els v\u00eddeos! Va quedar molt b\u00e9! (Cliqueu a sobre de la imatge per veure&hellip;  <a href=\"https:\/\/agora.xtec.cat\/escolagaudisabadell\/primaria\/3r\/coreografia-angles-cm-13-4-2021\/\" title=\"Read Coreografia angl\u00e8s CM 13-4-2021\">Llegeix m\u00e9s\u00bb<\/a><\/p>\n","protected":false},"author":1,"featured_media":2911,"comment_status":"open","ping_status":"closed","sticky":false,"template":"","format":"standard","meta":{"_bbp_topic_count":0,"_bbp_reply_count":0,"_bbp_total_topic_count":0,"_bbp_total_reply_count":0,"_bbp_voice_count":0,"_bbp_anonymous_reply_count":0,"_bbp_topic_count_hidden":0,"_bbp_reply_count_hidden":0,"_bbp_forum_subforum_count":0,"footnotes":""},"categories":[12,13],"tags":[],"class_list":["post-2910","post","type-post","status-publish","format-standard","has-post-thumbnail","hentry","category-3r","category-4t"],"post_mailing_queue_ids":[],"_links":{"self":[{"href":"https:\/\/agora.xtec.cat\/escolagaudisabadell\/wp-json\/wp\/v2\/posts\/2910","targetHints":{"allow":["GET"]}}],"collection":[{"href":"https:\/\/agora.xtec.cat\/escolagaudisabadell\/wp-json\/wp\/v2\/posts"}],"about":[{"href":"https:\/\/agora.xtec.cat\/escolagaudisabadell\/wp-json\/wp\/v2\/types\/post"}],"author":[{"embeddable":true,"href":"https:\/\/agora.xtec.cat\/escolagaudisabadell\/wp-json\/wp\/v2\/users\/1"}],"replies":[{"embeddable":true,"href":"https:\/\/agora.xtec.cat\/escolagaudisabadell\/wp-json\/wp\/v2\/comments?post=2910"}],"version-history":[{"count":2,"href":"https:\/\/agora.xtec.cat\/escolagaudisabadell\/wp-json\/wp\/v2\/posts\/2910\/revisions"}],"predecessor-version":[{"id":3125,"href":"https:\/\/agora.xtec.cat\/escolagaudisabadell\/wp-json\/wp\/v2\/posts\/2910\/revisions\/3125"}],"wp:featuredmedia":[{"embeddable":true,"href":"https:\/\/agora.xtec.cat\/escolagaudisabadell\/wp-json\/wp\/v2\/media\/2911"}],"wp:attachment":[{"href":"https:\/\/agora.xtec.cat\/escolagaudisabadell\/wp-json\/wp\/v2\/media?parent=2910"}],"wp:term":[{"taxonomy":"category","embeddable":true,"href":"https:\/\/agora.xtec.cat\/escolagaudisabadell\/wp-json\/wp\/v2\/categories?post=2910"},{"taxonomy":"post_tag","embeddable":true,"href":"https:\/\/agora.xtec.cat\/escolagaudisabadell\/wp-json\/wp\/v2\/tags?post=2910"}],"curies":[{"name":"wp","href":"https:\/\/api.w.org\/{rel}","templated":true}]}}