{"id":2878,"date":"2021-04-27T08:46:35","date_gmt":"2021-04-27T06:46:35","guid":{"rendered":"http:\/\/agora.xtec.cat\/escolagaudisabadell\/?p=2878"},"modified":"2021-09-07T14:51:06","modified_gmt":"2021-09-07T12:51:06","slug":"beques-material-llibres-i-menjador-2021-2022","status":"publish","type":"post","link":"https:\/\/agora.xtec.cat\/escolagaudisabadell\/general\/beques-material-llibres-i-menjador-2021-2022\/","title":{"rendered":"BEQUES MENJADOR, MATERIAL I LLIBRES 2021 2022 Del 26\/04 al 28\/05 2021"},"content":{"rendered":"<p><img loading=\"lazy\" decoding=\"async\" class=\"alignnone size-full wp-image-2892 aligncenter\" src=\"https:\/\/agora.xtec.cat\/escolagaudisabadell\/wp-content\/uploads\/usu1563\/2021\/04\/foto.png\" alt=\"\" width=\"759\" height=\"359\" srcset=\"https:\/\/agora.xtec.cat\/escolagaudisabadell\/wp-content\/uploads\/usu1563\/2021\/04\/foto.png 759w, https:\/\/agora.xtec.cat\/escolagaudisabadell\/wp-content\/uploads\/usu1563\/2021\/04\/foto-300x142.png 300w\" sizes=\"auto, (max-width: 759px) 100vw, 759px\" \/><\/p>\n<p>&nbsp;<\/p>\n<h2 style=\"text-align: center;\">Enlla\u00e7 informatiu: <a href=\"https:\/\/agora.xtec.cat\/escolagaudisabadell\/wp-content\/uploads\/usu1563\/2021\/04\/BEQUES-2021-2022.pdf\">BEQUES 2021 2022<\/a><\/h2>\n<p>&nbsp;<\/p>\n<p><a href=\"https:\/\/www.canva.com\/design\/DAD9e1oAaIQ\/share\/preview?token=fNXhpRSsDmCakLJVX7gWOw&amp;role=EDITOR&amp;utm_content=DAD9e1oAaIQ&amp;utm_campaign=designshare&amp;utm_medium=link&amp;utm_source=sharebutton\" target=\"_blank\" rel=\"noopener noreferrer\"><img loading=\"lazy\" decoding=\"async\" class=\"alignnone size-full wp-image-2879 aligncenter\" src=\"https:\/\/agora.xtec.cat\/escolagaudisabadell\/wp-content\/uploads\/usu1563\/2021\/04\/fotonoticia.png\" alt=\"\" width=\"593\" height=\"458\" srcset=\"https:\/\/agora.xtec.cat\/escolagaudisabadell\/wp-content\/uploads\/usu1563\/2021\/04\/fotonoticia.png 593w, https:\/\/agora.xtec.cat\/escolagaudisabadell\/wp-content\/uploads\/usu1563\/2021\/04\/fotonoticia-300x232.png 300w\" sizes=\"auto, (max-width: 593px) 100vw, 593px\" \/><\/a><\/p>\n<p><strong>INFORMACI\u00d3 DIVERSA:<\/strong><\/p>\n<table width=\"0\">\n<tbody>\n<tr>\n<td width=\"261\"><strong>Vies possibles per presentar les sol\u00b7licituds:<\/strong><\/p>\n<ol>\n<li><strong>Via telem\u00e0tica<\/strong><\/li>\n<li><strong>Via presencial<\/strong><\/li>\n<\/ol>\n<\/td>\n<td width=\"353\">\n<ol>\n<li><strong>Via telem\u00e0tica<\/strong>: cal seguir els seg\u00fcents passos:<\/li>\n<\/ol>\n<p>Obtenir l\u2019idCAT M\u00f2bil (S\u2019adjunta manual) o registrar-se amb altres certificats digitals.<\/p>\n<p>Omplir el formulari web disponible <em>a: <a href=\"http:\/\/web.sabadell.cat\/\" data-saferedirecturl=\"https:\/\/www.google.com\/url?q=http:\/\/web.sabadell.cat\/&amp;source=gmail&amp;ust=1619510686430000&amp;usg=AFQjCNHRv-Ha_NiTli1AkZq3NO_DVWuXyA\">http:\/\/web.sabadell.cat\/<\/a><\/em><\/p>\n<p>Cal tenir en compte que qui ja ha estat receptor de beques en anteriors edicions, podr\u00e0 visualitzar totes les dades i nom\u00e9s caldr\u00e0 modificar les que han canviat.<\/p>\n<p>Fotografiar o escanejar la documentaci\u00f3 general i \/o espec\u00edfica que cal adjuntar (en els casos en qu\u00e8 sigui necessari).<\/p>\n<p>Un cop emplenat el formulari, cal revisar les dades i pr\u00e9mer el bot\u00f3 tramitar o actualitzar beca. Autom\u00e0ticament, les dades s\u2019enviaran i s\u2019obtindr\u00e0 un document digital de resguard que caldr\u00e0 que la fam\u00edlia conservi.<\/p>\n<p>&nbsp;<\/p>\n<p><strong>2. Via presencial<\/strong>: nom\u00e9s quan la via telem\u00e0tica no sigui possible. Passos a seguir:<\/p>\n<p>Demanar cita pr\u00e8via al web <a href=\"https:\/\/citaprevia.sabadell.cat\/QSIGE\/apps\/citaprevia\/index.html#!\/home\" data-saferedirecturl=\"https:\/\/www.google.com\/url?q=https:\/\/citaprevia.sabadell.cat\/QSIGE\/apps\/citaprevia\/index.html%23!\/home&amp;source=gmail&amp;ust=1619510686430000&amp;usg=AFQjCNH5a6G1i4ROW9aQgQZwSUhm3C7_sg\">citaprevia.sabadell.cat <\/a>o per tel\u00e8fon al 010 (<a href=\"https:\/\/vimeo.com\/325206860\" data-saferedirecturl=\"https:\/\/www.google.com\/url?q=https:\/\/vimeo.com\/325206860&amp;source=gmail&amp;ust=1619510686430000&amp;usg=AFQjCNHicA6QeeG1JG3IpiWc2A4zNZkRWw\">Tutorial cita pr\u00e8via<\/a>)<\/p>\n<p>La fam\u00edlia haur\u00e0 de portar fotoc\u00f2pia de tota la documentaci\u00f3 prevista a les bases de les convocat\u00f2ries, a excepci\u00f3 que l\u2019hagin aportat en convocat\u00f2ries anteriors, i sempre que no s\u2019hagin produ\u00eft canvis a la unitat familiar (veure la documentaci\u00f3 a la <a href=\"https:\/\/seu.sabadell.cat\/opensiac\/action\/tramitesinfo?method=enter&amp;id=457\" data-saferedirecturl=\"https:\/\/www.google.com\/url?q=https:\/\/seu.sabadell.cat\/opensiac\/action\/tramitesinfo?method%3Denter%26id%3D457&amp;source=gmail&amp;ust=1619510686430000&amp;usg=AFQjCNEQjOTSQtRlllAMKcy0Uy6omiblgQ\">fitxa informativa del tr\u00e0mit<\/a>).<\/td>\n<\/tr>\n<\/tbody>\n<\/table>\n<table width=\"0\">\n<tbody>\n<tr>\n<td width=\"261\"><strong>Documentaci\u00f3<\/strong><\/td>\n<td width=\"353\">La documentaci\u00f3 comuna ser\u00e0 v\u00e0lida per a les dues convocat\u00f2ries, i caldr\u00e0 aportar la documentaci\u00f3 espec\u00edfica per a les beques menjador. En el cas que se sol\u00b7licitin els dos ajuts s\u2019haur\u00e0 de presentar la documentaci\u00f3 una \u00fanica vegada. Per a consultar-lar: <a href=\"https:\/\/seu.sabadell.cat\/opensiac\/action\/tramitesinfo?method=enter&amp;id=457\" data-saferedirecturl=\"https:\/\/www.google.com\/url?q=https:\/\/seu.sabadell.cat\/opensiac\/action\/tramitesinfo?method%3Denter%26id%3D457&amp;source=gmail&amp;ust=1619510686430000&amp;usg=AFQjCNEQjOTSQtRlllAMKcy0Uy6omiblgQ\">fitxa informativa del tr\u00e0mit<\/a><\/td>\n<\/tr>\n<tr>\n<td width=\"261\"><\/td>\n<td width=\"353\"><\/td>\n<\/tr>\n<tr>\n<td width=\"261\"><strong>Punts d\u2019informaci\u00f3 <\/strong><\/td>\n<td width=\"353\">-010 (<strong>informaci\u00f3 general<\/strong>)<\/p>\n<p>-Al tel\u00e8fon: 93 745 40 51 (de 8.00 a 15.00h) (<strong>ajuda per fer el tr\u00e0mit)<\/strong><\/p>\n<p>&#8211; <a href=\"https:\/\/seu.sabadell.cat\/opensiac\/action\/tramitesinfo?method=enter&amp;id=457\" data-saferedirecturl=\"https:\/\/www.google.com\/url?q=https:\/\/seu.sabadell.cat\/opensiac\/action\/tramitesinfo?method%3Denter%26id%3D457&amp;source=gmail&amp;ust=1619510686430000&amp;usg=AFQjCNEQjOTSQtRlllAMKcy0Uy6omiblgQ\">Web<\/a> on trobar la fitxa informativa de les dues ajudes<\/td>\n<\/tr>\n<\/tbody>\n<\/table>\n<p>Pel que fa al <strong>proc\u00e9s de resoluci\u00f3<\/strong> es far\u00e0 de la mateixa manera que el curs passat, cada sol\u00b7licitud d\u2019ajut o de beca iniciar\u00e0 un tr\u00e0mit municipal que podr\u00e0 ser consultat per les fam\u00edlies a trav\u00e9s de:<\/p>\n<p>&#8211; El lloc web:<a href=\"https:\/\/seua.sabadell.cat\/seuelectronica\/p\/detallSubv_cat.asp?Subtipus=SS&amp;cod=2021CVSS00003&amp;NomXML=Subvencions2021.xml\" data-saferedirecturl=\"https:\/\/www.google.com\/url?q=https:\/\/seua.sabadell.cat\/seuelectronica\/p\/detallSubv_cat.asp?Subtipus%3DSS%26cod%3D2021CVSS00003%26NomXML%3DSubvencions2021.xml&amp;source=gmail&amp;ust=1619510686430000&amp;usg=AFQjCNGDh9sMtFV_-bI4KYylWr39lMI5tw\"> Ajuts de menjador<\/a> i <a href=\"https:\/\/seua.sabadell.cat\/seuelectronica\/p\/detallSubv_cat.asp?Subtipus=ED&amp;cod=2021CVED00004&amp;NomXML=Subvencions2021.xmlhttps:\/\/seua.sabadell.cat\/seuelectronica\/p\/detallSubv_cat.asp?Subtipus=ED&amp;cod=2021CVED00004&amp;NomXML=Subvencions2021.xml\" data-saferedirecturl=\"https:\/\/www.google.com\/url?q=https:\/\/seua.sabadell.cat\/seuelectronica\/p\/detallSubv_cat.asp?Subtipus%3DED%26cod%3D2021CVED00004%26NomXML%3DSubvencions2021.xmlhttps:\/\/seua.sabadell.cat\/seuelectronica\/p\/detallSubv_cat.asp?Subtipus%3DED%26cod%3D2021CVED00004%26NomXML%3DSubvencions2021.xml&amp;source=gmail&amp;ust=1619510686430000&amp;usg=AFQjCNHtVnkGXv5jMyMI8CL2x9ADn0ZHyA\">beques per a l\u2019adquisici\u00f3 de llibres i material escolar<\/a>.<\/p>\n<p>&#8211; Els centres educatius, mitjan\u00e7ant les llistes que aportar\u00e0 l\u2019Ajuntament a principis de setembre<\/p>\n<p>&#8211; Les oficines del Servei d\u2019Atenci\u00f3 Ciutadana, telef\u00f2nicament<\/p>\n","protected":false},"excerpt":{"rendered":"<p>&nbsp;<br \/>\nEnlla\u00e7 informatiu: <a href=\"https:\/\/agora.xtec.cat\/escolagaudisabadell\/wp-content\/uploads\/usu1563\/2021\/04\/BEQUES-2021-2022.pdf\">BEQUES 2021 2022<\/a><br \/>\n&nbsp;<br \/>\n<a href=\"https:\/\/www.canva.com\/design\/DAD9e1oAaIQ\/share\/preview?token=fNXhpRSsDmCakLJVX7gWOw&amp;role=EDITOR&amp;utm_content=DAD9e1oAaIQ&amp;utm_campaign=designshare&amp;utm_medium=link&amp;utm_source=sharebutton\" target=\"_blank\" rel=\"noopener noreferrer\"><\/a><br \/>\nINFORMACI\u00d3 DIVERSA:<\/p>\n<p>Vies possibles per presentar les sol\u00b7licituds:<\/p>\n<ol>\n<li>Via telem\u00e0tica<\/li>\n<li>Via presencial<\/li>\n<\/ol>\n<ol>\n<li>Via telem\u00e0tica: cal seguir els seg\u00fcents passos:<\/li>\n<\/ol>\n<p>Obtenir l\u2019idCAT M\u00f2bil (S\u2019adjunta manual) o registrar-se amb altres certificats digitals.<br \/>\nOmplir el formulari web disponible a: <a href=\"http:\/\/web.sabadell.cat\/\" data-saferedirecturl=\"https:\/\/www.google.com\/url?q=http:\/\/web.sabadell.cat\/&amp;source=gmail&amp;ust=1619510686430000&amp;usg=AFQjCNHRv-Ha_NiTli1AkZq3NO_DVWuXyA\">http:\/\/web.sabadell.cat\/<\/a><br \/>\nCal tenir en compte&hellip;  <a href=\"https:\/\/agora.xtec.cat\/escolagaudisabadell\/general\/beques-material-llibres-i-menjador-2021-2022\/\" title=\"Read BEQUES MENJADOR, MATERIAL I LLIBRES 2021 2022 Del 26\/04 al 28\/05 2021\">Llegeix m\u00e9s\u00bb<\/a><\/p>\n","protected":false},"author":1,"featured_media":2892,"comment_status":"closed","ping_status":"closed","sticky":false,"template":"","format":"standard","meta":{"_bbp_topic_count":0,"_bbp_reply_count":0,"_bbp_total_topic_count":0,"_bbp_total_reply_count":0,"_bbp_voice_count":0,"_bbp_anonymous_reply_count":0,"_bbp_topic_count_hidden":0,"_bbp_reply_count_hidden":0,"_bbp_forum_subforum_count":0,"footnotes":""},"categories":[10,62,63,12,13,64,65,66,67,1,2,3,8,9,4,5],"tags":[],"class_list":["post-2878","post","type-post","status-publish","format-standard","has-post-thumbnail","hentry","category-1r","category-2n-a","category-2n-b","category-3r","category-4t","category-5e-a","category-5e-b","category-6e-b","category-6e-b-primaria","category-general","category-infantil","category-p3","category-p4","category-p5","category-portada","category-primaria"],"post_mailing_queue_ids":[],"_links":{"self":[{"href":"https:\/\/agora.xtec.cat\/escolagaudisabadell\/wp-json\/wp\/v2\/posts\/2878","targetHints":{"allow":["GET"]}}],"collection":[{"href":"https:\/\/agora.xtec.cat\/escolagaudisabadell\/wp-json\/wp\/v2\/posts"}],"about":[{"href":"https:\/\/agora.xtec.cat\/escolagaudisabadell\/wp-json\/wp\/v2\/types\/post"}],"author":[{"embeddable":true,"href":"https:\/\/agora.xtec.cat\/escolagaudisabadell\/wp-json\/wp\/v2\/users\/1"}],"replies":[{"embeddable":true,"href":"https:\/\/agora.xtec.cat\/escolagaudisabadell\/wp-json\/wp\/v2\/comments?post=2878"}],"version-history":[{"count":4,"href":"https:\/\/agora.xtec.cat\/escolagaudisabadell\/wp-json\/wp\/v2\/posts\/2878\/revisions"}],"predecessor-version":[{"id":3565,"href":"https:\/\/agora.xtec.cat\/escolagaudisabadell\/wp-json\/wp\/v2\/posts\/2878\/revisions\/3565"}],"wp:featuredmedia":[{"embeddable":true,"href":"https:\/\/agora.xtec.cat\/escolagaudisabadell\/wp-json\/wp\/v2\/media\/2892"}],"wp:attachment":[{"href":"https:\/\/agora.xtec.cat\/escolagaudisabadell\/wp-json\/wp\/v2\/media?parent=2878"}],"wp:term":[{"taxonomy":"category","embeddable":true,"href":"https:\/\/agora.xtec.cat\/escolagaudisabadell\/wp-json\/wp\/v2\/categories?post=2878"},{"taxonomy":"post_tag","embeddable":true,"href":"https:\/\/agora.xtec.cat\/escolagaudisabadell\/wp-json\/wp\/v2\/tags?post=2878"}],"curies":[{"name":"wp","href":"https:\/\/api.w.org\/{rel}","templated":true}]}}