{"id":2526,"date":"2021-03-03T12:32:03","date_gmt":"2021-03-03T11:32:03","guid":{"rendered":"http:\/\/agora.xtec.cat\/escolagaudisabadell\/?p=2526"},"modified":"2021-06-07T13:05:20","modified_gmt":"2021-06-07T11:05:20","slug":"portes-obertes-curs-2021-2022","status":"publish","type":"post","link":"https:\/\/agora.xtec.cat\/escolagaudisabadell\/general\/portes-obertes-curs-2021-2022\/","title":{"rendered":"PORTES OBERTES CURS 2021-2022"},"content":{"rendered":"<p><a href=\"https:\/\/photos.app.goo.gl\/PfVA7hoXWccwyxyD7\" target=\"_blank\" rel=\"noopener noreferrer\"><img loading=\"lazy\" decoding=\"async\" class=\"wp-image-2459 alignright\" src=\"https:\/\/agora.xtec.cat\/escolagaudisabadell\/wp-content\/uploads\/usu1563\/2021\/02\/videogaudi.png\" alt=\"\" width=\"422\" height=\"357\" srcset=\"https:\/\/agora.xtec.cat\/escolagaudisabadell\/wp-content\/uploads\/usu1563\/2021\/02\/videogaudi.png 355w, https:\/\/agora.xtec.cat\/escolagaudisabadell\/wp-content\/uploads\/usu1563\/2021\/02\/videogaudi-300x254.png 300w\" sizes=\"auto, (max-width: 422px) 100vw, 422px\" \/><\/a><\/p>\n<p><img loading=\"lazy\" decoding=\"async\" class=\"size-full wp-image-2511 alignnone\" src=\"https:\/\/agora.xtec.cat\/escolagaudisabadell\/wp-content\/uploads\/usu1563\/2021\/03\/portes-obertes.png\" alt=\"\" width=\"501\" height=\"385\" srcset=\"https:\/\/agora.xtec.cat\/escolagaudisabadell\/wp-content\/uploads\/usu1563\/2021\/03\/portes-obertes.png 501w, https:\/\/agora.xtec.cat\/escolagaudisabadell\/wp-content\/uploads\/usu1563\/2021\/03\/portes-obertes-300x231.png 300w\" sizes=\"auto, (max-width: 501px) 100vw, 501px\" \/><\/p>\n<p>Aqu\u00ed teniu aquest <a href=\"https:\/\/photos.app.goo.gl\/Um8MEMykrM4Hs2Nr5\" target=\"_blank\" rel=\"noopener noreferrer\"><strong>V\u00cdDEO <\/strong><\/a>perqu\u00e8 pugueu con\u00e8ixer una mica m\u00e9s la nostra escola. Esperem que us sigui d\u2019ajuda per decidir si voleu formar part de la nostra Comunitat Educativa.<\/p>\n<p>Aquest curs a causa de la situaci\u00f3 actual de pand\u00e8mia, l\u2019escola far\u00e0 nom\u00e9s petites visites guiades amb grup redu\u00eft.<\/p>\n<p style=\"text-align: left;\">\n","protected":false},"excerpt":{"rendered":"<p><a href=\"https:\/\/photos.app.goo.gl\/PfVA7hoXWccwyxyD7\" target=\"_blank\" rel=\"noopener noreferrer\"><\/a><\/p>\n<p>Aqu\u00ed teniu aquest <a href=\"https:\/\/photos.app.goo.gl\/Um8MEMykrM4Hs2Nr5\" target=\"_blank\" rel=\"noopener noreferrer\">V\u00cdDEO <\/a>perqu\u00e8 pugueu con\u00e8ixer una mica m\u00e9s la nostra escola. Esperem que us sigui d\u2019ajuda per decidir si voleu formar part de la nostra Comunitat Educativa.<br \/>\nAquest curs a causa de la situaci\u00f3 actual de&hellip;  <a href=\"https:\/\/agora.xtec.cat\/escolagaudisabadell\/general\/portes-obertes-curs-2021-2022\/\" title=\"Read PORTES OBERTES CURS 2021-2022\">Llegeix m\u00e9s\u00bb<\/a><\/p>\n","protected":false},"author":1,"featured_media":2459,"comment_status":"closed","ping_status":"closed","sticky":false,"template":"","format":"standard","meta":{"_bbp_topic_count":0,"_bbp_reply_count":0,"_bbp_total_topic_count":0,"_bbp_total_reply_count":0,"_bbp_voice_count":0,"_bbp_anonymous_reply_count":0,"_bbp_topic_count_hidden":0,"_bbp_reply_count_hidden":0,"_bbp_forum_subforum_count":0,"footnotes":""},"categories":[1,4],"tags":[],"class_list":["post-2526","post","type-post","status-publish","format-standard","has-post-thumbnail","hentry","category-general","category-portada"],"post_mailing_queue_ids":[],"_links":{"self":[{"href":"https:\/\/agora.xtec.cat\/escolagaudisabadell\/wp-json\/wp\/v2\/posts\/2526","targetHints":{"allow":["GET"]}}],"collection":[{"href":"https:\/\/agora.xtec.cat\/escolagaudisabadell\/wp-json\/wp\/v2\/posts"}],"about":[{"href":"https:\/\/agora.xtec.cat\/escolagaudisabadell\/wp-json\/wp\/v2\/types\/post"}],"author":[{"embeddable":true,"href":"https:\/\/agora.xtec.cat\/escolagaudisabadell\/wp-json\/wp\/v2\/users\/1"}],"replies":[{"embeddable":true,"href":"https:\/\/agora.xtec.cat\/escolagaudisabadell\/wp-json\/wp\/v2\/comments?post=2526"}],"version-history":[{"count":3,"href":"https:\/\/agora.xtec.cat\/escolagaudisabadell\/wp-json\/wp\/v2\/posts\/2526\/revisions"}],"predecessor-version":[{"id":3184,"href":"https:\/\/agora.xtec.cat\/escolagaudisabadell\/wp-json\/wp\/v2\/posts\/2526\/revisions\/3184"}],"wp:featuredmedia":[{"embeddable":true,"href":"https:\/\/agora.xtec.cat\/escolagaudisabadell\/wp-json\/wp\/v2\/media\/2459"}],"wp:attachment":[{"href":"https:\/\/agora.xtec.cat\/escolagaudisabadell\/wp-json\/wp\/v2\/media?parent=2526"}],"wp:term":[{"taxonomy":"category","embeddable":true,"href":"https:\/\/agora.xtec.cat\/escolagaudisabadell\/wp-json\/wp\/v2\/categories?post=2526"},{"taxonomy":"post_tag","embeddable":true,"href":"https:\/\/agora.xtec.cat\/escolagaudisabadell\/wp-json\/wp\/v2\/tags?post=2526"}],"curies":[{"name":"wp","href":"https:\/\/api.w.org\/{rel}","templated":true}]}}