{"id":2472,"date":"2021-02-24T21:37:20","date_gmt":"2021-02-24T20:37:20","guid":{"rendered":"http:\/\/agora.xtec.cat\/escolagaudisabadell\/?p=2472"},"modified":"2021-03-01T18:03:09","modified_gmt":"2021-03-01T17:03:09","slug":"nova-web-de-linstitut-adscrit-a-lescola-gaudi","status":"publish","type":"post","link":"https:\/\/agora.xtec.cat\/escolagaudisabadell\/portada\/nova-web-de-linstitut-adscrit-a-lescola-gaudi\/","title":{"rendered":"NOVA WEB DE L&#8217;INSTITUT ADSCRIT A L&#8217;ESCOLA GAUD\u00cd"},"content":{"rendered":"<p>Com moltes fam\u00edlies ja sabeu, l&#8217;institut adscrit a la nostra escola \u00e9s l&#8217;Agust\u00ed Serra i Fontanet. Adscrit significa, que els alumnes de 6\u00e8, en acabar la Prim\u00e0ria, tenen prefer\u00e8ncia per accedir a aquest institut, per davant de altres alumnes que no pertanyen a una escola adscrita.<\/p>\n<p style=\"text-align: center;\"><img loading=\"lazy\" decoding=\"async\" class=\"alignnone size-full wp-image-2474\" src=\"https:\/\/agora.xtec.cat\/escolagaudisabadell\/wp-content\/uploads\/usu1563\/2021\/02\/logoASF.png\" alt=\"\" width=\"284\" height=\"236\" \/><\/p>\n<p>L&#8217;Institut Agust\u00ed Serra i Fontanet, estrena <a href=\"https:\/\/agora.xtec.cat\/iesagustiserra\/\" target=\"_blank\" rel=\"noopener noreferrer\">NOU WEB<\/a> i ens prega us fem arribar l&#8217;enlla\u00e7, per tal que els\/les nens\/es de 6\u00e8 i les seves fam\u00edlies, pugueu accedir i consultar tota la informaci\u00f3 disponible, sobre tot, aquella referent a les PORTES OBERTES i la la PREINSCRIPCI\u00d3.<\/p>\n<p style=\"text-align: center;\"><a href=\"https:\/\/agora.xtec.cat\/iesagustiserra\/\" target=\"_blank\" rel=\"noopener noreferrer\"><img loading=\"lazy\" decoding=\"async\" class=\"alignnone size-full wp-image-2473\" src=\"https:\/\/agora.xtec.cat\/escolagaudisabadell\/wp-content\/uploads\/usu1563\/2021\/02\/caratulaweb.png\" alt=\"\" width=\"401\" height=\"187\" srcset=\"https:\/\/agora.xtec.cat\/escolagaudisabadell\/wp-content\/uploads\/usu1563\/2021\/02\/caratulaweb.png 401w, https:\/\/agora.xtec.cat\/escolagaudisabadell\/wp-content\/uploads\/usu1563\/2021\/02\/caratulaweb-300x140.png 300w\" sizes=\"auto, (max-width: 401px) 100vw, 401px\" \/><\/a><\/p>\n<p>&nbsp;<\/p>\n","protected":false},"excerpt":{"rendered":"<p>Com moltes fam\u00edlies ja sabeu, l&#8217;institut adscrit a la nostra escola \u00e9s l&#8217;Agust\u00ed Serra i Fontanet. Adscrit significa, que els alumnes de 6\u00e8, en acabar la Prim\u00e0ria, tenen prefer\u00e8ncia per accedir a aquest institut, per davant de altres alumnes que no pertanyen a una escola&hellip;  <a href=\"https:\/\/agora.xtec.cat\/escolagaudisabadell\/portada\/nova-web-de-linstitut-adscrit-a-lescola-gaudi\/\" title=\"Read NOVA WEB DE L&#8217;INSTITUT ADSCRIT A L&#8217;ESCOLA GAUD\u00cd\">Llegeix m\u00e9s\u00bb<\/a><\/p>\n","protected":false},"author":1,"featured_media":2473,"comment_status":"open","ping_status":"closed","sticky":false,"template":"","format":"standard","meta":{"_bbp_topic_count":0,"_bbp_reply_count":0,"_bbp_total_topic_count":0,"_bbp_total_reply_count":0,"_bbp_voice_count":0,"_bbp_anonymous_reply_count":0,"_bbp_topic_count_hidden":0,"_bbp_reply_count_hidden":0,"_bbp_forum_subforum_count":0,"footnotes":""},"categories":[66,67,4],"tags":[],"class_list":["post-2472","post","type-post","status-publish","format-standard","has-post-thumbnail","hentry","category-6e-b","category-6e-b-primaria","category-portada"],"post_mailing_queue_ids":[],"_links":{"self":[{"href":"https:\/\/agora.xtec.cat\/escolagaudisabadell\/wp-json\/wp\/v2\/posts\/2472","targetHints":{"allow":["GET"]}}],"collection":[{"href":"https:\/\/agora.xtec.cat\/escolagaudisabadell\/wp-json\/wp\/v2\/posts"}],"about":[{"href":"https:\/\/agora.xtec.cat\/escolagaudisabadell\/wp-json\/wp\/v2\/types\/post"}],"author":[{"embeddable":true,"href":"https:\/\/agora.xtec.cat\/escolagaudisabadell\/wp-json\/wp\/v2\/users\/1"}],"replies":[{"embeddable":true,"href":"https:\/\/agora.xtec.cat\/escolagaudisabadell\/wp-json\/wp\/v2\/comments?post=2472"}],"version-history":[{"count":2,"href":"https:\/\/agora.xtec.cat\/escolagaudisabadell\/wp-json\/wp\/v2\/posts\/2472\/revisions"}],"predecessor-version":[{"id":2476,"href":"https:\/\/agora.xtec.cat\/escolagaudisabadell\/wp-json\/wp\/v2\/posts\/2472\/revisions\/2476"}],"wp:featuredmedia":[{"embeddable":true,"href":"https:\/\/agora.xtec.cat\/escolagaudisabadell\/wp-json\/wp\/v2\/media\/2473"}],"wp:attachment":[{"href":"https:\/\/agora.xtec.cat\/escolagaudisabadell\/wp-json\/wp\/v2\/media?parent=2472"}],"wp:term":[{"taxonomy":"category","embeddable":true,"href":"https:\/\/agora.xtec.cat\/escolagaudisabadell\/wp-json\/wp\/v2\/categories?post=2472"},{"taxonomy":"post_tag","embeddable":true,"href":"https:\/\/agora.xtec.cat\/escolagaudisabadell\/wp-json\/wp\/v2\/tags?post=2472"}],"curies":[{"name":"wp","href":"https:\/\/api.w.org\/{rel}","templated":true}]}}