{"id":2369,"date":"2021-06-07T12:12:09","date_gmt":"2021-06-07T10:12:09","guid":{"rendered":"http:\/\/agora.xtec.cat\/escolagaudisabadell\/?p=2369"},"modified":"2021-10-14T14:34:19","modified_gmt":"2021-10-14T12:34:19","slug":"portes-obertes-2021-2022","status":"publish","type":"post","link":"https:\/\/agora.xtec.cat\/escolagaudisabadell\/general\/portes-obertes-2021-2022\/","title":{"rendered":"PREINSCRIPCI\u00d3 2021-2022"},"content":{"rendered":"<p><strong>LLISTES D&#8217;ADMESOS, ALTRES I INFORMACI\u00d3:<\/strong><\/p>\n<p>A continuaci\u00f3 podeu consultar les diferents llistes que ha publicat avui el Departament d&#8217;Educaci\u00f3:<\/p>\n<ul>\n<li><a href=\"https:\/\/agora.xtec.cat\/escolagaudisabadell\/wp-content\/uploads\/usu1563\/2021\/06\/2021-06-07-PLACES_ASSIGNADES.pdf\" target=\"_blank\" rel=\"noopener noreferrer\">2021 06 07 PLACES_ASSIGNADES<\/a><\/li>\n<li><a href=\"https:\/\/agora.xtec.cat\/escolagaudisabadell\/wp-content\/uploads\/usu1563\/2021\/06\/2021-06-07PREINSCRITES_I_CENTRE_ASSIGNAT_OME.pdf\" target=\"_blank\" rel=\"noopener noreferrer\">2021 06 07 PLACES_PREINSCRITES_I_CENTRE_ASSIGNAT_OME<\/a><\/li>\n<li><a href=\"https:\/\/agora.xtec.cat\/escolagaudisabadell\/wp-content\/uploads\/usu1563\/2021\/06\/2021-06-07-LLISTA_ESPERA_OME.pdf\" target=\"_blank\" rel=\"noopener noreferrer\">2021 06 07 PLACES_LLISTA_ESPERA_OME<\/a><\/li>\n<\/ul>\n<p><strong>INFORMACI\u00d3 FAM\u00cdLIES:<\/strong><\/p>\n<ul>\n<li><span style=\"font-family: inherit; font-size: 1em;\">En breu, ens posarem en contacte amb les fam\u00edlies amb nens i nenes admesos al nostre centre, ja sigui per tel\u00e8fon o per correu electr\u00f2nic amb tota la informaci\u00f3 necess\u00e0ria i la petici\u00f3 dels documents, per tal de formalitzar la matr\u00edcula.<\/span><strong><br \/>\n<\/strong><\/li>\n<li>Si en consultar les llistes, sou admesos i no heu rebut la nostra trucada o el nostre correu\u00a0 despr\u00e9s del 14 de juny, preguem truqueu a l&#8217;escola per tal d&#8217;iniciar els tr\u00e0mits de matr\u00edcula.<\/li>\n<li>Les fam\u00edlies dels nens i nenes que han estat assignats a altres centres, han de posar-se en contacte amb el centre en q\u00fcesti\u00f3 per tal d&#8217;informar-se dels passos a seguir. En cas que no esteu d&#8217;acord amb el centre assignat podeu presentar RECLAMACIONS els dies 9 a 11 de juny. Podeu consultar com fer les reclamacions a l&#8217;enlla\u00e7: <a href=\"https:\/\/agora.xtec.cat\/ceip-enric-casassas\/wp-content\/uploads\/usu432\/2021\/06\/Preins_Proces-Reclamacions-2021-22-1.pdf\" target=\"_blank\" rel=\"noopener noreferrer\">Preins_Proces-Reclamacions-2021-22<\/a><\/li>\n<\/ul>\n<p>&nbsp;<\/p>\n<p><strong>LLISTES PREINSCRIPCI\u00d3:<\/strong><\/p>\n<ul>\n<li>OFERTA DEFINITIVA: <a href=\"https:\/\/agora.xtec.cat\/escolagaudisabadell\/wp-content\/uploads\/usu1563\/2021\/05\/GA-4-juny-OFERTA-PLACES-21-22.pdf\" target=\"_blank\" rel=\"noopener noreferrer\">GAUD\u00cd 4 juny OFERTA PLACES 21-22<\/a><\/li>\n<li>LLISTES AMB BAREM DEFINITIU: <a href=\"https:\/\/agora.xtec.cat\/escolagaudisabadell\/wp-content\/uploads\/usu1563\/2021\/05\/INFORME_BAREM_DEFINITIU_BAREM-Escola-Gaud\u00ed.pdf\">INFORME_BAREM_DEFINITIU_BAREM Escola Gaud\u00ed<\/a><\/li>\n<li>LLISTES BAREM RESOLTES LES RECLAMACIONS: <a href=\"https:\/\/agora.xtec.cat\/escolagaudisabadell\/wp-content\/uploads\/usu1563\/2021\/04\/INFORME_BAREM_RESOLTES_BAREM_Escola-Gaud\u00ed.pdf\">INFORME_BAREM_RESOLTES_BAREM_Escola Gaud\u00ed<\/a><\/li>\n<li>LLISTES PROVISIONALS DE BAREM (puntuaci\u00f3): <a href=\"https:\/\/agora.xtec.cat\/escolagaudisabadell\/wp-content\/uploads\/usu1563\/2021\/03\/INFORME_BAREM_PROVISIONAL_ESCOLA-GAUD\u00cd.pdf\">INFORME_BAREM_PROVISIONAL_ESCOLA GAUD\u00cd<\/a>00<\/li>\n<\/ul>\n<p style=\"text-align: left;\">Us facilitem l&#8217;acc\u00e9s al Departament d&#8217;Educaci\u00f3 amb tota la informaci\u00f3 necess\u00e0ria:<\/p>\n<p style=\"text-align: center;\"><a href=\"https:\/\/preinscripcio.gencat.cat\/ca\/inici\/\" target=\"_blank\" rel=\"noopener noreferrer\"><img loading=\"lazy\" decoding=\"async\" class=\"alignnone size-full wp-image-2515\" src=\"https:\/\/agora.xtec.cat\/escolagaudisabadell\/wp-content\/uploads\/usu1563\/2021\/03\/2021-2022.jpg\" alt=\"\" width=\"571\" height=\"279\" srcset=\"https:\/\/agora.xtec.cat\/escolagaudisabadell\/wp-content\/uploads\/usu1563\/2021\/03\/2021-2022.jpg 571w, https:\/\/agora.xtec.cat\/escolagaudisabadell\/wp-content\/uploads\/usu1563\/2021\/03\/2021-2022-300x147.jpg 300w\" sizes=\"auto, (max-width: 571px) 100vw, 571px\" \/><\/a><\/p>\n<p>I podeu consultar la GUIA DE PREINSCRIPCI\u00d3 I MATR\u00cdCULA EN L\u00cdNIA:<\/p>\n<p style=\"text-align: center;\"><a href=\"https:\/\/preinscripcio.gencat.cat\/web\/.content\/ajuda\/guia-preinscripcio.pdf\" target=\"_blank\" rel=\"noopener noreferrer\"><img loading=\"lazy\" decoding=\"async\" class=\"alignnone size-full wp-image-2517\" src=\"https:\/\/agora.xtec.cat\/escolagaudisabadell\/wp-content\/uploads\/usu1563\/2021\/03\/Foto-Guia-preinscripci\u00f3-i-matr\u00edcula-en-l\u00ednia.jpg\" alt=\"\" width=\"262\" height=\"146\" \/><\/a><\/p>\n<p>A continuaci\u00f3 teniu el CALENDARI de preinscripci\u00f3:<\/p>\n<p><img loading=\"lazy\" decoding=\"async\" class=\"alignnone size-large wp-image-2509\" style=\"text-align: center;\" src=\"https:\/\/agora.xtec.cat\/escolagaudisabadell\/wp-content\/uploads\/usu1563\/2021\/02\/CALENDARI-PREINSCRIPCI\u00d3-I-MATR\u00cdCULA-2021-2022-1024x503.png\" alt=\"\" width=\"1024\" height=\"503\" srcset=\"https:\/\/agora.xtec.cat\/escolagaudisabadell\/wp-content\/uploads\/usu1563\/2021\/02\/CALENDARI-PREINSCRIPCI\u00d3-I-MATR\u00cdCULA-2021-2022-1024x503.png 1024w, https:\/\/agora.xtec.cat\/escolagaudisabadell\/wp-content\/uploads\/usu1563\/2021\/02\/CALENDARI-PREINSCRIPCI\u00d3-I-MATR\u00cdCULA-2021-2022-300x147.png 300w, https:\/\/agora.xtec.cat\/escolagaudisabadell\/wp-content\/uploads\/usu1563\/2021\/02\/CALENDARI-PREINSCRIPCI\u00d3-I-MATR\u00cdCULA-2021-2022-768x377.png 768w, https:\/\/agora.xtec.cat\/escolagaudisabadell\/wp-content\/uploads\/usu1563\/2021\/02\/CALENDARI-PREINSCRIPCI\u00d3-I-MATR\u00cdCULA-2021-2022.png 1046w\" sizes=\"auto, (max-width: 1024px) 100vw, 1024px\" \/><\/p>\n<p style=\"text-align: center;\"><a href=\"https:\/\/photos.app.goo.gl\/PfVA7hoXWccwyxyD7\" target=\"_blank\" rel=\"noopener noreferrer\"><img loading=\"lazy\" decoding=\"async\" class=\"alignnone wp-image-2459\" src=\"https:\/\/agora.xtec.cat\/escolagaudisabadell\/wp-content\/uploads\/usu1563\/2021\/02\/videogaudi.png\" alt=\"\" width=\"422\" height=\"357\" srcset=\"https:\/\/agora.xtec.cat\/escolagaudisabadell\/wp-content\/uploads\/usu1563\/2021\/02\/videogaudi.png 355w, https:\/\/agora.xtec.cat\/escolagaudisabadell\/wp-content\/uploads\/usu1563\/2021\/02\/videogaudi-300x254.png 300w\" sizes=\"auto, (max-width: 422px) 100vw, 422px\" \/><\/a><\/p>\n<p>&nbsp;<\/p>\n<p>Aqu\u00ed teniu aquest <a href=\"https:\/\/photos.app.goo.gl\/Um8MEMykrM4Hs2Nr5\" target=\"_blank\" rel=\"noopener noreferrer\"><strong>V\u00cdDEO <\/strong><\/a>perqu\u00e8 pugueu con\u00e8ixer una mica m\u00e9s la nostra escola. Esperem que us sigui d\u2019ajuda per decidir si voleu formar part de la nostra Comunitat Educativa.<\/p>\n<p>Si li feu clic al seg\u00fcent enlla\u00e7, podeu descarregar aquest document amb la <a href=\"https:\/\/agora.xtec.cat\/escolagaudisabadell\/wp-content\/uploads\/usu1563\/2021\/02\/Informaci\u00f3-de-Preinscripci\u00f3-i-Matr\u00edcula-ONLINE.pdf\">Informaci\u00f3 de Preinscripci\u00f3 i Matr\u00edcula<\/a>.<\/p>\n<p>&nbsp;<\/p>\n<p>&nbsp;<\/p>\n<p>&nbsp;<\/p>\n<p>&nbsp;<\/p>\n<p>&nbsp;<\/p>\n<p>&nbsp;<\/p>\n<p>&nbsp;<\/p>\n<p>&nbsp;<\/p>\n<p>&nbsp;<\/p>\n<p>&nbsp;<\/p>\n<p>&nbsp;<\/p>\n<p>&nbsp;<\/p>\n<p>&nbsp;<\/p>\n<p>&nbsp;<\/p>\n<p>&nbsp;<\/p>\n<p>&nbsp;<\/p>\n<p>&nbsp;<\/p>\n<p>&nbsp;<\/p>\n","protected":false},"excerpt":{"rendered":"<p>LLISTES D&#8217;ADMESOS, ALTRES I INFORMACI\u00d3:<br \/>\nA continuaci\u00f3 podeu consultar les diferents llistes que ha publicat avui el Departament d&#8217;Educaci\u00f3:<\/p>\n<ul>\n<li><a href=\"https:\/\/agora.xtec.cat\/escolagaudisabadell\/wp-content\/uploads\/usu1563\/2021\/06\/2021-06-07-PLACES_ASSIGNADES.pdf\" target=\"_blank\" rel=\"noopener noreferrer\">2021 06 07 PLACES_ASSIGNADES<\/a><\/li>\n<li><a href=\"https:\/\/agora.xtec.cat\/escolagaudisabadell\/wp-content\/uploads\/usu1563\/2021\/06\/2021-06-07PREINSCRITES_I_CENTRE_ASSIGNAT_OME.pdf\" target=\"_blank\" rel=\"noopener noreferrer\">2021 06 07 PLACES_PREINSCRITES_I_CENTRE_ASSIGNAT_OME<\/a><\/li>\n<li><a href=\"https:\/\/agora.xtec.cat\/escolagaudisabadell\/wp-content\/uploads\/usu1563\/2021\/06\/2021-06-07-LLISTA_ESPERA_OME.pdf\" target=\"_blank\" rel=\"noopener noreferrer\">2021 06 07 PLACES_LLISTA_ESPERA_OME<\/a><\/li>\n<\/ul>\n<p>INFORMACI\u00d3 FAM\u00cdLIES:<\/p>\n<ul>\n<li>En breu, ens posarem en contacte&hellip;  <a href=\"https:\/\/agora.xtec.cat\/escolagaudisabadell\/general\/portes-obertes-2021-2022\/\" title=\"Read PREINSCRIPCI\u00d3 2021-2022\">Llegeix m\u00e9s\u00bb<\/a><br \/>\n","protected":false},"author":1,"featured_media":2515,"comment_status":"closed","ping_status":"closed","sticky":false,"template":"","format":"standard","meta":{"_bbp_topic_count":0,"_bbp_reply_count":0,"_bbp_total_topic_count":0,"_bbp_total_reply_count":0,"_bbp_voice_count":0,"_bbp_anonymous_reply_count":0,"_bbp_topic_count_hidden":0,"_bbp_reply_count_hidden":0,"_bbp_forum_subforum_count":0,"footnotes":""},"categories":[1,4],"tags":[],"class_list":["post-2369","post","type-post","status-publish","format-standard","has-post-thumbnail","hentry","category-general","category-portada"],"post_mailing_queue_ids":[],"_links":{"self":[{"href":"https:\/\/agora.xtec.cat\/escolagaudisabadell\/wp-json\/wp\/v2\/posts\/2369","targetHints":{"allow":["GET"]}}],"collection":[{"href":"https:\/\/agora.xtec.cat\/escolagaudisabadell\/wp-json\/wp\/v2\/posts"}],"about":[{"href":"https:\/\/agora.xtec.cat\/escolagaudisabadell\/wp-json\/wp\/v2\/types\/post"}],"author":[{"embeddable":true,"href":"https:\/\/agora.xtec.cat\/escolagaudisabadell\/wp-json\/wp\/v2\/users\/1"}],"replies":[{"embeddable":true,"href":"https:\/\/agora.xtec.cat\/escolagaudisabadell\/wp-json\/wp\/v2\/comments?post=2369"}],"version-history":[{"count":4,"href":"https:\/\/agora.xtec.cat\/escolagaudisabadell\/wp-json\/wp\/v2\/posts\/2369\/revisions"}],"predecessor-version":[{"id":3774,"href":"https:\/\/agora.xtec.cat\/escolagaudisabadell\/wp-json\/wp\/v2\/posts\/2369\/revisions\/3774"}],"wp:featuredmedia":[{"embeddable":true,"href":"https:\/\/agora.xtec.cat\/escolagaudisabadell\/wp-json\/wp\/v2\/media\/2515"}],"wp:attachment":[{"href":"https:\/\/agora.xtec.cat\/escolagaudisabadell\/wp-json\/wp\/v2\/media?parent=2369"}],"wp:term":[{"taxonomy":"category","embeddable":true,"href":"https:\/\/agora.xtec.cat\/escolagaudisabadell\/wp-json\/wp\/v2\/categories?post=2369"},{"taxonomy":"post_tag","embeddable":true,"href":"https:\/\/agora.xtec.cat\/escolagaudisabadell\/wp-json\/wp\/v2\/tags?post=2369"}],"curies":[{"name":"wp","href":"https:\/\/api.w.org\/{rel}","templated":true}]}}