{"id":1800,"date":"2020-10-22T13:51:34","date_gmt":"2020-10-22T11:51:34","guid":{"rendered":"http:\/\/agora.xtec.cat\/escolagaudisabadell\/?p=1800"},"modified":"2020-10-22T13:51:34","modified_gmt":"2020-10-22T11:51:34","slug":"festa-tardor-bbva","status":"publish","type":"post","link":"https:\/\/agora.xtec.cat\/escolagaudisabadell\/general\/festa-tardor-bbva\/","title":{"rendered":"FESTA TARDOR BBVA"},"content":{"rendered":"<p><img loading=\"lazy\" decoding=\"async\" class=\"size-full wp-image-1801 aligncenter\" src=\"https:\/\/agora.xtec.cat\/escolagaudisabadell\/wp-content\/uploads\/usu1563\/2020\/10\/Festa-tardor-2020-BBVA.jpg\" alt=\"\" width=\"729\" height=\"78\" srcset=\"https:\/\/agora.xtec.cat\/escolagaudisabadell\/wp-content\/uploads\/usu1563\/2020\/10\/Festa-tardor-2020-BBVA.jpg 729w, https:\/\/agora.xtec.cat\/escolagaudisabadell\/wp-content\/uploads\/usu1563\/2020\/10\/Festa-tardor-2020-BBVA-300x32.jpg 300w\" sizes=\"auto, (max-width: 729px) 100vw, 729px\" \/><\/p>\n<p><img loading=\"lazy\" decoding=\"async\" class=\"size-full wp-image-1803 alignnone\" src=\"https:\/\/agora.xtec.cat\/escolagaudisabadell\/wp-content\/uploads\/usu1563\/2020\/10\/Festa-tardor-2020-BBVA-INFO.jpg\" alt=\"\" width=\"208\" height=\"117\" \/><a href=\"https:\/\/www.fundaciosabadell.cat\/espai-natura\/festa-bbva-de-la-tardor\/\" target=\"_blank\" rel=\"noopener noreferrer\"><img loading=\"lazy\" decoding=\"async\" class=\"wp-image-1802 alignright\" src=\"https:\/\/agora.xtec.cat\/escolagaudisabadell\/wp-content\/uploads\/usu1563\/2020\/10\/festaBBVAtardor20.jpg\" alt=\"\" width=\"376\" height=\"222\" srcset=\"https:\/\/agora.xtec.cat\/escolagaudisabadell\/wp-content\/uploads\/usu1563\/2020\/10\/festaBBVAtardor20.jpg 599w, https:\/\/agora.xtec.cat\/escolagaudisabadell\/wp-content\/uploads\/usu1563\/2020\/10\/festaBBVAtardor20-300x177.jpg 300w\" sizes=\"auto, (max-width: 376px) 100vw, 376px\" \/><\/a><\/p>\n<p><a href=\"https:\/\/agora.xtec.cat\/escolagaudisabadell\/wp-content\/uploads\/usu1563\/2020\/10\/Programa-Festa-Tardor-2020-BBVA.pdf\" target=\"_blank\" rel=\"noopener noreferrer\">Programa-Festa-Tardor-2020 BBVA<\/a><\/p>\n<p>&nbsp;<\/p>\n<h5>Benvinguts un any m\u00e9s a la Festa BBVA de Tardor a l&#8217;Espai Natura Fundaci\u00f3 1859 Caixa Sabadell!<\/h5>\n<p>Aquest any tan ins\u00f2lit, per\u00f2, compartirem amb vosaltres <strong>una festa<\/strong> un p\u00e8l <strong>diferent<\/strong>: <strong>enlloc que vingueu a<\/strong> la masia de <strong>Can Deu,<\/strong> nosaltres <strong>us la portem a casa vostra<\/strong>.<\/p>\n<h5><em><a href=\"https:\/\/www.youtube.com\/channel\/UCk_hS9SvoAfPL7hZBlIVkiA?view_as=subscriber\" target=\"_blank\" rel=\"noopener noreferrer\">CONNECTEU-VOS A LA FESTA AL NOSTRE CANAL DE YOUTUBE<\/a><\/em><\/h5>\n","protected":false},"excerpt":{"rendered":"<p><a href=\"https:\/\/www.fundaciosabadell.cat\/espai-natura\/festa-bbva-de-la-tardor\/\" target=\"_blank\" rel=\"noopener noreferrer\"><\/a><br \/>\n<a href=\"https:\/\/agora.xtec.cat\/escolagaudisabadell\/wp-content\/uploads\/usu1563\/2020\/10\/Programa-Festa-Tardor-2020-BBVA.pdf\" target=\"_blank\" rel=\"noopener noreferrer\">Programa-Festa-Tardor-2020 BBVA<\/a><br \/>\n&nbsp;<br \/>\nBenvinguts un any m\u00e9s a la Festa BBVA de Tardor a l&#8217;Espai Natura Fundaci\u00f3 1859 Caixa Sabadell!<br \/>\nAquest any tan ins\u00f2lit, per\u00f2, compartirem amb vosaltres una festa un p\u00e8l diferent: enlloc que vingueu a la masia de&hellip;  <a href=\"https:\/\/agora.xtec.cat\/escolagaudisabadell\/general\/festa-tardor-bbva\/\" title=\"Read FESTA TARDOR BBVA\">Llegeix m\u00e9s\u00bb<\/a><\/p>\n","protected":false},"author":1,"featured_media":1802,"comment_status":"closed","ping_status":"closed","sticky":false,"template":"","format":"standard","meta":{"_bbp_topic_count":0,"_bbp_reply_count":0,"_bbp_total_topic_count":0,"_bbp_total_reply_count":0,"_bbp_voice_count":0,"_bbp_anonymous_reply_count":0,"_bbp_topic_count_hidden":0,"_bbp_reply_count_hidden":0,"_bbp_forum_subforum_count":0,"footnotes":""},"categories":[1,4],"tags":[],"class_list":["post-1800","post","type-post","status-publish","format-standard","has-post-thumbnail","hentry","category-general","category-portada"],"post_mailing_queue_ids":[],"_links":{"self":[{"href":"https:\/\/agora.xtec.cat\/escolagaudisabadell\/wp-json\/wp\/v2\/posts\/1800","targetHints":{"allow":["GET"]}}],"collection":[{"href":"https:\/\/agora.xtec.cat\/escolagaudisabadell\/wp-json\/wp\/v2\/posts"}],"about":[{"href":"https:\/\/agora.xtec.cat\/escolagaudisabadell\/wp-json\/wp\/v2\/types\/post"}],"author":[{"embeddable":true,"href":"https:\/\/agora.xtec.cat\/escolagaudisabadell\/wp-json\/wp\/v2\/users\/1"}],"replies":[{"embeddable":true,"href":"https:\/\/agora.xtec.cat\/escolagaudisabadell\/wp-json\/wp\/v2\/comments?post=1800"}],"version-history":[{"count":2,"href":"https:\/\/agora.xtec.cat\/escolagaudisabadell\/wp-json\/wp\/v2\/posts\/1800\/revisions"}],"predecessor-version":[{"id":1806,"href":"https:\/\/agora.xtec.cat\/escolagaudisabadell\/wp-json\/wp\/v2\/posts\/1800\/revisions\/1806"}],"wp:featuredmedia":[{"embeddable":true,"href":"https:\/\/agora.xtec.cat\/escolagaudisabadell\/wp-json\/wp\/v2\/media\/1802"}],"wp:attachment":[{"href":"https:\/\/agora.xtec.cat\/escolagaudisabadell\/wp-json\/wp\/v2\/media?parent=1800"}],"wp:term":[{"taxonomy":"category","embeddable":true,"href":"https:\/\/agora.xtec.cat\/escolagaudisabadell\/wp-json\/wp\/v2\/categories?post=1800"},{"taxonomy":"post_tag","embeddable":true,"href":"https:\/\/agora.xtec.cat\/escolagaudisabadell\/wp-json\/wp\/v2\/tags?post=1800"}],"curies":[{"name":"wp","href":"https:\/\/api.w.org\/{rel}","templated":true}]}}