{"id":1794,"date":"2020-10-15T15:38:53","date_gmt":"2020-10-15T13:38:53","guid":{"rendered":"http:\/\/agora.xtec.cat\/escolagaudisabadell\/?p=1794"},"modified":"2020-10-15T15:39:59","modified_gmt":"2020-10-15T13:39:59","slug":"beques-material-i-llibres-2020-2021","status":"publish","type":"post","link":"https:\/\/agora.xtec.cat\/escolagaudisabadell\/general\/beques-material-i-llibres-2020-2021\/","title":{"rendered":"BEQUES MATERIAL I LLIBRES 2020-2021"},"content":{"rendered":"<p style=\"text-align: center;\"><img loading=\"lazy\" decoding=\"async\" class=\"alignnone wp-image-1795\" src=\"https:\/\/agora.xtec.cat\/escolagaudisabadell\/wp-content\/uploads\/usu1563\/2020\/10\/foto-material.jpg\" alt=\"\" width=\"226\" height=\"122\" srcset=\"https:\/\/agora.xtec.cat\/escolagaudisabadell\/wp-content\/uploads\/usu1563\/2020\/10\/foto-material.jpg 306w, https:\/\/agora.xtec.cat\/escolagaudisabadell\/wp-content\/uploads\/usu1563\/2020\/10\/foto-material-300x162.jpg 300w\" sizes=\"auto, (max-width: 226px) 100vw, 226px\" \/><\/p>\n<p>Podeu consultar el llistat\u00a0 dels ajuts de material escolar i llibres que d\u00f3na l&#8217;Ajuntament de Sabadell.<\/p>\n<p><a href=\"https:\/\/agora.xtec.cat\/escolagaudisabadell\/wp-content\/uploads\/usu1563\/2020\/10\/Gaudi-llista-an\u00f2nima-Beques-Material-i-Llibres.pdf\">Gaudi llista an\u00f2nima Beques Material i Llibres<\/a><\/p>\n<p>El dia\u00a08\u00a0d\u2019octubre\u00a0es va publicar la resoluci\u00f3 a la Seu Electr\u00f2nica de l\u2019Ajuntament. Es podr\u00e0 consultar pel DNI de la persona sol\u00b7licitant i el n\u00famero de tr\u00e0mit de l\u2019alumne\/a. Les fam\u00edlies que no estiguin d\u2019acord amb la resoluci\u00f3 poden presentar\u00a0<strong>recurs de reposici\u00f3<\/strong>\u00a0a qualsevol dels registres del Servei d\u2019Atenci\u00f3 Ciutadana, en el termini d\u2019un mes comptat des de la publicaci\u00f3 de la resoluci\u00f3.\u00a0<strong>La data l\u00edmit \u00e9s el 7 de novembre<\/strong>\u00a0de 2020.<\/p>\n<p><a href=\"https:\/\/seu.sabadell.cat\/seuelectronica\/p\/detallSubv_cat.asp?Subtipus=ED&amp;cod=2020CVED00001&amp;NomXML=Subvencions2020.xml\" target=\"_blank\" rel=\"noopener noreferrer\" data-saferedirecturl=\"https:\/\/www.google.com\/url?q=https:\/\/seu.sabadell.cat\/seuelectronica\/p\/detallSubv_cat.asp?Subtipus%3DED%26cod%3D2020CVED00001%26NomXML%3DSubvencions2020.xml&amp;source=gmail&amp;ust=1602747061047000&amp;usg=AFQjCNHRw8VaDFRg5qkSLpTm442AfpVChQ\">https:\/\/seu.sabadell.cat\/seuelectronica\/p\/detallSubv_cat.asp?Subtipus=ED&amp;cod=2020CVED00001&amp;NomXML=Subvencions2020.xml<\/a><\/p>\n<p>En aquests moments continua el proc\u00e9s de tramitaci\u00f3 de l\u2019expedient i encara no us podem avan\u00e7ar la data de pagament dels ajuts \u00a0concedits.<\/p>\n<p>Totes les trameses han d\u2019entrar pel registre de l&#8217;Ajuntament:\u00a0<strong>(Signatura electr\u00f2nica i entrada de la documentaci\u00f3 en el registre electr\u00f2nic de l\u2019Ajuntament, mitjan\u00e7ant una\u00a0<\/strong><strong><a href=\"https:\/\/identitats.aoc.cat\/o\/oauth2\/auth?scope=autenticacio_usuari&amp;state=2be317b0-1f7a-4272-82dc-cd0654b695fd&amp;redirect_uri=https:\/\/sal.sabadell.cat\/Identificacio\/respostavalid.do&amp;response_type=code&amp;client_id=tramits.sabadell.cat&amp;approval_prompt=auto&amp;access_type=offline\" target=\"_blank\" rel=\"noopener noreferrer\" data-saferedirecturl=\"https:\/\/www.google.com\/url?q=https:\/\/identitats.aoc.cat\/o\/oauth2\/auth?scope%3Dautenticacio_usuari%26state%3D2be317b0-1f7a-4272-82dc-cd0654b695fd%26redirect_uri%3Dhttps:\/\/sal.sabadell.cat\/Identificacio\/respostavalid.do%26response_type%3Dcode%26client_id%3Dtramits.sabadell.cat%26approval_prompt%3Dauto%26access_type%3Doffline&amp;source=gmail&amp;ust=1602747061047000&amp;usg=AFQjCNGdwklhGmV0pNRFU_IYODvJz0lGvQ\">inst\u00e0ncia<\/a>, adjuntant la documentaci\u00f3, o\u00a0b\u00e9 amb signatura manual i segell, amb registre d\u2019entrada a qualsevol oficina del SAC, demanant\u00a0<a href=\"https:\/\/citaprevia.sabadell.cat\/QSIGE\/apps\/citaprevia\/index.html#!\/home\" target=\"_blank\" rel=\"noopener noreferrer\">cita pr\u00e8via<\/a>).<\/strong><\/p>\n","protected":false},"excerpt":{"rendered":"<p>Podeu consultar el llistat\u00a0 dels ajuts de material escolar i llibres que d\u00f3na l&#8217;Ajuntament de Sabadell.<br \/>\n<a href=\"https:\/\/agora.xtec.cat\/escolagaudisabadell\/wp-content\/uploads\/usu1563\/2020\/10\/Gaudi-llista-an\u00f2nima-Beques-Material-i-Llibres.pdf\">Gaudi llista an\u00f2nima Beques Material i Llibres<\/a><br \/>\nEl dia\u00a08\u00a0d\u2019octubre\u00a0es va publicar la resoluci\u00f3 a la Seu Electr\u00f2nica de l\u2019Ajuntament. Es podr\u00e0 consultar pel DNI de la persona sol\u00b7licitant i el&hellip;  <a href=\"https:\/\/agora.xtec.cat\/escolagaudisabadell\/general\/beques-material-i-llibres-2020-2021\/\" title=\"Read BEQUES MATERIAL I LLIBRES 2020-2021\">Llegeix m\u00e9s\u00bb<\/a><\/p>\n","protected":false},"author":1,"featured_media":1795,"comment_status":"open","ping_status":"closed","sticky":false,"template":"","format":"standard","meta":{"_bbp_topic_count":0,"_bbp_reply_count":0,"_bbp_total_topic_count":0,"_bbp_total_reply_count":0,"_bbp_voice_count":0,"_bbp_anonymous_reply_count":0,"_bbp_topic_count_hidden":0,"_bbp_reply_count_hidden":0,"_bbp_forum_subforum_count":0,"footnotes":""},"categories":[1,4],"tags":[],"class_list":["post-1794","post","type-post","status-publish","format-standard","has-post-thumbnail","hentry","category-general","category-portada"],"post_mailing_queue_ids":[],"_links":{"self":[{"href":"https:\/\/agora.xtec.cat\/escolagaudisabadell\/wp-json\/wp\/v2\/posts\/1794","targetHints":{"allow":["GET"]}}],"collection":[{"href":"https:\/\/agora.xtec.cat\/escolagaudisabadell\/wp-json\/wp\/v2\/posts"}],"about":[{"href":"https:\/\/agora.xtec.cat\/escolagaudisabadell\/wp-json\/wp\/v2\/types\/post"}],"author":[{"embeddable":true,"href":"https:\/\/agora.xtec.cat\/escolagaudisabadell\/wp-json\/wp\/v2\/users\/1"}],"replies":[{"embeddable":true,"href":"https:\/\/agora.xtec.cat\/escolagaudisabadell\/wp-json\/wp\/v2\/comments?post=1794"}],"version-history":[{"count":3,"href":"https:\/\/agora.xtec.cat\/escolagaudisabadell\/wp-json\/wp\/v2\/posts\/1794\/revisions"}],"predecessor-version":[{"id":1961,"href":"https:\/\/agora.xtec.cat\/escolagaudisabadell\/wp-json\/wp\/v2\/posts\/1794\/revisions\/1961"}],"wp:featuredmedia":[{"embeddable":true,"href":"https:\/\/agora.xtec.cat\/escolagaudisabadell\/wp-json\/wp\/v2\/media\/1795"}],"wp:attachment":[{"href":"https:\/\/agora.xtec.cat\/escolagaudisabadell\/wp-json\/wp\/v2\/media?parent=1794"}],"wp:term":[{"taxonomy":"category","embeddable":true,"href":"https:\/\/agora.xtec.cat\/escolagaudisabadell\/wp-json\/wp\/v2\/categories?post=1794"},{"taxonomy":"post_tag","embeddable":true,"href":"https:\/\/agora.xtec.cat\/escolagaudisabadell\/wp-json\/wp\/v2\/tags?post=1794"}],"curies":[{"name":"wp","href":"https:\/\/api.w.org\/{rel}","templated":true}]}}