{"id":1530,"date":"2020-06-09T12:25:18","date_gmt":"2020-06-09T10:25:18","guid":{"rendered":"http:\/\/agora.xtec.cat\/escolagaudisabadell\/?p=1530"},"modified":"2020-06-09T12:29:05","modified_gmt":"2020-06-09T10:29:05","slug":"preinscripcio-i-oferta-de-places-curs-2020-2021-2","status":"publish","type":"post","link":"https:\/\/agora.xtec.cat\/escolagaudisabadell\/general\/preinscripcio-i-oferta-de-places-curs-2020-2021-2\/","title":{"rendered":"PREINSCRIPCI\u00d3 I OFERTA DE PLACES CURS 2020-2021"},"content":{"rendered":"<h4 style=\"text-align: center;\"><img loading=\"lazy\" decoding=\"async\" class=\"alignnone size-full wp-image-1663\" src=\"https:\/\/agora.xtec.cat\/escolagaudisabadell\/wp-content\/uploads\/usu1563\/2020\/05\/preinscripcio20201.jpg\" alt=\"\" width=\"584\" height=\"227\" srcset=\"https:\/\/agora.xtec.cat\/escolagaudisabadell\/wp-content\/uploads\/usu1563\/2020\/05\/preinscripcio20201.jpg 584w, https:\/\/agora.xtec.cat\/escolagaudisabadell\/wp-content\/uploads\/usu1563\/2020\/05\/preinscripcio20201-300x117.jpg 300w\" sizes=\"auto, (max-width: 584px) 100vw, 584px\" \/><\/h4>\n<h4 style=\"text-align: center;\"><strong>LLISTES PREINSCRIPCI\u00d3 AMB BAREM (puntuaci\u00f3) RESOLTES RECLAMACIONS:\u00a0<\/strong><\/h4>\n<h5 style=\"text-align: center;\"><a href=\"https:\/\/agora.xtec.cat\/escolagaudisabadell\/wp-content\/uploads\/usu1563\/2020\/06\/INFORME_BAREM_RESOLTES_BAREM-GD.pdf\">INFORME_BAREM_RESOLTES_BAREM GD<\/a><\/h5>\n<p>IMPORTANT: Totes les fam\u00edlies que han sol\u00b7licitat pla\u00e7a a P3 tenen la pla\u00e7a assegurada al nostre centre.<\/p>\n<p>INFORMACI\u00d3 FAM\u00cdLIES SOBRE ERROR DEL BAREM EN LES LLISTES: <u>la puntuaci\u00f3 atorgada \u00e9s err\u00f2nia i es procedir\u00e0 a fer les esmenes corresponents perqu\u00e8 al llistat definitiu del barem, ja surtin correctament.<\/u><\/p>\n<h5 style=\"text-align: center;\"><\/h5>\n<p style=\"text-align: center;\">______________________________<\/p>\n<h4 style=\"text-align: center;\"><strong>PREINSCRIPCIONS FORA DE TERMINI I CALENDARI<\/strong><\/h4>\n<p>&nbsp;<\/p>\n<ul>\n<li>La presentaci\u00f3 ONLINE, ja \u00e9s inactiva. Tota preinscripci\u00f3 presentada a partir de les 00:00h del 23 de maig ser\u00e0 considerada FORA DE TERMINI, per\u00f2 ser\u00e0 admesa.<\/li>\n<li>CALENDARI FORA DE TERMINI:\n<ul>\n<li>23 de maig al 5 de juny: Sol\u00b7licituds FORA DE TERMINI, i amb documentaci\u00f3 enviada al correu oficial de l&#8217;escola: a8023943@xtec.cat<\/li>\n<li>6 de juny en endavant:\u00a0 \u00a0Sol\u00b7licituds FORA DE TERMINI s&#8217;han de portar directament a l&#8217;OME (Oficina Municipal d&#8217;Escolaritzaci\u00f3)<\/li>\n<\/ul>\n<\/li>\n<\/ul>\n<p style=\"text-align: center;\"><a href=\"https:\/\/agora.xtec.cat\/ceip-enric-casassas\/wp-content\/uploads\/usu432\/2020\/05\/Calendari-preinscr.png\"><img loading=\"lazy\" decoding=\"async\" class=\"alignnone size-full wp-image-12000\" src=\"https:\/\/agora.xtec.cat\/ceip-enric-casassas\/wp-content\/uploads\/usu432\/2020\/05\/Calendari-preinscr.png\" alt=\"\" width=\"660\" height=\"493\" \/><\/a><\/p>\n<ul>\n<li>\n<h3><strong>COM FER LA SOL\u00b7LICITUD FORA DE TERMINI?<\/strong><\/h3>\n<ol>\n<li>Omplir la\u00a0<a href=\"https:\/\/agora.xtec.cat\/ceip-enric-casassas\/wp-content\/uploads\/usu432\/2020\/05\/Sol\u00b7licitut-de-preinscripci\u00f3-formulari-2020-2021.pdf\">Sol\u00b7licitut de preinscripci\u00f3 formulari 2020-2021<\/a><\/li>\n<li>Escanejar o fotografiar els documents detallats a la p\u00e0gina 3 d&#8217;aquest document:<a href=\"https:\/\/agora.xtec.cat\/ceip-enric-casassas\/wp-content\/uploads\/usu432\/2020\/05\/INSTRUCCIONS-PREINSCRIPCI\u00d3-2020-2021-3.pdf\">INSTRUCCIONS PREINSCRIPCI\u00d3 2020 2021<\/a><\/li>\n<li>Enviar tot al correu oficial de l&#8217;escola <strong>a8023943@xtec.cat<\/strong>, posant a l&#8217;assumpte del correu el <strong>nom sencer del\/de la nen\/a<\/strong>:<br \/>\na) Sol\u00b7licitud<br \/>\nb) Documents<\/li>\n<li>En breu rebreu un correu de resposta per part de l&#8217;escola.<\/li>\n<\/ol>\n<p>&nbsp;<\/p>\n<p><strong>INFORMACI\u00d3 FAM\u00cdLIES ESCOLA:<\/strong><\/p>\n<p>ELS NENS I LES NENES QUE JA S\u00d3N ALUMNES DE L&#8217;ESCOLA GAUD\u00cd, <strong>QUEDEN MATRICULATS AUTOM\u00c0TICAMENT<\/strong> PEL PR\u00d2XIM CURS. NO CAL FER RES. GR\u00c0CIES.<\/p>\n<p>&nbsp;<\/p>\n<ul>\n<li>Podeu consultar tots els requisits de la preinscripci\u00f3 al web:<span style=\"font-family: inherit; font-size: 1em;\">\u00a0 \u00a0 \u00a0 \u00a0 \u00a0 <\/span><a style=\"font-family: inherit; font-size: 1em;\" href=\"http:\/\/queestudiar.gencat.cat\/ca\/index.html\" target=\"_blank\" rel=\"noopener noreferrer\"><img loading=\"lazy\" decoding=\"async\" class=\"alignnone size-full wp-image-1516\" src=\"https:\/\/agora.xtec.cat\/escolagaudisabadell\/wp-content\/uploads\/usu1563\/2020\/05\/estudiaracatalunya.png\" alt=\"\" width=\"374\" height=\"61\" srcset=\"https:\/\/agora.xtec.cat\/escolagaudisabadell\/wp-content\/uploads\/usu1563\/2020\/05\/estudiaracatalunya.png 374w, https:\/\/agora.xtec.cat\/escolagaudisabadell\/wp-content\/uploads\/usu1563\/2020\/05\/estudiaracatalunya-300x49.png 300w\" sizes=\"auto, (max-width: 374px) 100vw, 374px\" \/><\/a><\/li>\n<\/ul>\n<\/li>\n<\/ul>\n<h3><b>Dades de contacte de l&#8217;escola:<\/b><\/h3>\n<p style=\"text-align: left;\">@: a8023943<span class=\"\">@xtec.cat<\/span><\/p>\n<p style=\"text-align: left;\"><span style=\"font-family: inherit; font-size: 1em;\">\u03a4el\u00e8fon: 638 571 697 \/ 93 716 48 48<\/span><\/p>\n<h4><strong>LINKS IMPORTANTS:<\/strong><\/h4>\n<p>&nbsp;<\/p>\n<ul>\n<li><a href=\"http:\/\/ensenyament.gencat.cat\/ca\/tramits\/tramits-temes\/identificador-alumne?category=bd1b6d64-ca6f-11e5-8c48-005056924a59\" target=\"_blank\" rel=\"noopener noreferrer\">CONSULTA IDENTIFICADOR DE L\u2019ALUMNE\/A<\/a>\u00a0 Aqu\u00ed podeu buscar l\u2019IDALU o codi identificador de la vostra filla o del vostre fill.<\/li>\n<li>CITA PR\u00c8VIA TEL\u00c8FON 638 571 697 PER SOL\u00b7LICITUD PRESENCIAL<\/li>\n<li><a href=\"https:\/\/agora.xtec.cat\/escolagaudisabadell\/wp-content\/uploads\/usu1563\/2020\/05\/Sol\u00b7licitut-de-preinscripci\u00f3-formulari-2020-2021.pdf\" target=\"_blank\" rel=\"noopener noreferrer\">FORMULARI SOL\u00b7LICITUD PRESENCIAL 2020-2021<\/a>. Aqu\u00ed teniu l&#8217;acc\u00e9s al formulari de preinscripci\u00f3, per l&#8217;excepcional sol\u00b7licitud presencial:<\/li>\n<li>CERCA DE CENTRES PER PROXIMITAT AL DOMICILI FAMILIAR: Enlla\u00e7 d&#8217;acc\u00e9s al web de l&#8217;<a href=\"http:\/\/www.sabadell.cat\/ca\/centres-educatius\/educacio-infantil\/centres-amb-puntuacio-per-proximitat-educacio-infantil-i-primaria\" target=\"_blank\" rel=\"noopener noreferrer\">Ajuntament de Sabadell<\/a><\/li>\n<\/ul>\n<p style=\"text-align: center;\">_______________________________<\/p>\n<h2 style=\"text-align: center;\"><img loading=\"lazy\" decoding=\"async\" class=\"alignnone size-full wp-image-1675\" src=\"https:\/\/agora.xtec.cat\/escolagaudisabadell\/wp-content\/uploads\/usu1563\/2020\/05\/oferta-Gaud\u00ed-20-21-web-2.png\" alt=\"\" width=\"774\" height=\"553\" srcset=\"https:\/\/agora.xtec.cat\/escolagaudisabadell\/wp-content\/uploads\/usu1563\/2020\/05\/oferta-Gaud\u00ed-20-21-web-2.png 774w, https:\/\/agora.xtec.cat\/escolagaudisabadell\/wp-content\/uploads\/usu1563\/2020\/05\/oferta-Gaud\u00ed-20-21-web-2-300x214.png 300w, https:\/\/agora.xtec.cat\/escolagaudisabadell\/wp-content\/uploads\/usu1563\/2020\/05\/oferta-Gaud\u00ed-20-21-web-2-768x549.png 768w\" sizes=\"auto, (max-width: 774px) 100vw, 774px\" \/><\/h2>\n<h3 style=\"text-align: center;\">Mapa oferta escolar: <a href=\"http:\/\/mapaescolar.gencat.cat\/\" target=\"_blank\" rel=\"noopener noreferrer\">http:\/\/mapaescolar.gencat.cat\/<\/a><\/h3>\n","protected":false},"excerpt":{"rendered":"<p>LLISTES PREINSCRIPCI\u00d3 AMB BAREM (puntuaci\u00f3) RESOLTES RECLAMACIONS:\u00a0<br \/>\n<a href=\"https:\/\/agora.xtec.cat\/escolagaudisabadell\/wp-content\/uploads\/usu1563\/2020\/06\/INFORME_BAREM_RESOLTES_BAREM-GD.pdf\">INFORME_BAREM_RESOLTES_BAREM GD<\/a><br \/>\nIMPORTANT: Totes les fam\u00edlies que han sol\u00b7licitat pla\u00e7a a P3 tenen la pla\u00e7a assegurada al nostre centre.<br \/>\nINFORMACI\u00d3 FAM\u00cdLIES SOBRE ERROR DEL BAREM EN LES LLISTES: la puntuaci\u00f3 atorgada \u00e9s err\u00f2nia i es procedir\u00e0 a fer les esmenes&hellip;  <a href=\"https:\/\/agora.xtec.cat\/escolagaudisabadell\/general\/preinscripcio-i-oferta-de-places-curs-2020-2021-2\/\" title=\"Read PREINSCRIPCI\u00d3 I OFERTA DE PLACES CURS 2020-2021\">Llegeix m\u00e9s\u00bb<\/a><\/p>\n","protected":false},"author":1,"featured_media":1663,"comment_status":"closed","ping_status":"closed","sticky":false,"template":"","format":"standard","meta":{"_bbp_topic_count":0,"_bbp_reply_count":0,"_bbp_total_topic_count":0,"_bbp_total_reply_count":0,"_bbp_voice_count":0,"_bbp_anonymous_reply_count":0,"_bbp_topic_count_hidden":0,"_bbp_reply_count_hidden":0,"_bbp_forum_subforum_count":0,"footnotes":""},"categories":[1,4],"tags":[],"class_list":["post-1530","post","type-post","status-publish","format-standard","has-post-thumbnail","hentry","category-general","category-portada"],"post_mailing_queue_ids":[],"_links":{"self":[{"href":"https:\/\/agora.xtec.cat\/escolagaudisabadell\/wp-json\/wp\/v2\/posts\/1530","targetHints":{"allow":["GET"]}}],"collection":[{"href":"https:\/\/agora.xtec.cat\/escolagaudisabadell\/wp-json\/wp\/v2\/posts"}],"about":[{"href":"https:\/\/agora.xtec.cat\/escolagaudisabadell\/wp-json\/wp\/v2\/types\/post"}],"author":[{"embeddable":true,"href":"https:\/\/agora.xtec.cat\/escolagaudisabadell\/wp-json\/wp\/v2\/users\/1"}],"replies":[{"embeddable":true,"href":"https:\/\/agora.xtec.cat\/escolagaudisabadell\/wp-json\/wp\/v2\/comments?post=1530"}],"version-history":[{"count":4,"href":"https:\/\/agora.xtec.cat\/escolagaudisabadell\/wp-json\/wp\/v2\/posts\/1530\/revisions"}],"predecessor-version":[{"id":1697,"href":"https:\/\/agora.xtec.cat\/escolagaudisabadell\/wp-json\/wp\/v2\/posts\/1530\/revisions\/1697"}],"wp:featuredmedia":[{"embeddable":true,"href":"https:\/\/agora.xtec.cat\/escolagaudisabadell\/wp-json\/wp\/v2\/media\/1663"}],"wp:attachment":[{"href":"https:\/\/agora.xtec.cat\/escolagaudisabadell\/wp-json\/wp\/v2\/media?parent=1530"}],"wp:term":[{"taxonomy":"category","embeddable":true,"href":"https:\/\/agora.xtec.cat\/escolagaudisabadell\/wp-json\/wp\/v2\/categories?post=1530"},{"taxonomy":"post_tag","embeddable":true,"href":"https:\/\/agora.xtec.cat\/escolagaudisabadell\/wp-json\/wp\/v2\/tags?post=1530"}],"curies":[{"name":"wp","href":"https:\/\/api.w.org\/{rel}","templated":true}]}}