{"id":1455,"date":"2020-04-24T18:13:01","date_gmt":"2020-04-24T16:13:01","guid":{"rendered":"http:\/\/agora.xtec.cat\/escolagaudisabadell\/?p=1455"},"modified":"2020-04-22T20:03:17","modified_gmt":"2020-04-22T18:03:17","slug":"concurs-de-video-amb-el-tema-contagiaoptimisme","status":"publish","type":"post","link":"https:\/\/agora.xtec.cat\/escolagaudisabadell\/general\/concurs-de-video-amb-el-tema-contagiaoptimisme\/","title":{"rendered":"Concurs de v\u00eddeo amb el tema &#8220;ContagiaOptimisme&#8221;"},"content":{"rendered":"<div><a href=\"https:\/\/www.fcaixescatalanes.cat\/premi\/concurs-contagiaoptimisme\/\" target=\"_blank\" rel=\"noopener noreferrer\"><img loading=\"lazy\" decoding=\"async\" class=\" wp-image-1456 aligncenter\" src=\"https:\/\/agora.xtec.cat\/escolagaudisabadell\/wp-content\/uploads\/usu1563\/2020\/04\/ContagiaOptimisme.png\" alt=\"\" width=\"416\" height=\"423\" srcset=\"https:\/\/agora.xtec.cat\/escolagaudisabadell\/wp-content\/uploads\/usu1563\/2020\/04\/ContagiaOptimisme.png 505w, https:\/\/agora.xtec.cat\/escolagaudisabadell\/wp-content\/uploads\/usu1563\/2020\/04\/ContagiaOptimisme-295x300.png 295w\" sizes=\"auto, (max-width: 416px) 100vw, 416px\" \/><\/a><\/div>\n<div><\/div>\n<div><\/div>\n<div>Un concurs que\u00a0combina cultura, creativitat i a la vegada solidaritat, i amb qu\u00e8\u00a0busquem originalitat, l&#8217;\u00fas de qualsevol llenguatge art\u00edstic, i que els ajudi a\u00a0reflexionar i ser solidaris amb les persones que ara m\u00e9s que mai necessiten\u00a0<b>optimisme.\u00a0\u00a0<\/b><\/div>\n<div><b>\u00a0<\/b><\/div>\n<div><b>#ContagiaOptimisme<\/b>\u00a0est\u00e0 adre\u00e7at a infants i joves de\u00a0<b>6 a 16 anys.<\/b>\u00a0\u00a0Fins el\u00a0<b>4 de maig<\/b>, poden enregistrar i enviar un v\u00eddeo de <b>m\u00e0xim 1 minut<\/b>\u00a0on\u00a0aparegui\u00a0<b>un missatge<\/b>\u00a0(parlat, editat, expressat com ells\u00a0vulguin) que\u00a0<b>contagi\u00ef optimisme o convidi a la reflexi\u00f3.<\/b><\/div>\n<div>\n<p><span style=\"font-family: tahoma, sans-serif;\"><span class=\"gmail_default\">Participar \u00e9s molt f\u00e0cil. E<\/span>ls infants i adolescents hauran d&#8217;adjuntar el v\u00eddeo en format: .mov o .mp4. La participaci\u00f3 \u00e9s individual, al marge del centre educatiu, i com que s\u00f3n menors caldr\u00e0 l&#8217;autoritzaci\u00f3 i les dades dels tutors.\u00a0<\/span><\/p>\n<p><span style=\"font-family: tahoma, sans-serif;\">Es valorar\u00e0 l\u2019originalitat, la innovaci\u00f3 i el missatge reflectit al treball realitzat.<span class=\"gmail_default\">\u00a0T<\/span>amb\u00e9 es valorar\u00e0 la interpretaci\u00f3 art\u00edstica, l&#8217;actuaci\u00f3 musical si n&#8217;hi ha, el gui\u00f3, el muntatge audiovisual i l\u2019escenografia.<span class=\"gmail_default\">\u00a0<\/span><\/span><\/p>\n<p><span style=\"font-family: tahoma, sans-serif;\">D&#8217;entre tots els treballs\u00a0un jurat de professionals seleccionar\u00e0\u00a05 de cada franja d&#8217;estat (de 6 a 9, de 10 a 12 i de 13 a 16).\u00a0Els premis seran propostes culturals: lot de llibres o entrades per a concerts o teatre a prop de les seves resid\u00e8ncies, valorats en 100 euros per a cada premiat o premiada.\u00a0<\/span><\/p>\n<p style=\"text-align: center;\"><img loading=\"lazy\" decoding=\"async\" class=\"alignnone wp-image-1457\" src=\"https:\/\/agora.xtec.cat\/escolagaudisabadell\/wp-content\/uploads\/usu1563\/2020\/04\/ContagiaOptimismepetit.png\" alt=\"\" width=\"263\" height=\"110\" srcset=\"https:\/\/agora.xtec.cat\/escolagaudisabadell\/wp-content\/uploads\/usu1563\/2020\/04\/ContagiaOptimismepetit.png 464w, https:\/\/agora.xtec.cat\/escolagaudisabadell\/wp-content\/uploads\/usu1563\/2020\/04\/ContagiaOptimismepetit-300x125.png 300w\" sizes=\"auto, (max-width: 263px) 100vw, 263px\" \/><\/p>\n<\/div>\n","protected":false},"excerpt":{"rendered":"<p><a href=\"https:\/\/www.fcaixescatalanes.cat\/premi\/concurs-contagiaoptimisme\/\" target=\"_blank\" rel=\"noopener noreferrer\"><\/a><\/p>\n<p>Un concurs que\u00a0combina cultura, creativitat i a la vegada solidaritat, i amb qu\u00e8\u00a0busquem originalitat, l&#8217;\u00fas de qualsevol llenguatge art\u00edstic, i que els ajudi a\u00a0reflexionar i ser solidaris amb les persones que ara m\u00e9s que mai necessiten\u00a0optimisme.\u00a0\u00a0<br \/>\n\u00a0<br \/>\n#ContagiaOptimisme\u00a0est\u00e0 adre\u00e7at a infants i joves&hellip;  <a href=\"https:\/\/agora.xtec.cat\/escolagaudisabadell\/general\/concurs-de-video-amb-el-tema-contagiaoptimisme\/\" title=\"Read Concurs de v\u00eddeo amb el tema &#8220;ContagiaOptimisme&#8221;\">Llegeix m\u00e9s\u00bb<\/a><\/p>\n","protected":false},"author":1,"featured_media":1457,"comment_status":"closed","ping_status":"closed","sticky":false,"template":"","format":"standard","meta":{"_bbp_topic_count":0,"_bbp_reply_count":0,"_bbp_total_topic_count":0,"_bbp_total_reply_count":0,"_bbp_voice_count":0,"_bbp_anonymous_reply_count":0,"_bbp_topic_count_hidden":0,"_bbp_reply_count_hidden":0,"_bbp_forum_subforum_count":0,"footnotes":""},"categories":[1,4],"tags":[],"class_list":["post-1455","post","type-post","status-publish","format-standard","has-post-thumbnail","hentry","category-general","category-portada"],"post_mailing_queue_ids":[],"_links":{"self":[{"href":"https:\/\/agora.xtec.cat\/escolagaudisabadell\/wp-json\/wp\/v2\/posts\/1455","targetHints":{"allow":["GET"]}}],"collection":[{"href":"https:\/\/agora.xtec.cat\/escolagaudisabadell\/wp-json\/wp\/v2\/posts"}],"about":[{"href":"https:\/\/agora.xtec.cat\/escolagaudisabadell\/wp-json\/wp\/v2\/types\/post"}],"author":[{"embeddable":true,"href":"https:\/\/agora.xtec.cat\/escolagaudisabadell\/wp-json\/wp\/v2\/users\/1"}],"replies":[{"embeddable":true,"href":"https:\/\/agora.xtec.cat\/escolagaudisabadell\/wp-json\/wp\/v2\/comments?post=1455"}],"version-history":[{"count":2,"href":"https:\/\/agora.xtec.cat\/escolagaudisabadell\/wp-json\/wp\/v2\/posts\/1455\/revisions"}],"predecessor-version":[{"id":1459,"href":"https:\/\/agora.xtec.cat\/escolagaudisabadell\/wp-json\/wp\/v2\/posts\/1455\/revisions\/1459"}],"wp:featuredmedia":[{"embeddable":true,"href":"https:\/\/agora.xtec.cat\/escolagaudisabadell\/wp-json\/wp\/v2\/media\/1457"}],"wp:attachment":[{"href":"https:\/\/agora.xtec.cat\/escolagaudisabadell\/wp-json\/wp\/v2\/media?parent=1455"}],"wp:term":[{"taxonomy":"category","embeddable":true,"href":"https:\/\/agora.xtec.cat\/escolagaudisabadell\/wp-json\/wp\/v2\/categories?post=1455"},{"taxonomy":"post_tag","embeddable":true,"href":"https:\/\/agora.xtec.cat\/escolagaudisabadell\/wp-json\/wp\/v2\/tags?post=1455"}],"curies":[{"name":"wp","href":"https:\/\/api.w.org\/{rel}","templated":true}]}}