{"id":1386,"date":"2020-04-02T12:00:10","date_gmt":"2020-04-02T10:00:10","guid":{"rendered":"http:\/\/agora.xtec.cat\/escolagaudisabadell\/?p=1386"},"modified":"2020-04-02T12:41:45","modified_gmt":"2020-04-02T10:41:45","slug":"estimades-families-com-porteu-el-confinament","status":"publish","type":"post","link":"https:\/\/agora.xtec.cat\/escolagaudisabadell\/general\/estimades-families-com-porteu-el-confinament\/","title":{"rendered":"Estimades fam\u00edlies, com porteu el confinament?"},"content":{"rendered":"<p style=\"text-align: center;\"><img loading=\"lazy\" decoding=\"async\" class=\"alignnone size-full wp-image-1387\" src=\"https:\/\/agora.xtec.cat\/escolagaudisabadell\/wp-content\/uploads\/usu1563\/2020\/04\/arcsantmartitotanirabe.jpg\" alt=\"\" width=\"512\" height=\"369\" srcset=\"https:\/\/agora.xtec.cat\/escolagaudisabadell\/wp-content\/uploads\/usu1563\/2020\/04\/arcsantmartitotanirabe.jpg 512w, https:\/\/agora.xtec.cat\/escolagaudisabadell\/wp-content\/uploads\/usu1563\/2020\/04\/arcsantmartitotanirabe-300x216.jpg 300w\" sizes=\"auto, (max-width: 512px) 100vw, 512px\" \/><\/p>\n<p>&nbsp;<\/p>\n<p>Des de l&#8217;escola estem preocupats per tots els nens i totes les nenes, aix\u00ed com per totes les fam\u00edlies. Estem buscant la forma de posar-nos en contacte amb vosaltres, per\u00f2 volem comen\u00e7ar per la nostra web, donant-vos molts \u00e0nim i fent-vos arribar tot el nostre afecte i els millors desitjos. Esperem que tots i totes vosaltres i tots els vostres familiars i amics i amigues estigueu b\u00e9.<\/p>\n<p>Passem per moments molt durs i molt tristos, per\u00f2 els que tenim la sort d&#8217;estar b\u00e9 i amb salut a casa, hem d&#8217;aprofitar per fer activitats en fam\u00edlia (qui la tingui al costat) i fer manualitats, exercici f\u00edsic, llegir, estudiar, ballar, escoltar m\u00fasica, cuinar, parlar amb els \u00e9ssers estimats&#8230;<\/p>\n<p>Molts \u00e0nims a tothom i aviat rebreu noves de l&#8217;escola, pot ser per aqu\u00ed o per un altre mitj\u00e0 (Dinantia),&#8230;<\/p>\n<h3>Una gran abra\u00e7ada de part de tot el personal de l&#8217;escola: tutores, mestres especialistes, conserge, administrativa, personal de menjador, personal laboral, AMPA, personal de neteja, monitors\/res i personal extern col\u00b7laborador.<\/h3>\n<h3>Molta, molta, molta for\u00e7a!!<\/h3>\n","protected":false},"excerpt":{"rendered":"<p>&nbsp;<br \/>\nDes de l&#8217;escola estem preocupats per tots els nens i totes les nenes, aix\u00ed com per totes les fam\u00edlies. Estem buscant la forma de posar-nos en contacte amb vosaltres, per\u00f2 volem comen\u00e7ar per la nostra web, donant-vos molts \u00e0nim i fent-vos arribar tot el nostre&hellip;  <a href=\"https:\/\/agora.xtec.cat\/escolagaudisabadell\/general\/estimades-families-com-porteu-el-confinament\/\" title=\"Read Estimades fam\u00edlies, com porteu el confinament?\">Llegeix m\u00e9s\u00bb<\/a><\/p>\n","protected":false},"author":1,"featured_media":1387,"comment_status":"open","ping_status":"closed","sticky":false,"template":"","format":"standard","meta":{"_bbp_topic_count":0,"_bbp_reply_count":0,"_bbp_total_topic_count":0,"_bbp_total_reply_count":0,"_bbp_voice_count":0,"_bbp_anonymous_reply_count":0,"_bbp_topic_count_hidden":0,"_bbp_reply_count_hidden":0,"_bbp_forum_subforum_count":0,"footnotes":""},"categories":[1,4],"tags":[],"class_list":["post-1386","post","type-post","status-publish","format-standard","has-post-thumbnail","hentry","category-general","category-portada"],"post_mailing_queue_ids":[],"_links":{"self":[{"href":"https:\/\/agora.xtec.cat\/escolagaudisabadell\/wp-json\/wp\/v2\/posts\/1386","targetHints":{"allow":["GET"]}}],"collection":[{"href":"https:\/\/agora.xtec.cat\/escolagaudisabadell\/wp-json\/wp\/v2\/posts"}],"about":[{"href":"https:\/\/agora.xtec.cat\/escolagaudisabadell\/wp-json\/wp\/v2\/types\/post"}],"author":[{"embeddable":true,"href":"https:\/\/agora.xtec.cat\/escolagaudisabadell\/wp-json\/wp\/v2\/users\/1"}],"replies":[{"embeddable":true,"href":"https:\/\/agora.xtec.cat\/escolagaudisabadell\/wp-json\/wp\/v2\/comments?post=1386"}],"version-history":[{"count":3,"href":"https:\/\/agora.xtec.cat\/escolagaudisabadell\/wp-json\/wp\/v2\/posts\/1386\/revisions"}],"predecessor-version":[{"id":1401,"href":"https:\/\/agora.xtec.cat\/escolagaudisabadell\/wp-json\/wp\/v2\/posts\/1386\/revisions\/1401"}],"wp:featuredmedia":[{"embeddable":true,"href":"https:\/\/agora.xtec.cat\/escolagaudisabadell\/wp-json\/wp\/v2\/media\/1387"}],"wp:attachment":[{"href":"https:\/\/agora.xtec.cat\/escolagaudisabadell\/wp-json\/wp\/v2\/media?parent=1386"}],"wp:term":[{"taxonomy":"category","embeddable":true,"href":"https:\/\/agora.xtec.cat\/escolagaudisabadell\/wp-json\/wp\/v2\/categories?post=1386"},{"taxonomy":"post_tag","embeddable":true,"href":"https:\/\/agora.xtec.cat\/escolagaudisabadell\/wp-json\/wp\/v2\/tags?post=1386"}],"curies":[{"name":"wp","href":"https:\/\/api.w.org\/{rel}","templated":true}]}}