{"id":13,"date":"2019-06-18T12:45:40","date_gmt":"2019-06-18T10:45:40","guid":{"rendered":"http:\/\/agora.xtec.cat\/escolagaudisabadell\/?p=13"},"modified":"2021-02-16T13:20:30","modified_gmt":"2021-02-16T12:20:30","slug":"noticia","status":"publish","type":"post","link":"https:\/\/agora.xtec.cat\/escolagaudisabadell\/portada\/noticia\/","title":{"rendered":"L&#8217;Escola Gaud\u00ed ja &#8220;gaudeix&#8221; d&#8217;un nou pati"},"content":{"rendered":"<p>Benvolgudes fam\u00edlies,<\/p>\n<p>De nou, MOLT\u00cdSSIMES GR\u00c0CIES a totes les fam\u00edlies, personal i col\u00b7laboradors, que han fet possible l&#8217;embelliment i la millora substancial del pati de l&#8217;ESCOLA GAUD\u00cd.<\/p>\n<p>Estem molt orgullosos de tota la feina feta, de l&#8217;esperit de participaci\u00f3 i sentit d&#8217;equip que s&#8217;ha desenvolupat arrel de la iniciativa de portar a terme aquest projecte, que finalment ha quedat consolidat, en la realitat d&#8217;un pati meravell\u00f3s, m\u00e9s verd i m\u00e9s pedag\u00f2gic pels nostres alumnes.<\/p>\n<p>Podeu veure a Google fotos, amb el seg\u00fcent enlla\u00e7, les imatges del divendres 7 de juny, dia en que es va celebrar la <a href=\"https:\/\/photos.app.goo.gl\/oTEeYC2A4ZbSdwBR9\" target=\"_blank\" rel=\"noopener noreferrer\">&#8220;Plantada de flors i plantes&#8221;<\/a><\/p>\n<p>I tamb\u00e9 podeu veure, les fotos del dissabte 9 de juny, dia en que es van obrir les portes de l&#8217;escola per inaugurar el pati amb una deliciosa <a href=\"https:\/\/photos.app.goo.gl\/mg4BRfpFWxbt5A9k9\" target=\"_blank\" rel=\"noopener noreferrer\">&#8220;Xocolatada&#8221;<\/a><\/p>\n<p>&nbsp;<\/p>\n<p>&#8212;&#8212;&#8212;&#8212;&#8212;&#8212;&#8212;&#8212;&#8212;&#8212;&#8212;&#8212;&#8212;&#8212;&#8212;&#8212;&#8212;&#8212;&#8212;&#8212;&#8212;&#8212;&#8212;&#8212;&#8212;&#8212;&#8212;&#8212;&#8212;&#8212;&#8212;&#8212;&#8212;&#8212;&#8212;&#8212;&#8212;&#8212;&#8212;&#8212;&#8212;&#8212;&#8212;&#8212;&#8212;&#8212;&#8212;&#8212;&#8212;&#8212;&#8212;&#8212;&#8212;&#8212;&#8212;&#8212;&#8212;&#8212;&#8212;&#8212;&#8212;&#8212;&#8212;&#8212;&#8212;&#8212;&#8212;&#8212;&#8212;&#8212;&#8212;&#8212;&#8212;&#8212;&#8212;&#8212;&#8212;&#8212;&#8212;&#8212;&#8212;&#8212;&#8212;&#8212;&#8212;&#8212;&#8212;&#8212;&#8212;&#8212;&#8212;&#8212;-<\/p>\n<p>&nbsp;<\/p>\n<p>&nbsp;<\/p>\n","protected":false},"excerpt":{"rendered":"<p>Benvolgudes fam\u00edlies,<br \/>\nDe nou, MOLT\u00cdSSIMES GR\u00c0CIES a totes les fam\u00edlies, personal i col\u00b7laboradors, que han fet possible l&#8217;embelliment i la millora substancial del pati de l&#8217;ESCOLA GAUD\u00cd.<br \/>\nEstem molt orgullosos de tota la feina feta, de l&#8217;esperit de participaci\u00f3 i sentit d&#8217;equip que s&#8217;ha desenvolupat arrel de&hellip;  <a href=\"https:\/\/agora.xtec.cat\/escolagaudisabadell\/portada\/noticia\/\" title=\"Read L&#8217;Escola Gaud\u00ed ja &#8220;gaudeix&#8221; d&#8217;un nou pati\">Llegeix m\u00e9s\u00bb<\/a><\/p>\n","protected":false},"author":1,"featured_media":0,"comment_status":"closed","ping_status":"closed","sticky":false,"template":"","format":"standard","meta":{"_bbp_topic_count":0,"_bbp_reply_count":0,"_bbp_total_topic_count":0,"_bbp_total_reply_count":0,"_bbp_voice_count":0,"_bbp_anonymous_reply_count":0,"_bbp_topic_count_hidden":0,"_bbp_reply_count_hidden":0,"_bbp_forum_subforum_count":0,"footnotes":""},"categories":[4],"tags":[19],"class_list":["post-13","post","type-post","status-publish","format-standard","hentry","category-portada","tag-audiovisuals"],"post_mailing_queue_ids":[],"_links":{"self":[{"href":"https:\/\/agora.xtec.cat\/escolagaudisabadell\/wp-json\/wp\/v2\/posts\/13","targetHints":{"allow":["GET"]}}],"collection":[{"href":"https:\/\/agora.xtec.cat\/escolagaudisabadell\/wp-json\/wp\/v2\/posts"}],"about":[{"href":"https:\/\/agora.xtec.cat\/escolagaudisabadell\/wp-json\/wp\/v2\/types\/post"}],"author":[{"embeddable":true,"href":"https:\/\/agora.xtec.cat\/escolagaudisabadell\/wp-json\/wp\/v2\/users\/1"}],"replies":[{"embeddable":true,"href":"https:\/\/agora.xtec.cat\/escolagaudisabadell\/wp-json\/wp\/v2\/comments?post=13"}],"version-history":[{"count":3,"href":"https:\/\/agora.xtec.cat\/escolagaudisabadell\/wp-json\/wp\/v2\/posts\/13\/revisions"}],"predecessor-version":[{"id":950,"href":"https:\/\/agora.xtec.cat\/escolagaudisabadell\/wp-json\/wp\/v2\/posts\/13\/revisions\/950"}],"wp:attachment":[{"href":"https:\/\/agora.xtec.cat\/escolagaudisabadell\/wp-json\/wp\/v2\/media?parent=13"}],"wp:term":[{"taxonomy":"category","embeddable":true,"href":"https:\/\/agora.xtec.cat\/escolagaudisabadell\/wp-json\/wp\/v2\/categories?post=13"},{"taxonomy":"post_tag","embeddable":true,"href":"https:\/\/agora.xtec.cat\/escolagaudisabadell\/wp-json\/wp\/v2\/tags?post=13"}],"curies":[{"name":"wp","href":"https:\/\/api.w.org\/{rel}","templated":true}]}}