{"id":120,"date":"2019-02-19T10:45:39","date_gmt":"2019-02-19T09:45:39","guid":{"rendered":"http:\/\/agora.xtec.cat\/escolagaudisabadell\/?p=120"},"modified":"2019-06-06T17:06:17","modified_gmt":"2019-06-06T15:06:17","slug":"noticia-6","status":"publish","type":"post","link":"https:\/\/agora.xtec.cat\/escolagaudisabadell\/general\/noticia-6\/","title":{"rendered":"Tot el personal de l&#8217;Escola Gaud\u00ed us dona la benvinguda!"},"content":{"rendered":"<p>L\u2019escola es defineix com una entitat p\u00fablica, no confessional, pluralista i integradora.<\/p>\n<p>L\u2019objectiu de l\u2019escola es desenvolupar de forma integral els nostres alumnes. Comencem potenciant les seves capacitats tant socioemocionals com intel\u00b7lectuals per arribar a assolir unes compet\u00e8ncies i habilitats que els hi permetin ser persones aut\u00f2nomes, responsables i compromeses amb la societat actual.<\/p>\n<p>Considerem important l\u2019adquisici\u00f3 d\u2019una bona autoestima dels alumnes, per aix\u00f2 es procura ajudar en el seu proc\u00e9s de creixement, procurant un ambient de confian\u00e7a.<img loading=\"lazy\" decoding=\"async\" class=\" wp-image-694 aligncenter\" src=\"https:\/\/agora.xtec.cat\/escolagaudisabadell\/wp-content\/uploads\/usu1563\/2014\/09\/Mural-tots-som-iguals-tots-som-diferents-petit.jpg\" alt=\"\" width=\"401\" height=\"251\" srcset=\"https:\/\/agora.xtec.cat\/escolagaudisabadell\/wp-content\/uploads\/usu1563\/2014\/09\/Mural-tots-som-iguals-tots-som-diferents-petit.jpg 708w, https:\/\/agora.xtec.cat\/escolagaudisabadell\/wp-content\/uploads\/usu1563\/2014\/09\/Mural-tots-som-iguals-tots-som-diferents-petit-300x188.jpg 300w\" sizes=\"auto, (max-width: 401px) 100vw, 401px\" \/><\/p>\n","protected":false},"excerpt":{"rendered":"<p>L\u2019escola es defineix com una entitat p\u00fablica, no confessional, pluralista i integradora.<br \/>\nL\u2019objectiu de l\u2019escola es desenvolupar de forma integral els nostres alumnes. Comencem potenciant les seves capacitats tant socioemocionals com intel\u00b7lectuals per arribar a assolir unes compet\u00e8ncies i habilitats que els hi permetin ser persones&hellip;  <a href=\"https:\/\/agora.xtec.cat\/escolagaudisabadell\/general\/noticia-6\/\" title=\"Read Tot el personal de l&#8217;Escola Gaud\u00ed us dona la benvinguda!\">Llegeix m\u00e9s\u00bb<\/a><\/p>\n","protected":false},"author":1,"featured_media":0,"comment_status":"open","ping_status":"closed","sticky":false,"template":"","format":"standard","meta":{"_bbp_topic_count":0,"_bbp_reply_count":0,"_bbp_total_topic_count":0,"_bbp_total_reply_count":0,"_bbp_voice_count":0,"_bbp_anonymous_reply_count":0,"_bbp_topic_count_hidden":0,"_bbp_reply_count_hidden":0,"_bbp_forum_subforum_count":0,"footnotes":""},"categories":[1,4],"tags":[16],"class_list":["post-120","post","type-post","status-publish","format-standard","hentry","category-general","category-portada","tag-sortides"],"post_mailing_queue_ids":[],"_links":{"self":[{"href":"https:\/\/agora.xtec.cat\/escolagaudisabadell\/wp-json\/wp\/v2\/posts\/120","targetHints":{"allow":["GET"]}}],"collection":[{"href":"https:\/\/agora.xtec.cat\/escolagaudisabadell\/wp-json\/wp\/v2\/posts"}],"about":[{"href":"https:\/\/agora.xtec.cat\/escolagaudisabadell\/wp-json\/wp\/v2\/types\/post"}],"author":[{"embeddable":true,"href":"https:\/\/agora.xtec.cat\/escolagaudisabadell\/wp-json\/wp\/v2\/users\/1"}],"replies":[{"embeddable":true,"href":"https:\/\/agora.xtec.cat\/escolagaudisabadell\/wp-json\/wp\/v2\/comments?post=120"}],"version-history":[{"count":3,"href":"https:\/\/agora.xtec.cat\/escolagaudisabadell\/wp-json\/wp\/v2\/posts\/120\/revisions"}],"predecessor-version":[{"id":520,"href":"https:\/\/agora.xtec.cat\/escolagaudisabadell\/wp-json\/wp\/v2\/posts\/120\/revisions\/520"}],"wp:attachment":[{"href":"https:\/\/agora.xtec.cat\/escolagaudisabadell\/wp-json\/wp\/v2\/media?parent=120"}],"wp:term":[{"taxonomy":"category","embeddable":true,"href":"https:\/\/agora.xtec.cat\/escolagaudisabadell\/wp-json\/wp\/v2\/categories?post=120"},{"taxonomy":"post_tag","embeddable":true,"href":"https:\/\/agora.xtec.cat\/escolagaudisabadell\/wp-json\/wp\/v2\/tags?post=120"}],"curies":[{"name":"wp","href":"https:\/\/api.w.org\/{rel}","templated":true}]}}