{"id":1053,"date":"2019-09-26T09:44:15","date_gmt":"2019-09-26T07:44:15","guid":{"rendered":"http:\/\/agora.xtec.cat\/escolagaudisabadell\/?p=1053"},"modified":"2020-01-22T15:08:21","modified_gmt":"2020-01-22T14:08:21","slug":"campanya-ulleres-gratis-fundacio-alain-afflelou","status":"publish","type":"post","link":"https:\/\/agora.xtec.cat\/escolagaudisabadell\/general\/campanya-ulleres-gratis-fundacio-alain-afflelou\/","title":{"rendered":"Campanya ULLERES GRATIS Fundaci\u00f3 Alain Afflelou"},"content":{"rendered":"<p><img loading=\"lazy\" decoding=\"async\" class=\"alignnone wp-image-1054\" src=\"https:\/\/agora.xtec.cat\/escolagaudisabadell\/wp-content\/uploads\/usu1563\/2019\/09\/2AlainAfflelou2019.png\" alt=\"\" width=\"502\" height=\"236\" \/> <img loading=\"lazy\" decoding=\"async\" class=\"alignnone wp-image-1055\" src=\"https:\/\/agora.xtec.cat\/escolagaudisabadell\/wp-content\/uploads\/usu1563\/2019\/09\/AlainAfflelou2019.png\" alt=\"\" width=\"478\" height=\"234\" srcset=\"https:\/\/agora.xtec.cat\/escolagaudisabadell\/wp-content\/uploads\/usu1563\/2019\/09\/AlainAfflelou2019.png 637w, https:\/\/agora.xtec.cat\/escolagaudisabadell\/wp-content\/uploads\/usu1563\/2019\/09\/AlainAfflelou2019-300x147.png 300w\" sizes=\"auto, (max-width: 478px) 100vw, 478px\" \/><br \/>\nEns hem assabentat que la Fundaci\u00f3 Alain Afflelou ofereix ulleres gratu\u00eftes als nens de 5 a 7 anys.<\/p>\n<p>Aqu\u00ed teniu la web on trobareu tota la informaci\u00f3 de la campanya per si alg\u00fa pot aprofitar aquesta oportunitat:<\/p>\n<p><a class=\"m_-752077776117672902m_2951092799220730236moz-txt-link-freetext\" href=\"https:\/\/www.afflelou.es\/fundacion\/proyectos\/prevencion-del-fracaso-escolar\/\" target=\"_blank\" rel=\"noopener noreferrer\" data-saferedirecturl=\"https:\/\/www.google.com\/url?q=https:\/\/www.afflelou.es\/fundacion\/proyectos\/prevencion-del-fracaso-escolar\/&amp;source=gmail&amp;ust=1569569869109000&amp;usg=AFQjCNFttDgQhW7bJDBrYCSEqNDIenlzbQ\">https:\/\/www.afflelou.es\/<wbr \/>fundacion\/proyectos\/<wbr \/>prevencion-del-fracaso-<wbr \/>escolar\/<\/a><\/p>\n","protected":false},"excerpt":{"rendered":"<p>\nEns hem assabentat que la Fundaci\u00f3 Alain Afflelou ofereix ulleres gratu\u00eftes als nens de 5 a 7 anys.<br \/>\nAqu\u00ed teniu la web on trobareu tota la informaci\u00f3 de la campanya per si alg\u00fa pot aprofitar aquesta oportunitat:<br \/>\n<a class=\"m_-752077776117672902m_2951092799220730236moz-txt-link-freetext\" href=\"https:\/\/www.afflelou.es\/fundacion\/proyectos\/prevencion-del-fracaso-escolar\/\" target=\"_blank\" rel=\"noopener noreferrer\" data-saferedirecturl=\"https:\/\/www.google.com\/url?q=https:\/\/www.afflelou.es\/fundacion\/proyectos\/prevencion-del-fracaso-escolar\/&amp;source=gmail&amp;ust=1569569869109000&amp;usg=AFQjCNFttDgQhW7bJDBrYCSEqNDIenlzbQ\">https:\/\/www.afflelou.es\/fundacion\/proyectos\/prevencion-del-fracaso-escolar\/<\/a><\/p>\n","protected":false},"author":1,"featured_media":1054,"comment_status":"closed","ping_status":"closed","sticky":false,"template":"","format":"standard","meta":{"_bbp_topic_count":0,"_bbp_reply_count":0,"_bbp_total_topic_count":0,"_bbp_total_reply_count":0,"_bbp_voice_count":0,"_bbp_anonymous_reply_count":0,"_bbp_topic_count_hidden":0,"_bbp_reply_count_hidden":0,"_bbp_forum_subforum_count":0,"footnotes":""},"categories":[1,4],"tags":[],"class_list":["post-1053","post","type-post","status-publish","format-standard","has-post-thumbnail","hentry","category-general","category-portada"],"post_mailing_queue_ids":[],"_links":{"self":[{"href":"https:\/\/agora.xtec.cat\/escolagaudisabadell\/wp-json\/wp\/v2\/posts\/1053","targetHints":{"allow":["GET"]}}],"collection":[{"href":"https:\/\/agora.xtec.cat\/escolagaudisabadell\/wp-json\/wp\/v2\/posts"}],"about":[{"href":"https:\/\/agora.xtec.cat\/escolagaudisabadell\/wp-json\/wp\/v2\/types\/post"}],"author":[{"embeddable":true,"href":"https:\/\/agora.xtec.cat\/escolagaudisabadell\/wp-json\/wp\/v2\/users\/1"}],"replies":[{"embeddable":true,"href":"https:\/\/agora.xtec.cat\/escolagaudisabadell\/wp-json\/wp\/v2\/comments?post=1053"}],"version-history":[{"count":2,"href":"https:\/\/agora.xtec.cat\/escolagaudisabadell\/wp-json\/wp\/v2\/posts\/1053\/revisions"}],"predecessor-version":[{"id":1287,"href":"https:\/\/agora.xtec.cat\/escolagaudisabadell\/wp-json\/wp\/v2\/posts\/1053\/revisions\/1287"}],"wp:featuredmedia":[{"embeddable":true,"href":"https:\/\/agora.xtec.cat\/escolagaudisabadell\/wp-json\/wp\/v2\/media\/1054"}],"wp:attachment":[{"href":"https:\/\/agora.xtec.cat\/escolagaudisabadell\/wp-json\/wp\/v2\/media?parent=1053"}],"wp:term":[{"taxonomy":"category","embeddable":true,"href":"https:\/\/agora.xtec.cat\/escolagaudisabadell\/wp-json\/wp\/v2\/categories?post=1053"},{"taxonomy":"post_tag","embeddable":true,"href":"https:\/\/agora.xtec.cat\/escolagaudisabadell\/wp-json\/wp\/v2\/tags?post=1053"}],"curies":[{"name":"wp","href":"https:\/\/api.w.org\/{rel}","templated":true}]}}