{"id":1028,"date":"2019-09-06T15:41:16","date_gmt":"2019-09-06T13:41:16","guid":{"rendered":"http:\/\/agora.xtec.cat\/escolagaudisabadell\/?p=1028"},"modified":"2019-09-06T16:15:52","modified_gmt":"2019-09-06T14:15:52","slug":"benvinguts-un-nou-curs-a-lescola-gaudi","status":"publish","type":"post","link":"https:\/\/agora.xtec.cat\/escolagaudisabadell\/general\/benvinguts-un-nou-curs-a-lescola-gaudi\/","title":{"rendered":"BENVINGUTS UN NOU CURS A L&#8217;ESCOLA GAUD\u00cd"},"content":{"rendered":"<p>Benvolgudes fam\u00edlies,<\/p>\n<p>El 12 de setembre s&#8217;inicia el curs 2019-2020, sempre \u00e9s emocionant comen\u00e7ar un nou projecte, i el nou curs ho \u00e9s.<\/p>\n<p>Us desitgem un molt bon inici de curs, molta alegria i moltes ganes d&#8217;aprendre i de gaudir (mai millor dit!).<\/p>\n<p>Bona entrada de curs!!<\/p>\n<p><a href=\"https:\/\/agora.xtec.cat\/escolagaudisabadell\/wp-content\/uploads\/usu1563\/2019\/09\/somriure-a-lescola.jpg\"><img loading=\"lazy\" decoding=\"async\" class=\"alignnone size-full wp-image-1024\" src=\"https:\/\/agora.xtec.cat\/escolagaudisabadell\/wp-content\/uploads\/usu1563\/2019\/09\/somriure-a-lescola.jpg\" alt=\"\" width=\"920\" height=\"400\" srcset=\"https:\/\/agora.xtec.cat\/escolagaudisabadell\/wp-content\/uploads\/usu1563\/2019\/09\/somriure-a-lescola.jpg 920w, https:\/\/agora.xtec.cat\/escolagaudisabadell\/wp-content\/uploads\/usu1563\/2019\/09\/somriure-a-lescola-300x130.jpg 300w, https:\/\/agora.xtec.cat\/escolagaudisabadell\/wp-content\/uploads\/usu1563\/2019\/09\/somriure-a-lescola-768x334.jpg 768w\" sizes=\"auto, (max-width: 920px) 100vw, 920px\" \/><\/a><\/p>\n","protected":false},"excerpt":{"rendered":"<p>Benvolgudes fam\u00edlies,<br \/>\nEl 12 de setembre s&#8217;inicia el curs 2019-2020, sempre \u00e9s emocionant comen\u00e7ar un nou projecte, i el nou curs ho \u00e9s.<br \/>\nUs desitgem un molt bon inici de curs, molta alegria i moltes ganes d&#8217;aprendre i de gaudir (mai millor dit!).<br \/>\nBona entrada de curs!!<br \/>\n<a href=\"https:\/\/agora.xtec.cat\/escolagaudisabadell\/wp-content\/uploads\/usu1563\/2019\/09\/somriure-a-lescola.jpg\"><\/a><\/p>\n","protected":false},"author":1,"featured_media":0,"comment_status":"open","ping_status":"closed","sticky":false,"template":"","format":"standard","meta":{"_bbp_topic_count":0,"_bbp_reply_count":0,"_bbp_total_topic_count":0,"_bbp_total_reply_count":0,"_bbp_voice_count":0,"_bbp_anonymous_reply_count":0,"_bbp_topic_count_hidden":0,"_bbp_reply_count_hidden":0,"_bbp_forum_subforum_count":0,"footnotes":""},"categories":[1,4],"tags":[],"class_list":["post-1028","post","type-post","status-publish","format-standard","hentry","category-general","category-portada"],"post_mailing_queue_ids":[],"_links":{"self":[{"href":"https:\/\/agora.xtec.cat\/escolagaudisabadell\/wp-json\/wp\/v2\/posts\/1028","targetHints":{"allow":["GET"]}}],"collection":[{"href":"https:\/\/agora.xtec.cat\/escolagaudisabadell\/wp-json\/wp\/v2\/posts"}],"about":[{"href":"https:\/\/agora.xtec.cat\/escolagaudisabadell\/wp-json\/wp\/v2\/types\/post"}],"author":[{"embeddable":true,"href":"https:\/\/agora.xtec.cat\/escolagaudisabadell\/wp-json\/wp\/v2\/users\/1"}],"replies":[{"embeddable":true,"href":"https:\/\/agora.xtec.cat\/escolagaudisabadell\/wp-json\/wp\/v2\/comments?post=1028"}],"version-history":[{"count":2,"href":"https:\/\/agora.xtec.cat\/escolagaudisabadell\/wp-json\/wp\/v2\/posts\/1028\/revisions"}],"predecessor-version":[{"id":1030,"href":"https:\/\/agora.xtec.cat\/escolagaudisabadell\/wp-json\/wp\/v2\/posts\/1028\/revisions\/1030"}],"wp:attachment":[{"href":"https:\/\/agora.xtec.cat\/escolagaudisabadell\/wp-json\/wp\/v2\/media?parent=1028"}],"wp:term":[{"taxonomy":"category","embeddable":true,"href":"https:\/\/agora.xtec.cat\/escolagaudisabadell\/wp-json\/wp\/v2\/categories?post=1028"},{"taxonomy":"post_tag","embeddable":true,"href":"https:\/\/agora.xtec.cat\/escolagaudisabadell\/wp-json\/wp\/v2\/tags?post=1028"}],"curies":[{"name":"wp","href":"https:\/\/api.w.org\/{rel}","templated":true}]}}