{"id":7,"count":13,"description":"&nbsp;\r\n<p style=\"text-align: center;\"><a href=\"http:\/\/agora.xtec.cat\/escolagaudisabadell\/serveis\/activitats-extraescolars\/\" target=\"_blank\" rel=\"noopener\"><img class=\"alignnone wp-image-5432\" src=\"https:\/\/agora.xtec.cat\/escolagaudisabadell\/wp-content\/uploads\/usu1563\/2022\/10\/extrAESCOLARS.png\" alt=\"\" width=\"327\" height=\"158\" \/><\/a><\/p>\r\n\r\n<h1><\/h1>\r\n<h1 style=\"text-align: center;\">AMPA ESCOLA GAUD\u00cd\ud83d\udc69\ud83d\udc68<\/h1>\r\n<p style=\"text-align: center;\"><strong>HORARI D'ATENCI\u00d3 A FAM\u00cdLIES<\/strong><\/p>\r\n<p style=\"text-align: center;\">dilluns: de 9h a 10h\r\ndijous: de 9 a 10h<\/p>\r\n<p style=\"text-align: center;\">a l\u2019oficina de l\u2019AMPA<\/p>\r\n<p style=\"text-align: center;\">Tamb\u00e9 podeu demanar per tel\u00e8fon<\/p>\r\n<p style=\"text-align: center;\"><strong>CITA PR\u00c8VIA\u00a0<\/strong><\/p>\r\n<p style=\"text-align: center;\">M\u00f2bil <strong>673 634 622<\/strong> (de 8 a 20h)<\/p>\r\nBenvolgudes fam\u00edlies:\r\n\r\nL\u2019AMPA us saluda i us d\u00f3na la benvinguda!\r\n\r\nAmb aquest escrit el que pretenem \u00e9s establir un primer contacte amb tots els nous pares i mares que el proper curs us afegireu al grup de fam\u00edlies de l\u2019escola, i donar-vos a con\u00e8ixer la nostra tasca i una mica les nostres idees.\r\n\r\nEn primer lloc, volem que sapigueu que totes les idees originades a l\u2019AMPA, aix\u00ed com les decisions preses, sempre estan aprovades\u00a0i recolzades per l\u2019equip de mestres, per tal d\u2019unificar al m\u00e0xim el sistema educatiu i els valors de l\u2019escola.\r\n\r\nQu\u00e8 \u00e9s i qu\u00e8 fa l'AMPA?\r\n\r\nL\u2019AMPA \u00e9s l\u00b4associaci\u00f3 de mares i pares de l\u00b4escola. Una associaci\u00f3 sense \u00e0nim de lucre que realitza una s\u00e8rie de tasques dintre de l\u00b4escola per col\u00b7laborar en l\u00b4educaci\u00f3 dels nostres fills i filles.\r\n\r\nL\u2019AMPA \u00e9s la forma m\u00e9s efectiva que tenim els pares i mares d\u2019organitzar-nos i de participar a l\u2019escola per tal d\u2019aconseguir, juntament amb els mestres, la millor formaci\u00f3 dels nostres fills i filles. Amb tot, per\u00f2 no ens oblidem de reclamar a l\u2019Administraci\u00f3 l\u2019obligaci\u00f3 que t\u00e9 d\u2019oferir uns serveis de qualitat, i procurem pal\u00b7liar les seves mancances en all\u00f2 que considerem essencial.\r\n\r\nCal dir que hi ha una bona participaci\u00f3 de mares i pares i actualment hi ha molts pares integrats a la junta de l\u2019AMPA, per\u00f2 tamb\u00e9 aprofitem per convidar-vos a participar i treballar a les tasques que realitzem al llarg de tot el curs, ja que els membres de la junta es van renovant i conv\u00e9 la participaci\u00f3 de noves fam\u00edlies.\r\n\r\nAmb l\u2019aportaci\u00f3 econ\u00f2mica de 18 \u20ac per nen-a\/any, l\u2019AMPA col\u00b7labora amb l'escola.\r\n\r\nOrganitza i gestiona les diferents activitats extraescolars.\r\n\r\nTamb\u00e9 col\u00b7labora amb els\/les mestres en aquells projectes que signifiquen una millora per a l\u2019escola i\/o els alumnes. Durant aquest curs treballarem:\r\n\r\nProjecte de reutilitzaci\u00f3 de llibres de text que va iniciar la Generalitat de Catalunya i que ja es desenvolupa a l\u2019escola des de fa uns cursos, amb el prop\u00f2sit de generar un estalvi per a totes les fam\u00edlies.\r\n\r\nCol\u00b7laboren per posar en marxa el Projecte de biblioteca, amb la continu\u00eftat de fer teatre en els diferents nivells educatius.\r\n\r\nL\u2019AMPA col\u00b7labora amb l\u2019escola en les despeses de: festes populars o la festa de fi de curs, en la compra de material audiovisual, inform\u00e0tic o d\u2019altre tipus necessari. I aix\u00f2 sense oblidar que tamb\u00e9 participa al Consell Escolar amb un representant anomenat directament per la Junta i aprovat per l\u2019Assemblea de mares i pares. Actualment tots els representants dels pares i mares en el Consell Escolar s\u00f3n membres de l\u2019AMPA.\r\n\r\nCom podeu veure, les tasques a desenvolupar s\u00f3n \u00e0mplies i de ben segur que encara ho podrien ser m\u00e9s, per aix\u00f2 us volem animar a participar en l\u2019educaci\u00f3 dels vostres fills; si teniu idees noves o voleu ajudar perqu\u00e8 la nostra associaci\u00f3 vagi endavant, us convidem a col\u00b7laborar amb nosaltres.\r\nTamb\u00e9 estem sempre disposats i oberts a aclarir o escoltar qualsevol dubte o queixa que tingueu.\r\n\r\nTasques de l'AMPA:\r\n<ul>\r\n \t<li>Cobrament de les quotes dels associats, com es detalla en full apart i s\u2019adjunten fulls d\u2019inscripci\u00f3.<\/li>\r\n \t<li>Fa el seguiment, junt amb l\u2019escola i l\u2019Ajuntament, del servei de menjador.<\/li>\r\n \t<li>Organitza, segueix i gestiona el cobrament de totes les activitats extraescolars. Actualment s\u2019estan duent a terme vuit de diferents, adre\u00e7ades a tots els cursos i algunes a mares i pares i que, a t\u00edtol orientatiu, podeu consultar en l\u2019horari d\u2019enguany.<\/li>\r\n \t<li>Organitza el casal d\u2019Estiu, adre\u00e7at a tots els alumnes de l\u2019escola.<\/li>\r\n \t<li>Ofereix cada any Loteria de Nadal.<\/li>\r\n \t<li>Realitza la venda de xandalls i samarretes.<\/li>\r\n \t<li>Cada any el benefici de l\u2019AMPA, repercuteix a cobrir les necessitats de l\u2019escola de material educatiu, de llibres, d\u2019esport, festes, etc., a proposta dels mestres del centre, dels propis pares i segons les necessitats del moment que tingui l\u2019escola.<\/li>\r\n \t<li>Demana les oportunes subvencions a l\u2019Ajuntament.<\/li>\r\n \t<li>Ofereix i gestiona el servei de Socialitzaci\u00f3 de Llibres de Text amb el prop\u00f2sit de generar un estalvi per a totes les fam\u00edlies.<\/li>\r\n \t<li>Participa en els Consells Escolars.<\/li>\r\n \t<li>Es proposen Sortides Familiars, que consisteixen en una excursi\u00f3 de tot el dia, un diumenge, amb totes les fam\u00edlies de l\u2019escola.<\/li>\r\n \t<li>S\u2019imparteixen unes xerrades de Formaci\u00f3 de Pares sobre temes diferents cada any, per\u00f2 amb un enfoc com\u00fa, de com \u201cEducar als nostres fills\u201d.<\/li>\r\n \t<li>Es deixa, a disposici\u00f3 de les fam\u00edlies que hi estiguin interessades, un resum de l\u2019\u00faltima Assemblea de l\u2019AMPA o qualsevol altra informaci\u00f3 d\u2019inter\u00e8s.<\/li>\r\n \t<li>A la cartellera de l\u2019escola tamb\u00e9 anireu trobant diferents informacions i convocat\u00f2ries de l\u2019AMPA.<\/li>\r\n \t<li>Gestiona el Servei d'Acollida d'Alumnes Matinal de l'escola.<\/li>\r\n<\/ul>\r\nCal dir que actualment hi ha una bona participaci\u00f3 de mares i pares integrants de la Junta de l\u2019AMPA, i que les reunions es celebren mensualment i estan obertes a tothom, sense necessitat d\u2019estar a la Junta, per\u00f2 tamb\u00e9 aprofitem per convidar-vos a participar en les reunions, doncs els membres de la Junta es van renovant i conv\u00e9 la participaci\u00f3 de noves fam\u00edlies.\r\n\r\nEsperem la vostra col\u00b7laboraci\u00f3.\r\n\r\nLA JUNTA DIRECTIVA DEL AMPA.\r\n\r\nComposici\u00f3 de l'AMPA\r\n\r\nPRESIDENTA\r\n\r\nJanice Elena Ru\u00edz Cardona\r\n\r\nSECRET\u00c0RIA\r\n\r\nVanessa Cort\u00e9s Ortiz\r\n\r\nTRESORERA\r\n\r\nJ\u00e9sica Cervantes Moreno\r\n\r\nVOCALS\r\n\r\nLu\u00eds Carlos Arauz Mariscal, Saray Raya Andr\u00e9s, Khadija Khermaja, Cristina Rodr\u00edguez Cano, Ver\u00f3nica Gracia Bolinches i Gabriel Pacheco Moyano.\r\n\r\nREPRESENTANTS PARES AL CONSELL ESCOLAR\r\n\r\nJuanjo L\u00f3pez Villalva, Vanessa Gilbert Laguna, Sandra S\u00e1nchez Pe\u00f1a, Khadija Khermaja, Fatima Haddan.\r\n\r\nREPRESENTANT\u00a0 DE L'AMPA AL CONSELL ESCOLAR\r\n\r\n\u00c1ngeles Ben\u00edtez S\u00e1nchez\r\n\r\nHorari d'atenci\u00f3 al p\u00fablic de l'AMPA\r\n<p style=\"text-align: center;\"><strong>HORARI D'ATENCI\u00d3 A FAM\u00cdLIES<\/strong><\/p>\r\n<p style=\"text-align: center;\">dilluns: de 9h a 10h\r\ndijous: de 9 a 10h<\/p>\r\n<p style=\"text-align: center;\">a l\u2019oficina de l\u2019AMPA<\/p>\r\n<p style=\"text-align: center;\">Tamb\u00e9 podeu demanar per tel\u00e8fon<\/p>\r\n<p style=\"text-align: center;\"><strong>CITA PR\u00c8VIA\u00a0<\/strong><\/p>\r\n<p style=\"text-align: center;\">M\u00f2bil <strong>673 634 622<\/strong> (de 8 a 20h)<\/p>\r\nEXTRAESCOLARS el seg\u00fcent enlla\u00e7 us porta a la p\u00e0gina amb tota la informaci\u00f3 sobre aquestes activitats que organitza i gestiona l'AMPA\u00a0 de l'Escola Gaud\u00ed:\r\n\r\n<a href=\"http:\/\/agora.xtec.cat\/escolagaudisabadell\/serveis\/activitats-extraescolars\/\" target=\"_blank\" rel=\"noopener noreferrer\">https:\/\/agora.xtec.cat\/escolagaudisabadell\/serveis\/activitats-extraescolars\/<\/a>\r\n\r\n&nbsp;","link":"https:\/\/agora.xtec.cat\/escolagaudisabadell\/categoria\/ampa\/","name":"AMPA","slug":"ampa","taxonomy":"category","parent":0,"meta":[],"_links":{"self":[{"href":"https:\/\/agora.xtec.cat\/escolagaudisabadell\/wp-json\/wp\/v2\/categories\/7","targetHints":{"allow":["GET"]}}],"collection":[{"href":"https:\/\/agora.xtec.cat\/escolagaudisabadell\/wp-json\/wp\/v2\/categories"}],"about":[{"href":"https:\/\/agora.xtec.cat\/escolagaudisabadell\/wp-json\/wp\/v2\/taxonomies\/category"}],"wp:post_type":[{"href":"https:\/\/agora.xtec.cat\/escolagaudisabadell\/wp-json\/wp\/v2\/posts?categories=7"}],"curies":[{"name":"wp","href":"https:\/\/api.w.org\/{rel}","templated":true}]}}