{"id":9886,"date":"2022-03-09T09:19:34","date_gmt":"2022-03-09T08:19:34","guid":{"rendered":"https:\/\/agora.xtec.cat\/escolafrancescfeliu\/?p=9886"},"modified":"2022-03-09T09:19:34","modified_gmt":"2022-03-09T08:19:34","slug":"suport-vital-basic","status":"publish","type":"post","link":"https:\/\/agora.xtec.cat\/escolafrancescfeliu\/general\/suport-vital-basic\/","title":{"rendered":"Suport Vital B\u00e0sic"},"content":{"rendered":"<p>Durant aquesta setmana els alumnes de l&#8217;escola des de 2n fins a 6\u00e8 han apr\u00e9s unes nocions de Suport Vital B\u00e0sic.<br \/>\nDes de saber distingir situacions perilloses, col\u2022locar a la v\u00edctima en posici\u00f3 lateral de seguretat fins a fer una ressucitaci\u00f3 cardiopulmonar.<\/p>\n<p>Recordeu: el n\u00famero de emerg\u00e8ncies \u00e9s el 112!<\/p>\n<p>Tots podem ajudar!<\/p>\n<p><a href=\"https:\/\/agora.xtec.cat\/escolafrancescfeliu\/wp-content\/uploads\/usu213\/2022\/03\/WhatsApp-Image-2022-03-04-at-3.10.37-PM-1.jpeg\"><img loading=\"lazy\" decoding=\"async\" class=\"aligncenter wp-image-9887\" src=\"https:\/\/agora.xtec.cat\/escolafrancescfeliu\/wp-content\/uploads\/usu213\/2022\/03\/WhatsApp-Image-2022-03-04-at-3.10.37-PM-1-300x225.jpeg\" alt=\"\" width=\"355\" height=\"266\" srcset=\"https:\/\/agora.xtec.cat\/escolafrancescfeliu\/wp-content\/uploads\/usu213\/2022\/03\/WhatsApp-Image-2022-03-04-at-3.10.37-PM-1-300x225.jpeg 300w, https:\/\/agora.xtec.cat\/escolafrancescfeliu\/wp-content\/uploads\/usu213\/2022\/03\/WhatsApp-Image-2022-03-04-at-3.10.37-PM-1-1024x768.jpeg 1024w, https:\/\/agora.xtec.cat\/escolafrancescfeliu\/wp-content\/uploads\/usu213\/2022\/03\/WhatsApp-Image-2022-03-04-at-3.10.37-PM-1-768x576.jpeg 768w, https:\/\/agora.xtec.cat\/escolafrancescfeliu\/wp-content\/uploads\/usu213\/2022\/03\/WhatsApp-Image-2022-03-04-at-3.10.37-PM-1-1536x1153.jpeg 1536w, https:\/\/agora.xtec.cat\/escolafrancescfeliu\/wp-content\/uploads\/usu213\/2022\/03\/WhatsApp-Image-2022-03-04-at-3.10.37-PM-1-200x150.jpeg 200w, https:\/\/agora.xtec.cat\/escolafrancescfeliu\/wp-content\/uploads\/usu213\/2022\/03\/WhatsApp-Image-2022-03-04-at-3.10.37-PM-1.jpeg 1599w\" sizes=\"auto, (max-width: 355px) 100vw, 355px\" \/><\/a> <a href=\"https:\/\/agora.xtec.cat\/escolafrancescfeliu\/wp-content\/uploads\/usu213\/2022\/03\/WhatsApp-Image-2022-03-04-at-3.10.37-PM-2.jpeg\"><img loading=\"lazy\" decoding=\"async\" class=\"aligncenter wp-image-9888\" src=\"https:\/\/agora.xtec.cat\/escolafrancescfeliu\/wp-content\/uploads\/usu213\/2022\/03\/WhatsApp-Image-2022-03-04-at-3.10.37-PM-2-1024x768.jpeg\" alt=\"\" width=\"603\" height=\"453\" srcset=\"https:\/\/agora.xtec.cat\/escolafrancescfeliu\/wp-content\/uploads\/usu213\/2022\/03\/WhatsApp-Image-2022-03-04-at-3.10.37-PM-2-1024x768.jpeg 1024w, https:\/\/agora.xtec.cat\/escolafrancescfeliu\/wp-content\/uploads\/usu213\/2022\/03\/WhatsApp-Image-2022-03-04-at-3.10.37-PM-2-300x225.jpeg 300w, https:\/\/agora.xtec.cat\/escolafrancescfeliu\/wp-content\/uploads\/usu213\/2022\/03\/WhatsApp-Image-2022-03-04-at-3.10.37-PM-2-768x576.jpeg 768w, https:\/\/agora.xtec.cat\/escolafrancescfeliu\/wp-content\/uploads\/usu213\/2022\/03\/WhatsApp-Image-2022-03-04-at-3.10.37-PM-2-1536x1153.jpeg 1536w, https:\/\/agora.xtec.cat\/escolafrancescfeliu\/wp-content\/uploads\/usu213\/2022\/03\/WhatsApp-Image-2022-03-04-at-3.10.37-PM-2-200x150.jpeg 200w, https:\/\/agora.xtec.cat\/escolafrancescfeliu\/wp-content\/uploads\/usu213\/2022\/03\/WhatsApp-Image-2022-03-04-at-3.10.37-PM-2.jpeg 1599w\" sizes=\"auto, (max-width: 603px) 100vw, 603px\" \/><\/a> <a href=\"https:\/\/agora.xtec.cat\/escolafrancescfeliu\/wp-content\/uploads\/usu213\/2022\/03\/WhatsApp-Image-2022-03-04-at-3.10.37-PM-3.jpeg\"><img loading=\"lazy\" decoding=\"async\" class=\"aligncenter wp-image-9889\" src=\"https:\/\/agora.xtec.cat\/escolafrancescfeliu\/wp-content\/uploads\/usu213\/2022\/03\/WhatsApp-Image-2022-03-04-at-3.10.37-PM-3-1024x768.jpeg\" alt=\"\" width=\"603\" height=\"453\" srcset=\"https:\/\/agora.xtec.cat\/escolafrancescfeliu\/wp-content\/uploads\/usu213\/2022\/03\/WhatsApp-Image-2022-03-04-at-3.10.37-PM-3-1024x768.jpeg 1024w, https:\/\/agora.xtec.cat\/escolafrancescfeliu\/wp-content\/uploads\/usu213\/2022\/03\/WhatsApp-Image-2022-03-04-at-3.10.37-PM-3-300x225.jpeg 300w, https:\/\/agora.xtec.cat\/escolafrancescfeliu\/wp-content\/uploads\/usu213\/2022\/03\/WhatsApp-Image-2022-03-04-at-3.10.37-PM-3-768x576.jpeg 768w, https:\/\/agora.xtec.cat\/escolafrancescfeliu\/wp-content\/uploads\/usu213\/2022\/03\/WhatsApp-Image-2022-03-04-at-3.10.37-PM-3-1536x1153.jpeg 1536w, https:\/\/agora.xtec.cat\/escolafrancescfeliu\/wp-content\/uploads\/usu213\/2022\/03\/WhatsApp-Image-2022-03-04-at-3.10.37-PM-3-200x150.jpeg 200w, https:\/\/agora.xtec.cat\/escolafrancescfeliu\/wp-content\/uploads\/usu213\/2022\/03\/WhatsApp-Image-2022-03-04-at-3.10.37-PM-3.jpeg 1599w\" sizes=\"auto, (max-width: 603px) 100vw, 603px\" \/><\/a> <a href=\"https:\/\/agora.xtec.cat\/escolafrancescfeliu\/wp-content\/uploads\/usu213\/2022\/03\/WhatsApp-Image-2022-03-04-at-3.10.37-PM-4.jpeg\"><img loading=\"lazy\" decoding=\"async\" class=\"aligncenter wp-image-9890\" src=\"https:\/\/agora.xtec.cat\/escolafrancescfeliu\/wp-content\/uploads\/usu213\/2022\/03\/WhatsApp-Image-2022-03-04-at-3.10.37-PM-4-1024x768.jpeg\" alt=\"\" width=\"607\" height=\"455\" srcset=\"https:\/\/agora.xtec.cat\/escolafrancescfeliu\/wp-content\/uploads\/usu213\/2022\/03\/WhatsApp-Image-2022-03-04-at-3.10.37-PM-4-1024x768.jpeg 1024w, https:\/\/agora.xtec.cat\/escolafrancescfeliu\/wp-content\/uploads\/usu213\/2022\/03\/WhatsApp-Image-2022-03-04-at-3.10.37-PM-4-300x225.jpeg 300w, https:\/\/agora.xtec.cat\/escolafrancescfeliu\/wp-content\/uploads\/usu213\/2022\/03\/WhatsApp-Image-2022-03-04-at-3.10.37-PM-4-768x576.jpeg 768w, https:\/\/agora.xtec.cat\/escolafrancescfeliu\/wp-content\/uploads\/usu213\/2022\/03\/WhatsApp-Image-2022-03-04-at-3.10.37-PM-4-1536x1153.jpeg 1536w, https:\/\/agora.xtec.cat\/escolafrancescfeliu\/wp-content\/uploads\/usu213\/2022\/03\/WhatsApp-Image-2022-03-04-at-3.10.37-PM-4-200x150.jpeg 200w, https:\/\/agora.xtec.cat\/escolafrancescfeliu\/wp-content\/uploads\/usu213\/2022\/03\/WhatsApp-Image-2022-03-04-at-3.10.37-PM-4.jpeg 1599w\" sizes=\"auto, (max-width: 607px) 100vw, 607px\" \/><\/a> <a href=\"https:\/\/agora.xtec.cat\/escolafrancescfeliu\/wp-content\/uploads\/usu213\/2022\/03\/WhatsApp-Image-2022-03-04-at-3.10.37-PM-5.jpeg\"><img loading=\"lazy\" decoding=\"async\" class=\"aligncenter wp-image-9891\" src=\"https:\/\/agora.xtec.cat\/escolafrancescfeliu\/wp-content\/uploads\/usu213\/2022\/03\/WhatsApp-Image-2022-03-04-at-3.10.37-PM-5-1024x768.jpeg\" alt=\"\" width=\"630\" height=\"472\" srcset=\"https:\/\/agora.xtec.cat\/escolafrancescfeliu\/wp-content\/uploads\/usu213\/2022\/03\/WhatsApp-Image-2022-03-04-at-3.10.37-PM-5-1024x768.jpeg 1024w, https:\/\/agora.xtec.cat\/escolafrancescfeliu\/wp-content\/uploads\/usu213\/2022\/03\/WhatsApp-Image-2022-03-04-at-3.10.37-PM-5-300x225.jpeg 300w, https:\/\/agora.xtec.cat\/escolafrancescfeliu\/wp-content\/uploads\/usu213\/2022\/03\/WhatsApp-Image-2022-03-04-at-3.10.37-PM-5-768x576.jpeg 768w, https:\/\/agora.xtec.cat\/escolafrancescfeliu\/wp-content\/uploads\/usu213\/2022\/03\/WhatsApp-Image-2022-03-04-at-3.10.37-PM-5-1536x1153.jpeg 1536w, https:\/\/agora.xtec.cat\/escolafrancescfeliu\/wp-content\/uploads\/usu213\/2022\/03\/WhatsApp-Image-2022-03-04-at-3.10.37-PM-5-200x150.jpeg 200w, https:\/\/agora.xtec.cat\/escolafrancescfeliu\/wp-content\/uploads\/usu213\/2022\/03\/WhatsApp-Image-2022-03-04-at-3.10.37-PM-5.jpeg 1599w\" sizes=\"auto, (max-width: 630px) 100vw, 630px\" \/><\/a> <a href=\"https:\/\/agora.xtec.cat\/escolafrancescfeliu\/wp-content\/uploads\/usu213\/2022\/03\/WhatsApp-Image-2022-03-04-at-3.10.37-PM-6.jpeg\"><img loading=\"lazy\" decoding=\"async\" class=\"aligncenter wp-image-9892\" src=\"https:\/\/agora.xtec.cat\/escolafrancescfeliu\/wp-content\/uploads\/usu213\/2022\/03\/WhatsApp-Image-2022-03-04-at-3.10.37-PM-6-1024x768.jpeg\" alt=\"\" width=\"651\" height=\"489\" srcset=\"https:\/\/agora.xtec.cat\/escolafrancescfeliu\/wp-content\/uploads\/usu213\/2022\/03\/WhatsApp-Image-2022-03-04-at-3.10.37-PM-6-1024x768.jpeg 1024w, https:\/\/agora.xtec.cat\/escolafrancescfeliu\/wp-content\/uploads\/usu213\/2022\/03\/WhatsApp-Image-2022-03-04-at-3.10.37-PM-6-300x225.jpeg 300w, https:\/\/agora.xtec.cat\/escolafrancescfeliu\/wp-content\/uploads\/usu213\/2022\/03\/WhatsApp-Image-2022-03-04-at-3.10.37-PM-6-768x576.jpeg 768w, https:\/\/agora.xtec.cat\/escolafrancescfeliu\/wp-content\/uploads\/usu213\/2022\/03\/WhatsApp-Image-2022-03-04-at-3.10.37-PM-6-1536x1153.jpeg 1536w, https:\/\/agora.xtec.cat\/escolafrancescfeliu\/wp-content\/uploads\/usu213\/2022\/03\/WhatsApp-Image-2022-03-04-at-3.10.37-PM-6-200x150.jpeg 200w, https:\/\/agora.xtec.cat\/escolafrancescfeliu\/wp-content\/uploads\/usu213\/2022\/03\/WhatsApp-Image-2022-03-04-at-3.10.37-PM-6.jpeg 1599w\" sizes=\"auto, (max-width: 651px) 100vw, 651px\" \/><\/a> <a href=\"https:\/\/agora.xtec.cat\/escolafrancescfeliu\/wp-content\/uploads\/usu213\/2022\/03\/WhatsApp-Image-2022-03-04-at-3.10.37-PM.jpeg\"><img loading=\"lazy\" decoding=\"async\" class=\"aligncenter wp-image-9893\" src=\"https:\/\/agora.xtec.cat\/escolafrancescfeliu\/wp-content\/uploads\/usu213\/2022\/03\/WhatsApp-Image-2022-03-04-at-3.10.37-PM-1024x768.jpeg\" alt=\"\" width=\"654\" height=\"491\" srcset=\"https:\/\/agora.xtec.cat\/escolafrancescfeliu\/wp-content\/uploads\/usu213\/2022\/03\/WhatsApp-Image-2022-03-04-at-3.10.37-PM-1024x768.jpeg 1024w, https:\/\/agora.xtec.cat\/escolafrancescfeliu\/wp-content\/uploads\/usu213\/2022\/03\/WhatsApp-Image-2022-03-04-at-3.10.37-PM-300x225.jpeg 300w, https:\/\/agora.xtec.cat\/escolafrancescfeliu\/wp-content\/uploads\/usu213\/2022\/03\/WhatsApp-Image-2022-03-04-at-3.10.37-PM-768x576.jpeg 768w, https:\/\/agora.xtec.cat\/escolafrancescfeliu\/wp-content\/uploads\/usu213\/2022\/03\/WhatsApp-Image-2022-03-04-at-3.10.37-PM-1536x1153.jpeg 1536w, https:\/\/agora.xtec.cat\/escolafrancescfeliu\/wp-content\/uploads\/usu213\/2022\/03\/WhatsApp-Image-2022-03-04-at-3.10.37-PM-200x150.jpeg 200w, https:\/\/agora.xtec.cat\/escolafrancescfeliu\/wp-content\/uploads\/usu213\/2022\/03\/WhatsApp-Image-2022-03-04-at-3.10.37-PM.jpeg 1599w\" sizes=\"auto, (max-width: 654px) 100vw, 654px\" \/><\/a> <a href=\"https:\/\/agora.xtec.cat\/escolafrancescfeliu\/wp-content\/uploads\/usu213\/2022\/03\/WhatsApp-Image-2022-03-04-at-3.10.38-PM.jpeg\"><img loading=\"lazy\" decoding=\"async\" class=\"aligncenter size-large wp-image-9894\" src=\"https:\/\/agora.xtec.cat\/escolafrancescfeliu\/wp-content\/uploads\/usu213\/2022\/03\/WhatsApp-Image-2022-03-04-at-3.10.38-PM-1024x768.jpeg\" alt=\"\" width=\"1024\" height=\"768\" srcset=\"https:\/\/agora.xtec.cat\/escolafrancescfeliu\/wp-content\/uploads\/usu213\/2022\/03\/WhatsApp-Image-2022-03-04-at-3.10.38-PM-1024x768.jpeg 1024w, https:\/\/agora.xtec.cat\/escolafrancescfeliu\/wp-content\/uploads\/usu213\/2022\/03\/WhatsApp-Image-2022-03-04-at-3.10.38-PM-300x225.jpeg 300w, https:\/\/agora.xtec.cat\/escolafrancescfeliu\/wp-content\/uploads\/usu213\/2022\/03\/WhatsApp-Image-2022-03-04-at-3.10.38-PM-768x576.jpeg 768w, https:\/\/agora.xtec.cat\/escolafrancescfeliu\/wp-content\/uploads\/usu213\/2022\/03\/WhatsApp-Image-2022-03-04-at-3.10.38-PM-1536x1153.jpeg 1536w, https:\/\/agora.xtec.cat\/escolafrancescfeliu\/wp-content\/uploads\/usu213\/2022\/03\/WhatsApp-Image-2022-03-04-at-3.10.38-PM-200x150.jpeg 200w, https:\/\/agora.xtec.cat\/escolafrancescfeliu\/wp-content\/uploads\/usu213\/2022\/03\/WhatsApp-Image-2022-03-04-at-3.10.38-PM.jpeg 1599w\" sizes=\"auto, (max-width: 1024px) 100vw, 1024px\" \/><\/a><\/p>\n","protected":false},"excerpt":{"rendered":"<p>Durant aquesta setmana els alumnes de l&#8217;escola des de 2n fins a 6\u00e8 han apr\u00e9s unes nocions de Suport Vital B\u00e0sic. Des de saber distingir situacions perilloses, col\u2022locar a la v\u00edctima en posici\u00f3 lateral de seguretat fins a fer una ressucitaci\u00f3 cardiopulmonar. Recordeu: el n\u00famero de emerg\u00e8ncies \u00e9s el 112! Tots podem ajudar!<\/p>\n","protected":false},"author":1,"featured_media":0,"comment_status":"open","ping_status":"closed","sticky":false,"template":"","format":"standard","meta":{"_bbp_topic_count":0,"_bbp_reply_count":0,"_bbp_total_topic_count":0,"_bbp_total_reply_count":0,"_bbp_voice_count":0,"_bbp_anonymous_reply_count":0,"_bbp_topic_count_hidden":0,"_bbp_reply_count_hidden":0,"_bbp_forum_subforum_count":0,"site-sidebar-layout":"default","site-content-layout":"","ast-site-content-layout":"","site-content-style":"default","site-sidebar-style":"default","ast-global-header-display":"","ast-banner-title-visibility":"","ast-main-header-display":"","ast-hfb-above-header-display":"","ast-hfb-below-header-display":"","ast-hfb-mobile-header-display":"","site-post-title":"","ast-breadcrumbs-content":"","ast-featured-img":"","footer-sml-layout":"","theme-transparent-header-meta":"","adv-header-id-meta":"","stick-header-meta":"","header-above-stick-meta":"","header-main-stick-meta":"","header-below-stick-meta":"","astra-migrate-meta-layouts":"default","ast-page-background-enabled":"default","ast-page-background-meta":{"desktop":{"background-color":"var(--ast-global-color-4)","background-image":"","background-repeat":"repeat","background-position":"center center","background-size":"auto","background-attachment":"scroll","background-type":"","background-media":"","overlay-type":"","overlay-color":"","overlay-opacity":"","overlay-gradient":""},"tablet":{"background-color":"","background-image":"","background-repeat":"repeat","background-position":"center center","background-size":"auto","background-attachment":"scroll","background-type":"","background-media":"","overlay-type":"","overlay-color":"","overlay-opacity":"","overlay-gradient":""},"mobile":{"background-color":"","background-image":"","background-repeat":"repeat","background-position":"center center","background-size":"auto","background-attachment":"scroll","background-type":"","background-media":"","overlay-type":"","overlay-color":"","overlay-opacity":"","overlay-gradient":""}},"ast-content-background-meta":{"desktop":{"background-color":"var(--ast-global-color-5)","background-image":"","background-repeat":"repeat","background-position":"center center","background-size":"auto","background-attachment":"scroll","background-type":"","background-media":"","overlay-type":"","overlay-color":"","overlay-opacity":"","overlay-gradient":""},"tablet":{"background-color":"var(--ast-global-color-5)","background-image":"","background-repeat":"repeat","background-position":"center center","background-size":"auto","background-attachment":"scroll","background-type":"","background-media":"","overlay-type":"","overlay-color":"","overlay-opacity":"","overlay-gradient":""},"mobile":{"background-color":"var(--ast-global-color-5)","background-image":"","background-repeat":"repeat","background-position":"center center","background-size":"auto","background-attachment":"scroll","background-type":"","background-media":"","overlay-type":"","overlay-color":"","overlay-opacity":"","overlay-gradient":""}},"footnotes":""},"categories":[1,4,5],"tags":[217,83,67],"class_list":["post-9886","post","type-post","status-publish","format-standard","hentry","category-general","category-portada","category-primaria","tag-217","tag-educacio-fisica","tag-primaria"],"post_mailing_queue_ids":[],"_links":{"self":[{"href":"https:\/\/agora.xtec.cat\/escolafrancescfeliu\/wp-json\/wp\/v2\/posts\/9886","targetHints":{"allow":["GET"]}}],"collection":[{"href":"https:\/\/agora.xtec.cat\/escolafrancescfeliu\/wp-json\/wp\/v2\/posts"}],"about":[{"href":"https:\/\/agora.xtec.cat\/escolafrancescfeliu\/wp-json\/wp\/v2\/types\/post"}],"author":[{"embeddable":true,"href":"https:\/\/agora.xtec.cat\/escolafrancescfeliu\/wp-json\/wp\/v2\/users\/1"}],"replies":[{"embeddable":true,"href":"https:\/\/agora.xtec.cat\/escolafrancescfeliu\/wp-json\/wp\/v2\/comments?post=9886"}],"version-history":[{"count":2,"href":"https:\/\/agora.xtec.cat\/escolafrancescfeliu\/wp-json\/wp\/v2\/posts\/9886\/revisions"}],"predecessor-version":[{"id":9896,"href":"https:\/\/agora.xtec.cat\/escolafrancescfeliu\/wp-json\/wp\/v2\/posts\/9886\/revisions\/9896"}],"wp:attachment":[{"href":"https:\/\/agora.xtec.cat\/escolafrancescfeliu\/wp-json\/wp\/v2\/media?parent=9886"}],"wp:term":[{"taxonomy":"category","embeddable":true,"href":"https:\/\/agora.xtec.cat\/escolafrancescfeliu\/wp-json\/wp\/v2\/categories?post=9886"},{"taxonomy":"post_tag","embeddable":true,"href":"https:\/\/agora.xtec.cat\/escolafrancescfeliu\/wp-json\/wp\/v2\/tags?post=9886"}],"curies":[{"name":"wp","href":"https:\/\/api.w.org\/{rel}","templated":true}]}}