{"id":9813,"date":"2022-02-02T21:26:45","date_gmt":"2022-02-02T20:26:45","guid":{"rendered":"https:\/\/agora.xtec.cat\/escolafrancescfeliu\/?p=9813"},"modified":"2022-02-02T21:26:45","modified_gmt":"2022-02-02T20:26:45","slug":"obres-dart-amb-el-peu","status":"publish","type":"post","link":"https:\/\/agora.xtec.cat\/escolafrancescfeliu\/general\/obres-dart-amb-el-peu\/","title":{"rendered":"Obres d&#8217;art amb el peu"},"content":{"rendered":"<p>A valors ens continuem posant en la pell de diferents persones. Aquesta Setmana la discapacitat f\u00edsica ser\u00e0 la protagonista i els alumnes de 5\u00e8 reproduiran obres d&#8217;art amb el peu.<\/p>\n<p><a href=\"https:\/\/agora.xtec.cat\/escolafrancescfeliu\/wp-content\/uploads\/usu213\/2022\/02\/WhatsApp-Image-2022-02-02-at-12.41.13-PM-1.jpeg\"><img loading=\"lazy\" decoding=\"async\" class=\"aligncenter size-medium wp-image-9814\" src=\"https:\/\/agora.xtec.cat\/escolafrancescfeliu\/wp-content\/uploads\/usu213\/2022\/02\/WhatsApp-Image-2022-02-02-at-12.41.13-PM-1-138x300.jpeg\" alt=\"\" width=\"138\" height=\"300\" srcset=\"https:\/\/agora.xtec.cat\/escolafrancescfeliu\/wp-content\/uploads\/usu213\/2022\/02\/WhatsApp-Image-2022-02-02-at-12.41.13-PM-1-138x300.jpeg 138w, https:\/\/agora.xtec.cat\/escolafrancescfeliu\/wp-content\/uploads\/usu213\/2022\/02\/WhatsApp-Image-2022-02-02-at-12.41.13-PM-1-472x1024.jpeg 472w, https:\/\/agora.xtec.cat\/escolafrancescfeliu\/wp-content\/uploads\/usu213\/2022\/02\/WhatsApp-Image-2022-02-02-at-12.41.13-PM-1-708x1536.jpeg 708w, https:\/\/agora.xtec.cat\/escolafrancescfeliu\/wp-content\/uploads\/usu213\/2022\/02\/WhatsApp-Image-2022-02-02-at-12.41.13-PM-1.jpeg 737w\" sizes=\"auto, (max-width: 138px) 100vw, 138px\" \/><\/a> <a href=\"https:\/\/agora.xtec.cat\/escolafrancescfeliu\/wp-content\/uploads\/usu213\/2022\/02\/WhatsApp-Image-2022-02-02-at-12.41.13-PM.jpeg\"><img loading=\"lazy\" decoding=\"async\" class=\"aligncenter size-medium wp-image-9815\" src=\"https:\/\/agora.xtec.cat\/escolafrancescfeliu\/wp-content\/uploads\/usu213\/2022\/02\/WhatsApp-Image-2022-02-02-at-12.41.13-PM-138x300.jpeg\" alt=\"\" width=\"138\" height=\"300\" srcset=\"https:\/\/agora.xtec.cat\/escolafrancescfeliu\/wp-content\/uploads\/usu213\/2022\/02\/WhatsApp-Image-2022-02-02-at-12.41.13-PM-138x300.jpeg 138w, https:\/\/agora.xtec.cat\/escolafrancescfeliu\/wp-content\/uploads\/usu213\/2022\/02\/WhatsApp-Image-2022-02-02-at-12.41.13-PM-472x1024.jpeg 472w, https:\/\/agora.xtec.cat\/escolafrancescfeliu\/wp-content\/uploads\/usu213\/2022\/02\/WhatsApp-Image-2022-02-02-at-12.41.13-PM-708x1536.jpeg 708w, https:\/\/agora.xtec.cat\/escolafrancescfeliu\/wp-content\/uploads\/usu213\/2022\/02\/WhatsApp-Image-2022-02-02-at-12.41.13-PM.jpeg 737w\" sizes=\"auto, (max-width: 138px) 100vw, 138px\" \/><\/a> <a href=\"https:\/\/agora.xtec.cat\/escolafrancescfeliu\/wp-content\/uploads\/usu213\/2022\/02\/WhatsApp-Image-2022-02-02-at-12.41.14-PM-1.jpeg\"><img loading=\"lazy\" decoding=\"async\" class=\"aligncenter size-medium wp-image-9816\" src=\"https:\/\/agora.xtec.cat\/escolafrancescfeliu\/wp-content\/uploads\/usu213\/2022\/02\/WhatsApp-Image-2022-02-02-at-12.41.14-PM-1-138x300.jpeg\" alt=\"\" width=\"138\" height=\"300\" srcset=\"https:\/\/agora.xtec.cat\/escolafrancescfeliu\/wp-content\/uploads\/usu213\/2022\/02\/WhatsApp-Image-2022-02-02-at-12.41.14-PM-1-138x300.jpeg 138w, https:\/\/agora.xtec.cat\/escolafrancescfeliu\/wp-content\/uploads\/usu213\/2022\/02\/WhatsApp-Image-2022-02-02-at-12.41.14-PM-1-472x1024.jpeg 472w, https:\/\/agora.xtec.cat\/escolafrancescfeliu\/wp-content\/uploads\/usu213\/2022\/02\/WhatsApp-Image-2022-02-02-at-12.41.14-PM-1-708x1536.jpeg 708w, https:\/\/agora.xtec.cat\/escolafrancescfeliu\/wp-content\/uploads\/usu213\/2022\/02\/WhatsApp-Image-2022-02-02-at-12.41.14-PM-1.jpeg 737w\" sizes=\"auto, (max-width: 138px) 100vw, 138px\" \/><\/a> <a href=\"https:\/\/agora.xtec.cat\/escolafrancescfeliu\/wp-content\/uploads\/usu213\/2022\/02\/WhatsApp-Image-2022-02-02-at-12.41.14-PM-2.jpeg\"><img loading=\"lazy\" decoding=\"async\" class=\"aligncenter size-medium wp-image-9817\" src=\"https:\/\/agora.xtec.cat\/escolafrancescfeliu\/wp-content\/uploads\/usu213\/2022\/02\/WhatsApp-Image-2022-02-02-at-12.41.14-PM-2-138x300.jpeg\" alt=\"\" width=\"138\" height=\"300\" srcset=\"https:\/\/agora.xtec.cat\/escolafrancescfeliu\/wp-content\/uploads\/usu213\/2022\/02\/WhatsApp-Image-2022-02-02-at-12.41.14-PM-2-138x300.jpeg 138w, https:\/\/agora.xtec.cat\/escolafrancescfeliu\/wp-content\/uploads\/usu213\/2022\/02\/WhatsApp-Image-2022-02-02-at-12.41.14-PM-2-472x1024.jpeg 472w, https:\/\/agora.xtec.cat\/escolafrancescfeliu\/wp-content\/uploads\/usu213\/2022\/02\/WhatsApp-Image-2022-02-02-at-12.41.14-PM-2-708x1536.jpeg 708w, https:\/\/agora.xtec.cat\/escolafrancescfeliu\/wp-content\/uploads\/usu213\/2022\/02\/WhatsApp-Image-2022-02-02-at-12.41.14-PM-2.jpeg 737w\" sizes=\"auto, (max-width: 138px) 100vw, 138px\" \/><\/a> <a href=\"https:\/\/agora.xtec.cat\/escolafrancescfeliu\/wp-content\/uploads\/usu213\/2022\/02\/WhatsApp-Image-2022-02-02-at-12.41.14-PM-3.jpeg\"><img loading=\"lazy\" decoding=\"async\" class=\"aligncenter size-medium wp-image-9818\" src=\"https:\/\/agora.xtec.cat\/escolafrancescfeliu\/wp-content\/uploads\/usu213\/2022\/02\/WhatsApp-Image-2022-02-02-at-12.41.14-PM-3-138x300.jpeg\" alt=\"\" width=\"138\" height=\"300\" srcset=\"https:\/\/agora.xtec.cat\/escolafrancescfeliu\/wp-content\/uploads\/usu213\/2022\/02\/WhatsApp-Image-2022-02-02-at-12.41.14-PM-3-138x300.jpeg 138w, https:\/\/agora.xtec.cat\/escolafrancescfeliu\/wp-content\/uploads\/usu213\/2022\/02\/WhatsApp-Image-2022-02-02-at-12.41.14-PM-3-472x1024.jpeg 472w, https:\/\/agora.xtec.cat\/escolafrancescfeliu\/wp-content\/uploads\/usu213\/2022\/02\/WhatsApp-Image-2022-02-02-at-12.41.14-PM-3-708x1536.jpeg 708w, https:\/\/agora.xtec.cat\/escolafrancescfeliu\/wp-content\/uploads\/usu213\/2022\/02\/WhatsApp-Image-2022-02-02-at-12.41.14-PM-3.jpeg 737w\" sizes=\"auto, (max-width: 138px) 100vw, 138px\" \/><\/a> <a href=\"https:\/\/agora.xtec.cat\/escolafrancescfeliu\/wp-content\/uploads\/usu213\/2022\/02\/WhatsApp-Image-2022-02-02-at-12.41.14-PM.jpeg\"><img loading=\"lazy\" decoding=\"async\" class=\"aligncenter size-medium wp-image-9819\" src=\"https:\/\/agora.xtec.cat\/escolafrancescfeliu\/wp-content\/uploads\/usu213\/2022\/02\/WhatsApp-Image-2022-02-02-at-12.41.14-PM-138x300.jpeg\" alt=\"\" width=\"138\" height=\"300\" srcset=\"https:\/\/agora.xtec.cat\/escolafrancescfeliu\/wp-content\/uploads\/usu213\/2022\/02\/WhatsApp-Image-2022-02-02-at-12.41.14-PM-138x300.jpeg 138w, https:\/\/agora.xtec.cat\/escolafrancescfeliu\/wp-content\/uploads\/usu213\/2022\/02\/WhatsApp-Image-2022-02-02-at-12.41.14-PM-472x1024.jpeg 472w, https:\/\/agora.xtec.cat\/escolafrancescfeliu\/wp-content\/uploads\/usu213\/2022\/02\/WhatsApp-Image-2022-02-02-at-12.41.14-PM-708x1536.jpeg 708w, https:\/\/agora.xtec.cat\/escolafrancescfeliu\/wp-content\/uploads\/usu213\/2022\/02\/WhatsApp-Image-2022-02-02-at-12.41.14-PM.jpeg 737w\" sizes=\"auto, (max-width: 138px) 100vw, 138px\" \/><\/a><\/p>\n","protected":false},"excerpt":{"rendered":"<p>A valors ens continuem posant en la pell de diferents persones. Aquesta Setmana la discapacitat f\u00edsica ser\u00e0 la protagonista i els alumnes de 5\u00e8 reproduiran obres d&#8217;art amb el peu.<\/p>\n","protected":false},"author":1,"featured_media":0,"comment_status":"open","ping_status":"closed","sticky":false,"template":"","format":"standard","meta":{"_bbp_topic_count":0,"_bbp_reply_count":0,"_bbp_total_topic_count":0,"_bbp_total_reply_count":0,"_bbp_voice_count":0,"_bbp_anonymous_reply_count":0,"_bbp_topic_count_hidden":0,"_bbp_reply_count_hidden":0,"_bbp_forum_subforum_count":0,"site-sidebar-layout":"default","site-content-layout":"","ast-site-content-layout":"","site-content-style":"default","site-sidebar-style":"default","ast-global-header-display":"","ast-banner-title-visibility":"","ast-main-header-display":"","ast-hfb-above-header-display":"","ast-hfb-below-header-display":"","ast-hfb-mobile-header-display":"","site-post-title":"","ast-breadcrumbs-content":"","ast-featured-img":"","footer-sml-layout":"","theme-transparent-header-meta":"","adv-header-id-meta":"","stick-header-meta":"","header-above-stick-meta":"","header-main-stick-meta":"","header-below-stick-meta":"","astra-migrate-meta-layouts":"default","ast-page-background-enabled":"default","ast-page-background-meta":{"desktop":{"background-color":"var(--ast-global-color-4)","background-image":"","background-repeat":"repeat","background-position":"center center","background-size":"auto","background-attachment":"scroll","background-type":"","background-media":"","overlay-type":"","overlay-color":"","overlay-opacity":"","overlay-gradient":""},"tablet":{"background-color":"","background-image":"","background-repeat":"repeat","background-position":"center center","background-size":"auto","background-attachment":"scroll","background-type":"","background-media":"","overlay-type":"","overlay-color":"","overlay-opacity":"","overlay-gradient":""},"mobile":{"background-color":"","background-image":"","background-repeat":"repeat","background-position":"center center","background-size":"auto","background-attachment":"scroll","background-type":"","background-media":"","overlay-type":"","overlay-color":"","overlay-opacity":"","overlay-gradient":""}},"ast-content-background-meta":{"desktop":{"background-color":"var(--ast-global-color-5)","background-image":"","background-repeat":"repeat","background-position":"center center","background-size":"auto","background-attachment":"scroll","background-type":"","background-media":"","overlay-type":"","overlay-color":"","overlay-opacity":"","overlay-gradient":""},"tablet":{"background-color":"var(--ast-global-color-5)","background-image":"","background-repeat":"repeat","background-position":"center center","background-size":"auto","background-attachment":"scroll","background-type":"","background-media":"","overlay-type":"","overlay-color":"","overlay-opacity":"","overlay-gradient":""},"mobile":{"background-color":"var(--ast-global-color-5)","background-image":"","background-repeat":"repeat","background-position":"center center","background-size":"auto","background-attachment":"scroll","background-type":"","background-media":"","overlay-type":"","overlay-color":"","overlay-opacity":"","overlay-gradient":""}},"footnotes":""},"categories":[14,1,4],"tags":[185,193,203],"class_list":["post-9813","post","type-post","status-publish","format-standard","hentry","category-5e","category-general","category-portada","tag-5e","tag-art","tag-febrer-2022"],"post_mailing_queue_ids":[],"_links":{"self":[{"href":"https:\/\/agora.xtec.cat\/escolafrancescfeliu\/wp-json\/wp\/v2\/posts\/9813","targetHints":{"allow":["GET"]}}],"collection":[{"href":"https:\/\/agora.xtec.cat\/escolafrancescfeliu\/wp-json\/wp\/v2\/posts"}],"about":[{"href":"https:\/\/agora.xtec.cat\/escolafrancescfeliu\/wp-json\/wp\/v2\/types\/post"}],"author":[{"embeddable":true,"href":"https:\/\/agora.xtec.cat\/escolafrancescfeliu\/wp-json\/wp\/v2\/users\/1"}],"replies":[{"embeddable":true,"href":"https:\/\/agora.xtec.cat\/escolafrancescfeliu\/wp-json\/wp\/v2\/comments?post=9813"}],"version-history":[{"count":1,"href":"https:\/\/agora.xtec.cat\/escolafrancescfeliu\/wp-json\/wp\/v2\/posts\/9813\/revisions"}],"predecessor-version":[{"id":9820,"href":"https:\/\/agora.xtec.cat\/escolafrancescfeliu\/wp-json\/wp\/v2\/posts\/9813\/revisions\/9820"}],"wp:attachment":[{"href":"https:\/\/agora.xtec.cat\/escolafrancescfeliu\/wp-json\/wp\/v2\/media?parent=9813"}],"wp:term":[{"taxonomy":"category","embeddable":true,"href":"https:\/\/agora.xtec.cat\/escolafrancescfeliu\/wp-json\/wp\/v2\/categories?post=9813"},{"taxonomy":"post_tag","embeddable":true,"href":"https:\/\/agora.xtec.cat\/escolafrancescfeliu\/wp-json\/wp\/v2\/tags?post=9813"}],"curies":[{"name":"wp","href":"https:\/\/api.w.org\/{rel}","templated":true}]}}