{"id":9798,"date":"2022-01-12T21:22:01","date_gmt":"2022-01-12T20:22:01","guid":{"rendered":"https:\/\/agora.xtec.cat\/escolafrancescfeliu\/?p=9798"},"modified":"2022-01-12T21:22:01","modified_gmt":"2022-01-12T20:22:01","slug":"caminem-junts-per-aconseguir-un-altre-somni","status":"publish","type":"post","link":"https:\/\/agora.xtec.cat\/escolafrancescfeliu\/general\/caminem-junts-per-aconseguir-un-altre-somni\/","title":{"rendered":"CAMINEM JUNTS PER ACONSEGUIR UN ALTRE SOMNI"},"content":{"rendered":"<p>La decisi\u00f3 de transformar l\u2019escola Francesc Feliu en una Comunitat d\u2019Aprenentatge va partir de la reflexi\u00f3 i de la voluntat de canvi de tota una comunitat educativa que va tenir la il\u00b7lusi\u00f3 de somniar quina escola volia per al seus fills i filles.<\/p>\n<p>Ara caminem plegats per aconseguir un d\u2019aquest somnis, el de millorar la conviv\u00e8ncia tant a l\u2019escola com al carrer o a casa, per aix\u00f2 hem comen\u00e7at la nostra campanya de difusi\u00f3 de la norma. Despr\u00e9s de votacions, di\u00e0leg i consens, ja la tenim aqu\u00ed, ben visible per a tothom, tant a l\u2019escola com al poble gr\u00e0cies a la col\u00b7laboraci\u00f3 de l\u2019ajuntament.<\/p>\n<p>PER UNA BONA CONVIV\u00c8NCIA, STOP A LA VIOL\u00c8NCIA: EL RESPECTE \u00c9S EL CAM\u00cd.<\/p>\n<p>Aconseguir espais segurs i lliures de viol\u00e8ncia ara est\u00e0 a les nostres mans.<\/p>\n<p>Aix\u00ed que&#8230;<\/p>\n<p>I TU\u2026 QU\u00c8 TRIES?<\/p>\n<p><a href=\"https:\/\/agora.xtec.cat\/escolafrancescfeliu\/wp-content\/uploads\/usu213\/2022\/01\/LOGO-CONVIVENCIA-ESCOLA-4...png\"><img loading=\"lazy\" decoding=\"async\" class=\"aligncenter size-medium wp-image-9799\" src=\"https:\/\/agora.xtec.cat\/escolafrancescfeliu\/wp-content\/uploads\/usu213\/2022\/01\/LOGO-CONVIVENCIA-ESCOLA-4..-300x212.png\" alt=\"\" width=\"300\" height=\"212\" srcset=\"https:\/\/agora.xtec.cat\/escolafrancescfeliu\/wp-content\/uploads\/usu213\/2022\/01\/LOGO-CONVIVENCIA-ESCOLA-4..-300x212.png 300w, https:\/\/agora.xtec.cat\/escolafrancescfeliu\/wp-content\/uploads\/usu213\/2022\/01\/LOGO-CONVIVENCIA-ESCOLA-4..-1024x724.png 1024w, https:\/\/agora.xtec.cat\/escolafrancescfeliu\/wp-content\/uploads\/usu213\/2022\/01\/LOGO-CONVIVENCIA-ESCOLA-4..-768x543.png 768w, https:\/\/agora.xtec.cat\/escolafrancescfeliu\/wp-content\/uploads\/usu213\/2022\/01\/LOGO-CONVIVENCIA-ESCOLA-4...png 1280w\" sizes=\"auto, (max-width: 300px) 100vw, 300px\" \/><\/a><\/p>\n","protected":false},"excerpt":{"rendered":"<p>La decisi\u00f3 de transformar l\u2019escola Francesc Feliu en una Comunitat d\u2019Aprenentatge va partir de la reflexi\u00f3 i de la voluntat de canvi de tota una comunitat educativa que va tenir la il\u00b7lusi\u00f3 de somniar quina escola volia per al seus fills i filles. Ara caminem plegats per aconseguir un d\u2019aquest somnis, el de millorar la [&hellip;]<\/p>\n","protected":false},"author":1,"featured_media":0,"comment_status":"open","ping_status":"closed","sticky":false,"template":"","format":"standard","meta":{"_bbp_topic_count":0,"_bbp_reply_count":0,"_bbp_total_topic_count":0,"_bbp_total_reply_count":0,"_bbp_voice_count":0,"_bbp_anonymous_reply_count":0,"_bbp_topic_count_hidden":0,"_bbp_reply_count_hidden":0,"_bbp_forum_subforum_count":0,"site-sidebar-layout":"default","site-content-layout":"","ast-site-content-layout":"","site-content-style":"default","site-sidebar-style":"default","ast-global-header-display":"","ast-banner-title-visibility":"","ast-main-header-display":"","ast-hfb-above-header-display":"","ast-hfb-below-header-display":"","ast-hfb-mobile-header-display":"","site-post-title":"","ast-breadcrumbs-content":"","ast-featured-img":"","footer-sml-layout":"","theme-transparent-header-meta":"","adv-header-id-meta":"","stick-header-meta":"","header-above-stick-meta":"","header-main-stick-meta":"","header-below-stick-meta":"","astra-migrate-meta-layouts":"default","ast-page-background-enabled":"default","ast-page-background-meta":{"desktop":{"background-color":"var(--ast-global-color-4)","background-image":"","background-repeat":"repeat","background-position":"center center","background-size":"auto","background-attachment":"scroll","background-type":"","background-media":"","overlay-type":"","overlay-color":"","overlay-opacity":"","overlay-gradient":""},"tablet":{"background-color":"","background-image":"","background-repeat":"repeat","background-position":"center center","background-size":"auto","background-attachment":"scroll","background-type":"","background-media":"","overlay-type":"","overlay-color":"","overlay-opacity":"","overlay-gradient":""},"mobile":{"background-color":"","background-image":"","background-repeat":"repeat","background-position":"center center","background-size":"auto","background-attachment":"scroll","background-type":"","background-media":"","overlay-type":"","overlay-color":"","overlay-opacity":"","overlay-gradient":""}},"ast-content-background-meta":{"desktop":{"background-color":"var(--ast-global-color-5)","background-image":"","background-repeat":"repeat","background-position":"center center","background-size":"auto","background-attachment":"scroll","background-type":"","background-media":"","overlay-type":"","overlay-color":"","overlay-opacity":"","overlay-gradient":""},"tablet":{"background-color":"var(--ast-global-color-5)","background-image":"","background-repeat":"repeat","background-position":"center center","background-size":"auto","background-attachment":"scroll","background-type":"","background-media":"","overlay-type":"","overlay-color":"","overlay-opacity":"","overlay-gradient":""},"mobile":{"background-color":"var(--ast-global-color-5)","background-image":"","background-repeat":"repeat","background-position":"center center","background-size":"auto","background-attachment":"scroll","background-type":"","background-media":"","overlay-type":"","overlay-color":"","overlay-opacity":"","overlay-gradient":""}},"footnotes":""},"categories":[1,4],"tags":[197,198,196],"class_list":["post-9798","post","type-post","status-publish","format-standard","hentry","category-general","category-portada","tag-comunitat-aprenentatge","tag-gener-2022","tag-norma"],"post_mailing_queue_ids":[],"_links":{"self":[{"href":"https:\/\/agora.xtec.cat\/escolafrancescfeliu\/wp-json\/wp\/v2\/posts\/9798","targetHints":{"allow":["GET"]}}],"collection":[{"href":"https:\/\/agora.xtec.cat\/escolafrancescfeliu\/wp-json\/wp\/v2\/posts"}],"about":[{"href":"https:\/\/agora.xtec.cat\/escolafrancescfeliu\/wp-json\/wp\/v2\/types\/post"}],"author":[{"embeddable":true,"href":"https:\/\/agora.xtec.cat\/escolafrancescfeliu\/wp-json\/wp\/v2\/users\/1"}],"replies":[{"embeddable":true,"href":"https:\/\/agora.xtec.cat\/escolafrancescfeliu\/wp-json\/wp\/v2\/comments?post=9798"}],"version-history":[{"count":1,"href":"https:\/\/agora.xtec.cat\/escolafrancescfeliu\/wp-json\/wp\/v2\/posts\/9798\/revisions"}],"predecessor-version":[{"id":9800,"href":"https:\/\/agora.xtec.cat\/escolafrancescfeliu\/wp-json\/wp\/v2\/posts\/9798\/revisions\/9800"}],"wp:attachment":[{"href":"https:\/\/agora.xtec.cat\/escolafrancescfeliu\/wp-json\/wp\/v2\/media?parent=9798"}],"wp:term":[{"taxonomy":"category","embeddable":true,"href":"https:\/\/agora.xtec.cat\/escolafrancescfeliu\/wp-json\/wp\/v2\/categories?post=9798"},{"taxonomy":"post_tag","embeddable":true,"href":"https:\/\/agora.xtec.cat\/escolafrancescfeliu\/wp-json\/wp\/v2\/tags?post=9798"}],"curies":[{"name":"wp","href":"https:\/\/api.w.org\/{rel}","templated":true}]}}