{"id":9699,"date":"2021-11-05T12:04:36","date_gmt":"2021-11-05T11:04:36","guid":{"rendered":"https:\/\/agora.xtec.cat\/escolafrancescfeliu\/?p=9699"},"modified":"2021-11-05T12:04:36","modified_gmt":"2021-11-05T11:04:36","slug":"p3-p4-p5-treballem","status":"publish","type":"post","link":"https:\/\/agora.xtec.cat\/escolafrancescfeliu\/infantil\/p3-p4-p5-treballem\/","title":{"rendered":"P3-P4-P5 Treballem&#8230;"},"content":{"rendered":"<p>Els nens i nenes de P3 estem treballant el centre d&#8217;inter\u00e8s de la tardor: hem fet un rac\u00f3 amb els elements que han portat, hem treballat el vocabulari, hem fet experiments, hem creat i hem jugat. Ens ho passem d&#8217;all\u00f2 m\u00e9s b\u00e9!<\/p>\n<p><a href=\"https:\/\/agora.xtec.cat\/escolafrancescfeliu\/wp-content\/uploads\/usu213\/2021\/11\/WhatsApp-Image-2021-11-05-at-11.32.14-AM.jpeg\"><img loading=\"lazy\" decoding=\"async\" class=\"aligncenter size-medium wp-image-9700\" src=\"https:\/\/agora.xtec.cat\/escolafrancescfeliu\/wp-content\/uploads\/usu213\/2021\/11\/WhatsApp-Image-2021-11-05-at-11.32.14-AM-300x300.jpeg\" alt=\"\" width=\"300\" height=\"300\" srcset=\"https:\/\/agora.xtec.cat\/escolafrancescfeliu\/wp-content\/uploads\/usu213\/2021\/11\/WhatsApp-Image-2021-11-05-at-11.32.14-AM-300x300.jpeg 300w, https:\/\/agora.xtec.cat\/escolafrancescfeliu\/wp-content\/uploads\/usu213\/2021\/11\/WhatsApp-Image-2021-11-05-at-11.32.14-AM-1024x1024.jpeg 1024w, https:\/\/agora.xtec.cat\/escolafrancescfeliu\/wp-content\/uploads\/usu213\/2021\/11\/WhatsApp-Image-2021-11-05-at-11.32.14-AM-150x150.jpeg 150w, https:\/\/agora.xtec.cat\/escolafrancescfeliu\/wp-content\/uploads\/usu213\/2021\/11\/WhatsApp-Image-2021-11-05-at-11.32.14-AM-768x768.jpeg 768w, https:\/\/agora.xtec.cat\/escolafrancescfeliu\/wp-content\/uploads\/usu213\/2021\/11\/WhatsApp-Image-2021-11-05-at-11.32.14-AM.jpeg 1080w\" sizes=\"auto, (max-width: 300px) 100vw, 300px\" \/><\/a><\/p>\n<p>Els alumnes de P4 treballen a les rutines el temps que fa. Quan acaba el mes comptem, associem el n\u00famero i mirem on hi ha m\u00e9s i menys. Ens iniciem en el treball de les gr\u00e0fiques!<\/p>\n<p><a href=\"https:\/\/agora.xtec.cat\/escolafrancescfeliu\/wp-content\/uploads\/usu213\/2021\/11\/EL-TEMPS-A-P4.jpg\"><img loading=\"lazy\" decoding=\"async\" class=\"aligncenter size-medium wp-image-9701\" src=\"https:\/\/agora.xtec.cat\/escolafrancescfeliu\/wp-content\/uploads\/usu213\/2021\/11\/EL-TEMPS-A-P4-300x300.jpg\" alt=\"\" width=\"300\" height=\"300\" srcset=\"https:\/\/agora.xtec.cat\/escolafrancescfeliu\/wp-content\/uploads\/usu213\/2021\/11\/EL-TEMPS-A-P4-300x300.jpg 300w, https:\/\/agora.xtec.cat\/escolafrancescfeliu\/wp-content\/uploads\/usu213\/2021\/11\/EL-TEMPS-A-P4-1024x1024.jpg 1024w, https:\/\/agora.xtec.cat\/escolafrancescfeliu\/wp-content\/uploads\/usu213\/2021\/11\/EL-TEMPS-A-P4-150x150.jpg 150w, https:\/\/agora.xtec.cat\/escolafrancescfeliu\/wp-content\/uploads\/usu213\/2021\/11\/EL-TEMPS-A-P4-768x768.jpg 768w, https:\/\/agora.xtec.cat\/escolafrancescfeliu\/wp-content\/uploads\/usu213\/2021\/11\/EL-TEMPS-A-P4.jpg 1080w\" sizes=\"auto, (max-width: 300px) 100vw, 300px\" \/><\/a><\/p>\n<p>Els nens i nenes de P5 hem comen\u00e7at a realitzar els tallers! Us ensenyem el taller de la tardor! Ens ho passem molt b\u00e9!<\/p>\n<p><a href=\"https:\/\/agora.xtec.cat\/escolafrancescfeliu\/wp-content\/uploads\/usu213\/2021\/11\/WhatsApp-Image-2021-11-05-at-11.31.11-AM.jpeg\"><img loading=\"lazy\" decoding=\"async\" class=\"aligncenter size-medium wp-image-9702\" src=\"https:\/\/agora.xtec.cat\/escolafrancescfeliu\/wp-content\/uploads\/usu213\/2021\/11\/WhatsApp-Image-2021-11-05-at-11.31.11-AM-300x300.jpeg\" alt=\"\" width=\"300\" height=\"300\" srcset=\"https:\/\/agora.xtec.cat\/escolafrancescfeliu\/wp-content\/uploads\/usu213\/2021\/11\/WhatsApp-Image-2021-11-05-at-11.31.11-AM-300x300.jpeg 300w, https:\/\/agora.xtec.cat\/escolafrancescfeliu\/wp-content\/uploads\/usu213\/2021\/11\/WhatsApp-Image-2021-11-05-at-11.31.11-AM.jpeg 1024w, https:\/\/agora.xtec.cat\/escolafrancescfeliu\/wp-content\/uploads\/usu213\/2021\/11\/WhatsApp-Image-2021-11-05-at-11.31.11-AM-150x150.jpeg 150w, https:\/\/agora.xtec.cat\/escolafrancescfeliu\/wp-content\/uploads\/usu213\/2021\/11\/WhatsApp-Image-2021-11-05-at-11.31.11-AM-768x768.jpeg 768w\" sizes=\"auto, (max-width: 300px) 100vw, 300px\" \/><\/a><\/p>\n","protected":false},"excerpt":{"rendered":"<p>Els nens i nenes de P3 estem treballant el centre d&#8217;inter\u00e8s de la tardor: hem fet un rac\u00f3 amb els elements que han portat, hem treballat el vocabulari, hem fet experiments, hem creat i hem jugat. Ens ho passem d&#8217;all\u00f2 m\u00e9s b\u00e9! Els alumnes de P4 treballen a les rutines el temps que fa. Quan [&hellip;]<\/p>\n","protected":false},"author":1,"featured_media":0,"comment_status":"open","ping_status":"closed","sticky":false,"template":"","format":"standard","meta":{"_bbp_topic_count":0,"_bbp_reply_count":0,"_bbp_total_topic_count":0,"_bbp_total_reply_count":0,"_bbp_voice_count":0,"_bbp_anonymous_reply_count":0,"_bbp_topic_count_hidden":0,"_bbp_reply_count_hidden":0,"_bbp_forum_subforum_count":0,"site-sidebar-layout":"default","site-content-layout":"","ast-site-content-layout":"","site-content-style":"default","site-sidebar-style":"default","ast-global-header-display":"","ast-banner-title-visibility":"","ast-main-header-display":"","ast-hfb-above-header-display":"","ast-hfb-below-header-display":"","ast-hfb-mobile-header-display":"","site-post-title":"","ast-breadcrumbs-content":"","ast-featured-img":"","footer-sml-layout":"","theme-transparent-header-meta":"","adv-header-id-meta":"","stick-header-meta":"","header-above-stick-meta":"","header-main-stick-meta":"","header-below-stick-meta":"","astra-migrate-meta-layouts":"default","ast-page-background-enabled":"default","ast-page-background-meta":{"desktop":{"background-color":"var(--ast-global-color-4)","background-image":"","background-repeat":"repeat","background-position":"center center","background-size":"auto","background-attachment":"scroll","background-type":"","background-media":"","overlay-type":"","overlay-color":"","overlay-opacity":"","overlay-gradient":""},"tablet":{"background-color":"","background-image":"","background-repeat":"repeat","background-position":"center center","background-size":"auto","background-attachment":"scroll","background-type":"","background-media":"","overlay-type":"","overlay-color":"","overlay-opacity":"","overlay-gradient":""},"mobile":{"background-color":"","background-image":"","background-repeat":"repeat","background-position":"center center","background-size":"auto","background-attachment":"scroll","background-type":"","background-media":"","overlay-type":"","overlay-color":"","overlay-opacity":"","overlay-gradient":""}},"ast-content-background-meta":{"desktop":{"background-color":"var(--ast-global-color-5)","background-image":"","background-repeat":"repeat","background-position":"center center","background-size":"auto","background-attachment":"scroll","background-type":"","background-media":"","overlay-type":"","overlay-color":"","overlay-opacity":"","overlay-gradient":""},"tablet":{"background-color":"var(--ast-global-color-5)","background-image":"","background-repeat":"repeat","background-position":"center center","background-size":"auto","background-attachment":"scroll","background-type":"","background-media":"","overlay-type":"","overlay-color":"","overlay-opacity":"","overlay-gradient":""},"mobile":{"background-color":"var(--ast-global-color-5)","background-image":"","background-repeat":"repeat","background-position":"center center","background-size":"auto","background-attachment":"scroll","background-type":"","background-media":"","overlay-type":"","overlay-color":"","overlay-opacity":"","overlay-gradient":""}},"footnotes":""},"categories":[3,8,9,2,4],"tags":[171,170,160,81,179],"class_list":["post-9699","post","type-post","status-publish","format-standard","hentry","category-i3","category-i4","category-i5","category-infantil","category-portada","tag-curs-19-20","tag-curs-20-21","tag-curs-21-22","tag-educacio-infantil","tag-novembre-2021"],"post_mailing_queue_ids":[],"_links":{"self":[{"href":"https:\/\/agora.xtec.cat\/escolafrancescfeliu\/wp-json\/wp\/v2\/posts\/9699","targetHints":{"allow":["GET"]}}],"collection":[{"href":"https:\/\/agora.xtec.cat\/escolafrancescfeliu\/wp-json\/wp\/v2\/posts"}],"about":[{"href":"https:\/\/agora.xtec.cat\/escolafrancescfeliu\/wp-json\/wp\/v2\/types\/post"}],"author":[{"embeddable":true,"href":"https:\/\/agora.xtec.cat\/escolafrancescfeliu\/wp-json\/wp\/v2\/users\/1"}],"replies":[{"embeddable":true,"href":"https:\/\/agora.xtec.cat\/escolafrancescfeliu\/wp-json\/wp\/v2\/comments?post=9699"}],"version-history":[{"count":1,"href":"https:\/\/agora.xtec.cat\/escolafrancescfeliu\/wp-json\/wp\/v2\/posts\/9699\/revisions"}],"predecessor-version":[{"id":9703,"href":"https:\/\/agora.xtec.cat\/escolafrancescfeliu\/wp-json\/wp\/v2\/posts\/9699\/revisions\/9703"}],"wp:attachment":[{"href":"https:\/\/agora.xtec.cat\/escolafrancescfeliu\/wp-json\/wp\/v2\/media?parent=9699"}],"wp:term":[{"taxonomy":"category","embeddable":true,"href":"https:\/\/agora.xtec.cat\/escolafrancescfeliu\/wp-json\/wp\/v2\/categories?post=9699"},{"taxonomy":"post_tag","embeddable":true,"href":"https:\/\/agora.xtec.cat\/escolafrancescfeliu\/wp-json\/wp\/v2\/tags?post=9699"}],"curies":[{"name":"wp","href":"https:\/\/api.w.org\/{rel}","templated":true}]}}