{"id":9634,"date":"2021-10-18T17:58:50","date_gmt":"2021-10-18T15:58:50","guid":{"rendered":"https:\/\/agora.xtec.cat\/escolafrancescfeliu\/?p=9634"},"modified":"2021-10-18T17:58:50","modified_gmt":"2021-10-18T15:58:50","slug":"4a-edicio-de-moniatos-disfressats","status":"publish","type":"post","link":"https:\/\/agora.xtec.cat\/escolafrancescfeliu\/general\/4a-edicio-de-moniatos-disfressats\/","title":{"rendered":"4a EDICI\u00d3 DE MONIATOS DISFRESSATS"},"content":{"rendered":"<p align=\"center\"><b>4a EDICI\u00d3 DE<\/b><\/p>\n<p align=\"center\"><b>MONIATOS DISFRESSATS<\/b><u><\/u><\/p>\n<p>Benvolgudes fam\u00edlies,<\/p>\n<p>Degut a l\u2019\u00e8xit de la primera convocat\u00f2ria, us convidem a participar en la\u00a0<b>quarta edici\u00f3 de moniatos disfressats<\/b>\u00a0que es dur\u00e0 a terme a la nostra escola en motiu de la festa de la castanyada.<\/p>\n<p>Recordeu que aquesta \u00e9s una\u00a0<b>activitat familiar<\/b>, que es realitza a casa, per tant, tot i que els moniatos disfressats\u00a0<b>els han de fer els nens i nenes\u00a0<\/b>poden comptar amb el consell i l&#8217;ajuda de les fam\u00edlies.<\/p>\n<p>La participaci\u00f3 \u00e9s totalment de car\u00e0cter voluntari per\u00f2 ens agradaria que us hi anim\u00e9ssiu tots\/es.<\/p>\n<p>Per participar-hi nom\u00e9s cal un moniato i decorar-lo de manera que esdevingui un personatge, un animal, un objecte,&#8230; all\u00f2 que m\u00e9s us agradi i us suggereix tamb\u00e9 la mateixa forma del moniato. Podeu utilitzar capses de sabates o de cartr\u00f3 per decorar i fer de base del moniato.<\/p>\n<p>Esperem que\u00a0<b>nens i nenes facin servir la imaginaci\u00f3 i creativitat<\/b>\u00a0i que les fam\u00edlies gaudiu molt d&#8217;aquesta experi\u00e8ncia compartida amb els vostres fills\/es.<\/p>\n<p>Endavant, engresqueu-vos!<\/p>\n<p>Equip de mestres de l&#8217;escola\u00a0Francesc Feliu<\/p>\n<p><a href=\"https:\/\/agora.xtec.cat\/escolafrancescfeliu\/wp-content\/uploads\/usu213\/2021\/10\/circular-4a-edicio-de-Moniatos-bases.pdf\">circular 4a edici\u00f3 de Moniatos + (bases)<\/a><\/p>\n","protected":false},"excerpt":{"rendered":"<p>4a EDICI\u00d3 DE MONIATOS DISFRESSATS Benvolgudes fam\u00edlies, Degut a l\u2019\u00e8xit de la primera convocat\u00f2ria, us convidem a participar en la\u00a0quarta edici\u00f3 de moniatos disfressats\u00a0que es dur\u00e0 a terme a la nostra escola en motiu de la festa de la castanyada. Recordeu que aquesta \u00e9s una\u00a0activitat familiar, que es realitza a casa, per tant, tot i [&hellip;]<\/p>\n","protected":false},"author":1,"featured_media":0,"comment_status":"open","ping_status":"closed","sticky":false,"template":"","format":"standard","meta":{"_bbp_topic_count":0,"_bbp_reply_count":0,"_bbp_total_topic_count":0,"_bbp_total_reply_count":0,"_bbp_voice_count":0,"_bbp_anonymous_reply_count":0,"_bbp_topic_count_hidden":0,"_bbp_reply_count_hidden":0,"_bbp_forum_subforum_count":0,"site-sidebar-layout":"default","site-content-layout":"","ast-site-content-layout":"","site-content-style":"default","site-sidebar-style":"default","ast-global-header-display":"","ast-banner-title-visibility":"","ast-main-header-display":"","ast-hfb-above-header-display":"","ast-hfb-below-header-display":"","ast-hfb-mobile-header-display":"","site-post-title":"","ast-breadcrumbs-content":"","ast-featured-img":"","footer-sml-layout":"","theme-transparent-header-meta":"","adv-header-id-meta":"","stick-header-meta":"","header-above-stick-meta":"","header-main-stick-meta":"","header-below-stick-meta":"","astra-migrate-meta-layouts":"default","ast-page-background-enabled":"default","ast-page-background-meta":{"desktop":{"background-color":"var(--ast-global-color-4)","background-image":"","background-repeat":"repeat","background-position":"center center","background-size":"auto","background-attachment":"scroll","background-type":"","background-media":"","overlay-type":"","overlay-color":"","overlay-opacity":"","overlay-gradient":""},"tablet":{"background-color":"","background-image":"","background-repeat":"repeat","background-position":"center center","background-size":"auto","background-attachment":"scroll","background-type":"","background-media":"","overlay-type":"","overlay-color":"","overlay-opacity":"","overlay-gradient":""},"mobile":{"background-color":"","background-image":"","background-repeat":"repeat","background-position":"center center","background-size":"auto","background-attachment":"scroll","background-type":"","background-media":"","overlay-type":"","overlay-color":"","overlay-opacity":"","overlay-gradient":""}},"ast-content-background-meta":{"desktop":{"background-color":"var(--ast-global-color-5)","background-image":"","background-repeat":"repeat","background-position":"center center","background-size":"auto","background-attachment":"scroll","background-type":"","background-media":"","overlay-type":"","overlay-color":"","overlay-opacity":"","overlay-gradient":""},"tablet":{"background-color":"var(--ast-global-color-5)","background-image":"","background-repeat":"repeat","background-position":"center center","background-size":"auto","background-attachment":"scroll","background-type":"","background-media":"","overlay-type":"","overlay-color":"","overlay-opacity":"","overlay-gradient":""},"mobile":{"background-color":"var(--ast-global-color-5)","background-image":"","background-repeat":"repeat","background-position":"center center","background-size":"auto","background-attachment":"scroll","background-type":"","background-media":"","overlay-type":"","overlay-color":"","overlay-opacity":"","overlay-gradient":""}},"footnotes":""},"categories":[1,4],"tags":[159,160],"class_list":["post-9634","post","type-post","status-publish","format-standard","hentry","category-general","category-portada","tag-concurs-moniatos","tag-curs-21-22"],"post_mailing_queue_ids":[],"_links":{"self":[{"href":"https:\/\/agora.xtec.cat\/escolafrancescfeliu\/wp-json\/wp\/v2\/posts\/9634","targetHints":{"allow":["GET"]}}],"collection":[{"href":"https:\/\/agora.xtec.cat\/escolafrancescfeliu\/wp-json\/wp\/v2\/posts"}],"about":[{"href":"https:\/\/agora.xtec.cat\/escolafrancescfeliu\/wp-json\/wp\/v2\/types\/post"}],"author":[{"embeddable":true,"href":"https:\/\/agora.xtec.cat\/escolafrancescfeliu\/wp-json\/wp\/v2\/users\/1"}],"replies":[{"embeddable":true,"href":"https:\/\/agora.xtec.cat\/escolafrancescfeliu\/wp-json\/wp\/v2\/comments?post=9634"}],"version-history":[{"count":1,"href":"https:\/\/agora.xtec.cat\/escolafrancescfeliu\/wp-json\/wp\/v2\/posts\/9634\/revisions"}],"predecessor-version":[{"id":9636,"href":"https:\/\/agora.xtec.cat\/escolafrancescfeliu\/wp-json\/wp\/v2\/posts\/9634\/revisions\/9636"}],"wp:attachment":[{"href":"https:\/\/agora.xtec.cat\/escolafrancescfeliu\/wp-json\/wp\/v2\/media?parent=9634"}],"wp:term":[{"taxonomy":"category","embeddable":true,"href":"https:\/\/agora.xtec.cat\/escolafrancescfeliu\/wp-json\/wp\/v2\/categories?post=9634"},{"taxonomy":"post_tag","embeddable":true,"href":"https:\/\/agora.xtec.cat\/escolafrancescfeliu\/wp-json\/wp\/v2\/tags?post=9634"}],"curies":[{"name":"wp","href":"https:\/\/api.w.org\/{rel}","templated":true}]}}