{"id":9379,"date":"2020-09-12T13:50:56","date_gmt":"2020-09-12T11:50:56","guid":{"rendered":"http:\/\/agora.xtec.cat\/escolafrancescfeliu\/?p=9379"},"modified":"2020-09-12T13:50:56","modified_gmt":"2020-09-12T11:50:56","slug":"declaracio-responsable-de-les-families","status":"publish","type":"post","link":"https:\/\/agora.xtec.cat\/escolafrancescfeliu\/general\/declaracio-responsable-de-les-families\/","title":{"rendered":"DECLARACI\u00d3 RESPONSABLE DE LES FAM\u00cdLIES"},"content":{"rendered":"<p id=\"E42\"><span id=\"E43\" class=\"qowt-font3-Arial\">REQUISITS D\u2019ACC\u00c9S ALS CENTRES EDUCATIUS<\/span><\/p>\n<p id=\"E45\"><span id=\"E46\" class=\"qowt-font3-Arial\">Benvolgudes fam\u00edlies,<\/span><\/p>\n<p id=\"E48\"><span id=\"E49\" class=\"qowt-font3-Arial\">A punt d\u2019iniciar el curs escolar us volem recordar, c<\/span><span id=\"E50\" class=\"qowt-font3-Arial\">om ve marcat per la normativa i les recomanacions sanit\u00e0ries, <\/span><span id=\"E51\" class=\"qowt-font3-Arial\">que <\/span><span id=\"E52\" class=\"qowt-font3-Arial\">p<\/span><span id=\"E53\" class=\"qowt-font3-Arial\">er assistir a centres educatiu<\/span><span id=\"E54\" class=\"qowt-font3-Arial\">s<\/span><span id=\"E55\" class=\"qowt-font3-Arial\"> <\/span><span id=\"E56\" class=\"qowt-font3-Arial\">cal complir uns requisits:<\/span><\/p>\n<p id=\"E57\"><span id=\"E58\" class=\"qowt-font3-Arial\">&#8211;<\/span><span id=\"E59\" class=\"qowt-font3-Arial\"> Abs\u00e8ncia de simptomatologia compatible amb la COVID-19 (febre, tos, dificultat respirat\u00f2ria,<\/span><span id=\"E60\" class=\"qowt-font3-Arial\"> <\/span><span id=\"E61\" class=\"qowt-font3-Arial\">malestar, diarrea&#8230;) <\/span><\/p>\n<p id=\"E62\"><span id=\"E63\" class=\"qowt-font3-Arial\">&#8211;<\/span><span id=\"E64\" class=\"qowt-font3-Arial\"> No convi<\/span><span id=\"E65\" class=\"qowt-font3-Arial\">ure<\/span><span id=\"E66\" class=\"qowt-font3-Arial\"> o <\/span><span id=\"E67\" class=\"qowt-font3-Arial\">estar en <\/span><span id=\"E68\" class=\"qowt-font3-Arial\">contacte estret amb <\/span><span id=\"E69\" class=\"qowt-font3-Arial\">una persona que hagi donat <\/span><span id=\"E70\" class=\"qowt-font3-Arial\">positiu <\/span><span id=\"E71\" class=\"qowt-font3-Arial\">o <\/span><span id=\"E72\" class=\"qowt-font3-Arial\">no <\/span><span id=\"E73\" class=\"qowt-font3-Arial\">conviure amb una persona que pres<\/span><span id=\"E76\" class=\"qowt-font3-Arial\">enti <\/span><span id=\"E77\" class=\"qowt-font3-Arial\"> simp<\/span><span id=\"E78\" class=\"qowt-font3-Arial\">tomatologia compatible <\/span><span id=\"E79\" class=\"qowt-font3-Arial\">amb la <\/span><span id=\"E80\" class=\"qowt-font3-Arial\">COVID-19.<\/span><\/p>\n<p id=\"E82\"><span id=\"E83\" class=\"qowt-font3-Arial\">\u00c9s obligaci\u00f3 de tots els mestres i altres professionals que intervenen a l\u2019escola de complir aquestes recomanacions, aix\u00ed doncs, tamb\u00e9 l<\/span><span id=\"E84\" class=\"qowt-font3-Arial\">es fam\u00edlies, han de fer-se responsables de l\u2019estat de salut dels seus fills i filles. <\/span><\/p>\n<p id=\"E85\"><span id=\"E86\" class=\"qowt-font3-Arial\">Per aix\u00f2 <\/span><span id=\"E87\" class=\"qowt-font3-Arial\">des de l\u2019administraci\u00f3 se us demana, a<\/span><span id=\"E88\" class=\"qowt-font3-Arial\"> l\u2019inici del curs,<\/span><span id=\"E89\" class=\"qowt-font3-Arial\"> que <\/span><span id=\"E90\" class=\"qowt-font3-Arial\">sign<\/span><span id=\"E91\" class=\"qowt-font3-Arial\">eu<\/span><span id=\"E92\" class=\"qowt-font3-Arial\"> una declaraci\u00f3 responsable a trav\u00e9s de la qual<\/span><span id=\"E93\" class=\"qowt-font3-Arial\"> les fam\u00edlies<\/span><span id=\"E94\" class=\"qowt-font3-Arial\">:<\/span><\/p>\n<p id=\"E95\"><span id=\"E96\" class=\"qowt-font3-Arial\">\u25aa F<\/span><span id=\"E97\" class=\"qowt-font3-Arial\">eu constar que sou<\/span><span id=\"E98\" class=\"qowt-font3-Arial\"> coneixedores de la situaci\u00f3 actual d<\/span><span id=\"E99\" class=\"qowt-font3-Arial\">e pand\u00e8mia amb el risc que aix\u00f2 comporta.<\/span><\/p>\n<p id=\"E100\"><span id=\"E101\" class=\"qowt-font3-Arial\">\u25aa <\/span><span id=\"E102\" class=\"qowt-font3-Arial\">Us comprometeu<\/span><span id=\"E103\" class=\"qowt-font3-Arial\"> a no portar <\/span><span id=\"E104\" class=\"qowt-font3-Arial\">el vostre filla o filla<\/span><span id=\"E105\" class=\"qowt-font3-Arial\"> al centre educatiu en cas que presenti<\/span><span id=\"E106\" class=\"qowt-font3-Arial\"> <\/span><span id=\"E107\" class=\"qowt-font3-Arial\">simptomatologia compatible amb la COVID-19 o l\u2019hagi presentat en els darrers 14 dies<\/span><span id=\"E108\" class=\"qowt-font3-Arial\">,<\/span><span id=\"E109\" class=\"qowt-font3-Arial\"> i a<\/span><span id=\"E110\" class=\"qowt-font3-Arial\"> <\/span><span id=\"E111\" class=\"qowt-font3-Arial\">comunicar-ho immediatament als responsables del centre educatiu per tal de poder prendre les<\/span><span id=\"E112\" class=\"qowt-font3-Arial\"> <\/span><span id=\"E113\" class=\"qowt-font3-Arial\">mesures oportunes.<\/span><\/p>\n<p id=\"E115\"><span id=\"E116\" class=\"qowt-font3-Arial\">A continuaci\u00f3 adjuntem un llistat dels s\u00edmptomes per facilitar a l<\/span><span id=\"E117\" class=\"qowt-font3-Arial\">es fam\u00edlies <\/span><span id=\"E118\" class=\"qowt-font3-Arial\">fer-ne <\/span><span id=\"E119\" class=\"qowt-font3-Arial\">la comprovaci\u00f3 di\u00e0ria<\/span><span id=\"E120\" class=\"qowt-font3-Arial\">. La fam\u00edlia <\/span><span id=\"E121\" class=\"qowt-font3-Arial\">ha de comunicar a l\u2019escola si el seu fill o filla <\/span><span id=\"E122\" class=\"qowt-font3-Arial\"> ha presentat febre o algun altre s\u00edmptoma. <\/span><\/p>\n<p id=\"E124\"><span id=\"E125\" class=\"qowt-font3-Arial\">Tamb\u00e9 adjuntem la declaraci\u00f3 responsable que haureu de lliurar signada <\/span><span id=\"E126\" class=\"qowt-font3-Arial\">als tutors\/es dels vostre fill\/a.<\/span><\/p>\n<p id=\"E128\"><span id=\"E129\" class=\"qowt-font3-Arial\">Gr\u00e0cies avan\u00e7ades per la vostra col\u00b7laboraci\u00f3.<\/span><\/p>\n<p id=\"E131\"><span id=\"E132\" class=\"qowt-font3-Arial\">Esperem <\/span><span id=\"E133\" class=\"qowt-font3-Arial\">poder desenvolupar aquest nou curs amb tota la normalitat possible i sense incid\u00e8ncies.<\/span><\/p>\n<p><a href=\"https:\/\/agora.xtec.cat\/escolafrancescfeliu\/wp-content\/uploads\/usu213\/2020\/09\/DeclaraciA\u0303\u00b3-responsabilitat-INFANTIL-1.pdf\">DeclaraciA\u0303\u00b3 responsabilitat INFANTIL (1)<\/a><\/p>\n<p><a href=\"https:\/\/agora.xtec.cat\/escolafrancescfeliu\/wp-content\/uploads\/usu213\/2020\/09\/DECLARACI\u00d3-RESPONSABLE-FAM\u00cdLIES-A818.pdf\">DECLARACI\u00d3 RESPONSABLE FAM\u00cdLIES A818<\/a><\/p>\n<p><a href=\"https:\/\/agora.xtec.cat\/escolafrancescfeliu\/wp-content\/uploads\/usu213\/2020\/09\/ESQUEMA-SIMPTOMES-COVID-19.jpg\"><img loading=\"lazy\" decoding=\"async\" class=\"aligncenter size-large wp-image-9381\" src=\"https:\/\/agora.xtec.cat\/escolafrancescfeliu\/wp-content\/uploads\/usu213\/2020\/09\/ESQUEMA-SIMPTOMES-COVID-19-1024x1024.jpg\" alt=\"\" width=\"1024\" height=\"1024\" srcset=\"https:\/\/agora.xtec.cat\/escolafrancescfeliu\/wp-content\/uploads\/usu213\/2020\/09\/ESQUEMA-SIMPTOMES-COVID-19-1024x1024.jpg 1024w, https:\/\/agora.xtec.cat\/escolafrancescfeliu\/wp-content\/uploads\/usu213\/2020\/09\/ESQUEMA-SIMPTOMES-COVID-19-150x150.jpg 150w, https:\/\/agora.xtec.cat\/escolafrancescfeliu\/wp-content\/uploads\/usu213\/2020\/09\/ESQUEMA-SIMPTOMES-COVID-19-300x300.jpg 300w, https:\/\/agora.xtec.cat\/escolafrancescfeliu\/wp-content\/uploads\/usu213\/2020\/09\/ESQUEMA-SIMPTOMES-COVID-19-768x768.jpg 768w, https:\/\/agora.xtec.cat\/escolafrancescfeliu\/wp-content\/uploads\/usu213\/2020\/09\/ESQUEMA-SIMPTOMES-COVID-19.jpg 1080w\" sizes=\"auto, (max-width: 1024px) 100vw, 1024px\" \/><\/a><\/p>\n","protected":false},"excerpt":{"rendered":"<p>REQUISITS D\u2019ACC\u00c9S ALS CENTRES EDUCATIUS Benvolgudes fam\u00edlies, A punt d\u2019iniciar el curs escolar us volem recordar, com ve marcat per la normativa i les recomanacions sanit\u00e0ries, que per assistir a centres educatius cal complir uns requisits: &#8211; Abs\u00e8ncia de simptomatologia compatible amb la COVID-19 (febre, tos, dificultat respirat\u00f2ria, malestar, diarrea&#8230;) &#8211; No conviure o estar [&hellip;]<\/p>\n","protected":false},"author":1,"featured_media":0,"comment_status":"open","ping_status":"closed","sticky":false,"template":"","format":"standard","meta":{"_bbp_topic_count":0,"_bbp_reply_count":0,"_bbp_total_topic_count":0,"_bbp_total_reply_count":0,"_bbp_voice_count":0,"_bbp_anonymous_reply_count":0,"_bbp_topic_count_hidden":0,"_bbp_reply_count_hidden":0,"_bbp_forum_subforum_count":0,"site-sidebar-layout":"default","site-content-layout":"","ast-site-content-layout":"","site-content-style":"default","site-sidebar-style":"default","ast-global-header-display":"","ast-banner-title-visibility":"","ast-main-header-display":"","ast-hfb-above-header-display":"","ast-hfb-below-header-display":"","ast-hfb-mobile-header-display":"","site-post-title":"","ast-breadcrumbs-content":"","ast-featured-img":"","footer-sml-layout":"","theme-transparent-header-meta":"","adv-header-id-meta":"","stick-header-meta":"","header-above-stick-meta":"","header-main-stick-meta":"","header-below-stick-meta":"","astra-migrate-meta-layouts":"default","ast-page-background-enabled":"default","ast-page-background-meta":{"desktop":{"background-color":"var(--ast-global-color-4)","background-image":"","background-repeat":"repeat","background-position":"center center","background-size":"auto","background-attachment":"scroll","background-type":"","background-media":"","overlay-type":"","overlay-color":"","overlay-opacity":"","overlay-gradient":""},"tablet":{"background-color":"","background-image":"","background-repeat":"repeat","background-position":"center center","background-size":"auto","background-attachment":"scroll","background-type":"","background-media":"","overlay-type":"","overlay-color":"","overlay-opacity":"","overlay-gradient":""},"mobile":{"background-color":"","background-image":"","background-repeat":"repeat","background-position":"center center","background-size":"auto","background-attachment":"scroll","background-type":"","background-media":"","overlay-type":"","overlay-color":"","overlay-opacity":"","overlay-gradient":""}},"ast-content-background-meta":{"desktop":{"background-color":"var(--ast-global-color-5)","background-image":"","background-repeat":"repeat","background-position":"center center","background-size":"auto","background-attachment":"scroll","background-type":"","background-media":"","overlay-type":"","overlay-color":"","overlay-opacity":"","overlay-gradient":""},"tablet":{"background-color":"var(--ast-global-color-5)","background-image":"","background-repeat":"repeat","background-position":"center center","background-size":"auto","background-attachment":"scroll","background-type":"","background-media":"","overlay-type":"","overlay-color":"","overlay-opacity":"","overlay-gradient":""},"mobile":{"background-color":"var(--ast-global-color-5)","background-image":"","background-repeat":"repeat","background-position":"center center","background-size":"auto","background-attachment":"scroll","background-type":"","background-media":"","overlay-type":"","overlay-color":"","overlay-opacity":"","overlay-gradient":""}},"footnotes":""},"categories":[1,4],"tags":[104],"class_list":["post-9379","post","type-post","status-publish","format-standard","hentry","category-general","category-portada","tag-declaracio-responsable"],"post_mailing_queue_ids":[],"_links":{"self":[{"href":"https:\/\/agora.xtec.cat\/escolafrancescfeliu\/wp-json\/wp\/v2\/posts\/9379","targetHints":{"allow":["GET"]}}],"collection":[{"href":"https:\/\/agora.xtec.cat\/escolafrancescfeliu\/wp-json\/wp\/v2\/posts"}],"about":[{"href":"https:\/\/agora.xtec.cat\/escolafrancescfeliu\/wp-json\/wp\/v2\/types\/post"}],"author":[{"embeddable":true,"href":"https:\/\/agora.xtec.cat\/escolafrancescfeliu\/wp-json\/wp\/v2\/users\/1"}],"replies":[{"embeddable":true,"href":"https:\/\/agora.xtec.cat\/escolafrancescfeliu\/wp-json\/wp\/v2\/comments?post=9379"}],"version-history":[{"count":2,"href":"https:\/\/agora.xtec.cat\/escolafrancescfeliu\/wp-json\/wp\/v2\/posts\/9379\/revisions"}],"predecessor-version":[{"id":9384,"href":"https:\/\/agora.xtec.cat\/escolafrancescfeliu\/wp-json\/wp\/v2\/posts\/9379\/revisions\/9384"}],"wp:attachment":[{"href":"https:\/\/agora.xtec.cat\/escolafrancescfeliu\/wp-json\/wp\/v2\/media?parent=9379"}],"wp:term":[{"taxonomy":"category","embeddable":true,"href":"https:\/\/agora.xtec.cat\/escolafrancescfeliu\/wp-json\/wp\/v2\/categories?post=9379"},{"taxonomy":"post_tag","embeddable":true,"href":"https:\/\/agora.xtec.cat\/escolafrancescfeliu\/wp-json\/wp\/v2\/tags?post=9379"}],"curies":[{"name":"wp","href":"https:\/\/api.w.org\/{rel}","templated":true}]}}