{"id":9369,"date":"2020-09-09T20:38:17","date_gmt":"2020-09-09T18:38:17","guid":{"rendered":"http:\/\/agora.xtec.cat\/escolafrancescfeliu\/?p=9369"},"modified":"2020-09-09T20:38:17","modified_gmt":"2020-09-09T18:38:17","slug":"inici-del-curs-escolar-2020-21","status":"publish","type":"post","link":"https:\/\/agora.xtec.cat\/escolafrancescfeliu\/general\/inici-del-curs-escolar-2020-21\/","title":{"rendered":"INICI DEL CURS ESCOLAR 2020-21"},"content":{"rendered":"<p style=\"text-align: justify;\">Benvolgudes fam\u00edlies,<\/p>\n<p style=\"text-align: justify;\">S\u2019acosta la tornada a l\u2019escola, el proper dilluns dia 14 de setembre comen\u00e7a el nou curs escolar 2020-2021.<\/p>\n<p style=\"text-align: justify;\">El retorn f\u00edsic \u00e9s m\u00e9s necessari que mai pels nostres infants despr\u00e9s de la situaci\u00f3 viscuda el curs passat, amb prud\u00e8ncia, per\u00f2 amb la intenci\u00f3 de normalitzar a l\u2019\u00e0mbit escolar aquesta nova realitat, ja que la presencialitat \u00e9s el principal objectiu a l\u2019educaci\u00f3 infantil i prim\u00e0ria.<\/p>\n<p style=\"text-align: justify;\">Des del Departament d\u2019Educaci\u00f3 es va instar a les escoles a dur a terme un Pla d\u2019Organitzaci\u00f3 per al Funcionament d\u2019aquest nou curs en situaci\u00f3 de pand\u00e8mia.. El tindreu disponible a la p\u00e0gina web de l\u2019escola, per\u00f2 abans haur\u00e0 estat aprovat pel Consell Escolar. Aix\u00f2 no vol dir que no hi pugui haver alguns canvis al llarg del curs, especialment al principi, ja que es tracta d\u2019un pla obert.<\/p>\n<p style=\"text-align: justify;\">Us avancem algunes q\u00fcestions relatives als agrupaments, horaris, espais i mesures higi\u00e8niques:<\/p>\n<p style=\"text-align: justify;\">&#8211; A l\u2019escola ens organitzarem amb grups estables o bombolla.<\/p>\n<p style=\"text-align: justify;\">En aquest sentit us recomanem mantenir els infants en el seu grup estable sempre que sigui possible, tant a l\u2019escola com fora d\u2019aquesta.<\/p>\n<p style=\"text-align: justify;\">&#8211; L\u2019alumnat de prim\u00e0ria (de 1r a 6\u00e8) haur\u00e0 de venir a l\u2019escola amb mascareta. El centre proporcionar\u00e0 (subvenci\u00f3 de l\u2019AMPA) una ronyonera a tot l\u2019alumnat per guardar-la (kit covid).<\/p>\n<p style=\"text-align: justify;\">&#8211; Aquest curs no hi haur\u00e0 sisena hora, aix\u00f2 comporta modificar l\u2019horari lectiu.<\/p>\n<p style=\"text-align: justify;\">&#8211; Les entrades i sortides seran esglaonades al mat\u00ed, migdia i a la tarda. L\u2019horari marc ser\u00e0 de les 9.00h a les 12.30h i de les 15.00h a les 16.30h.<\/p>\n<p style=\"text-align: justify;\">Per tant, us demanem que seguiu els horaris que us fem arribar a l\u2019adjunt d\u2019aquest ebando.<\/p>\n<p style=\"text-align: justify;\">&#8211; Excepcionalment, aquest curs, les fam\u00edlies no podran accedir a l\u2019edifici escolar, exceptuant l\u2019adaptaci\u00f3 a P3 (tres primers dies) i per tr\u00e0mits administratius i tutories, sempre amb cita pr\u00e8via.<\/p>\n<p style=\"text-align: justify;\">&#8211; Durant el temps de pati es respectaran els grups estables per zones delimitades.<\/p>\n<p style=\"text-align: justify;\">&#8211; Les fam\u00edlies hauran de signar la declaraci\u00f3 de responsabilitat amb que es comprometran a informar que l\u2019alumne\/a no t\u00e9 s\u00edmptomes compatibles amb la COVID ni ha estat amb ning\u00fa que hagi estat positiu quan sigui al centre i informar en el cas que es produeixin s\u00edmptomes.<\/p>\n<p style=\"text-align: justify;\">Davant l\u2019aparici\u00f3 de s\u00edmptomes compatibles amb la Covid-19, els pares i mares tenen l\u2019obligaci\u00f3 de posar-se en contacte amb els serveis m\u00e8dics i no poden portar els infants a l\u2019escola fins que aquests determinin l\u2019abast de la malaltia.<\/p>\n<p style=\"text-align: justify;\">&#8211; Les mesures higi\u00e8niques que es portaran a terme tant a l\u2019horari lectiu com al menjador seran les que indiquin en tot moment els Departaments d\u2019Educaci\u00f3 i Salut (rentat de mans amb sab\u00f3 i gel hidroalcoh\u00f2lic, ventilaci\u00f3 dels espais, la dist\u00e0ncia f\u00edsica, desinfecci\u00f3 dels espais i estris utilitzats&#8230;).<\/p>\n<p style=\"text-align: justify;\">&#8211; Per a facilitar l\u2019organitzaci\u00f3 tamb\u00e9 us demanem que els nens i nenes no vagin a l\u2019escola amb patinets ni bicicletes, i que la persona que els acompanyi fins a l\u2019escola (alumnes de P3, P4, P5 d\u2019educaci\u00f3 infantil i 1r i 2n d\u2019educaci\u00f3 prim\u00e0ria) estigui el temps just per deixar els infants.<\/p>\n<p style=\"text-align: justify;\">&#8211; Des de l\u2019AMPA, es continuar\u00e0 informant de tot all\u00f2 que es gestiona directament des de l\u2019Associaci\u00f3 com ara les activitats extraescolars.<\/p>\n<p style=\"text-align: justify;\">Les reunions generals, a causa de la situaci\u00f3 actual, les realitzarem telem\u00e0ticament, m\u00e9s endavant us facilitarem l\u2019enlla\u00e7.<\/p>\n<p style=\"text-align: justify;\">Els principals canals de comunicaci\u00f3 escola-fam\u00edlies s\u00f3n:<\/p>\n<p style=\"text-align: justify;\">. ebando Escola Francesc Feliu<\/p>\n<p style=\"text-align: justify;\">. web de l\u2019escola <a href=\"https:\/\/agora.xtec.cat\/escolafrancescfeliu\/\">https:\/\/agora.xtec.cat\/escolafrancescfeliu\/<\/a><\/p>\n<p style=\"text-align: justify;\">. Plataforma EIX <a href=\"https:\/\/educaciodigital.cat\/escolafrancescfeliu\/moodle\/\">https:\/\/educaciodigital.cat\/escolafrancescfeliu\/moodle\/<\/a><\/p>\n<p style=\"text-align: justify;\">. Aplicaci\u00f3 TOK APP<\/p>\n<p style=\"text-align: justify;\">. Correu electr\u00f2nic de l\u2019escola <a href=\"mailto:c5000730@xtec.cat\">c5000730@xtec.cat<\/a> i de les fam\u00edlies.<\/p>\n<p style=\"text-align: justify;\">Es recomana a totes les fam\u00edlies descarregar-se les aplicaci\u00f3ns de l\u2019ebando de l\u2019Escola Francesc Feliu i tamb\u00e9 Tok App School per seguir les indicacions i not\u00edcies de forma m\u00e9s r\u00e0pida.<\/p>\n<p style=\"text-align: justify;\">Esperem que aquesta primera comunicaci\u00f3 us proporcioni confian\u00e7a en la tornada a l\u2019escola aquest proper curs i que tots plegats tinguem un bon inici.<\/p>\n<p style=\"text-align: justify;\">Ben cordialment,<\/p>\n<p style=\"text-align: justify;\">L\u2019Equip Directiu i el col\u00b7lectiu docent,<\/p>\n<p style=\"text-align: justify;\">9 de setembre de 2020<\/p>\n<p><a href=\"https:\/\/agora.xtec.cat\/escolafrancescfeliu\/wp-content\/uploads\/usu213\/2020\/09\/organitzacio-aules-i-horaris.pdf\">organitzacio aules i horaris<\/a><\/p>\n<p><a href=\"https:\/\/agora.xtec.cat\/escolafrancescfeliu\/wp-content\/uploads\/usu213\/2020\/09\/simptomatologia-covid-19.pdf\">simptomatologia covid-19<\/a><\/p>\n","protected":false},"excerpt":{"rendered":"<p>Benvolgudes fam\u00edlies, S\u2019acosta la tornada a l\u2019escola, el proper dilluns dia 14 de setembre comen\u00e7a el nou curs escolar 2020-2021. El retorn f\u00edsic \u00e9s m\u00e9s necessari que mai pels nostres infants despr\u00e9s de la situaci\u00f3 viscuda el curs passat, amb prud\u00e8ncia, per\u00f2 amb la intenci\u00f3 de normalitzar a l\u2019\u00e0mbit escolar aquesta nova realitat, ja que [&hellip;]<\/p>\n","protected":false},"author":1,"featured_media":0,"comment_status":"open","ping_status":"closed","sticky":false,"template":"","format":"standard","meta":{"_bbp_topic_count":0,"_bbp_reply_count":0,"_bbp_total_topic_count":0,"_bbp_total_reply_count":0,"_bbp_voice_count":0,"_bbp_anonymous_reply_count":0,"_bbp_topic_count_hidden":0,"_bbp_reply_count_hidden":0,"_bbp_forum_subforum_count":0,"site-sidebar-layout":"default","site-content-layout":"","ast-site-content-layout":"","site-content-style":"default","site-sidebar-style":"default","ast-global-header-display":"","ast-banner-title-visibility":"","ast-main-header-display":"","ast-hfb-above-header-display":"","ast-hfb-below-header-display":"","ast-hfb-mobile-header-display":"","site-post-title":"","ast-breadcrumbs-content":"","ast-featured-img":"","footer-sml-layout":"","theme-transparent-header-meta":"","adv-header-id-meta":"","stick-header-meta":"","header-above-stick-meta":"","header-main-stick-meta":"","header-below-stick-meta":"","astra-migrate-meta-layouts":"default","ast-page-background-enabled":"default","ast-page-background-meta":{"desktop":{"background-color":"var(--ast-global-color-4)","background-image":"","background-repeat":"repeat","background-position":"center center","background-size":"auto","background-attachment":"scroll","background-type":"","background-media":"","overlay-type":"","overlay-color":"","overlay-opacity":"","overlay-gradient":""},"tablet":{"background-color":"","background-image":"","background-repeat":"repeat","background-position":"center center","background-size":"auto","background-attachment":"scroll","background-type":"","background-media":"","overlay-type":"","overlay-color":"","overlay-opacity":"","overlay-gradient":""},"mobile":{"background-color":"","background-image":"","background-repeat":"repeat","background-position":"center center","background-size":"auto","background-attachment":"scroll","background-type":"","background-media":"","overlay-type":"","overlay-color":"","overlay-opacity":"","overlay-gradient":""}},"ast-content-background-meta":{"desktop":{"background-color":"var(--ast-global-color-5)","background-image":"","background-repeat":"repeat","background-position":"center center","background-size":"auto","background-attachment":"scroll","background-type":"","background-media":"","overlay-type":"","overlay-color":"","overlay-opacity":"","overlay-gradient":""},"tablet":{"background-color":"var(--ast-global-color-5)","background-image":"","background-repeat":"repeat","background-position":"center center","background-size":"auto","background-attachment":"scroll","background-type":"","background-media":"","overlay-type":"","overlay-color":"","overlay-opacity":"","overlay-gradient":""},"mobile":{"background-color":"var(--ast-global-color-5)","background-image":"","background-repeat":"repeat","background-position":"center center","background-size":"auto","background-attachment":"scroll","background-type":"","background-media":"","overlay-type":"","overlay-color":"","overlay-opacity":"","overlay-gradient":""}},"footnotes":""},"categories":[1,4],"tags":[97],"class_list":["post-9369","post","type-post","status-publish","format-standard","hentry","category-general","category-portada","tag-inici-de-curs-2020-21"],"post_mailing_queue_ids":[],"_links":{"self":[{"href":"https:\/\/agora.xtec.cat\/escolafrancescfeliu\/wp-json\/wp\/v2\/posts\/9369","targetHints":{"allow":["GET"]}}],"collection":[{"href":"https:\/\/agora.xtec.cat\/escolafrancescfeliu\/wp-json\/wp\/v2\/posts"}],"about":[{"href":"https:\/\/agora.xtec.cat\/escolafrancescfeliu\/wp-json\/wp\/v2\/types\/post"}],"author":[{"embeddable":true,"href":"https:\/\/agora.xtec.cat\/escolafrancescfeliu\/wp-json\/wp\/v2\/users\/1"}],"replies":[{"embeddable":true,"href":"https:\/\/agora.xtec.cat\/escolafrancescfeliu\/wp-json\/wp\/v2\/comments?post=9369"}],"version-history":[{"count":2,"href":"https:\/\/agora.xtec.cat\/escolafrancescfeliu\/wp-json\/wp\/v2\/posts\/9369\/revisions"}],"predecessor-version":[{"id":9374,"href":"https:\/\/agora.xtec.cat\/escolafrancescfeliu\/wp-json\/wp\/v2\/posts\/9369\/revisions\/9374"}],"wp:attachment":[{"href":"https:\/\/agora.xtec.cat\/escolafrancescfeliu\/wp-json\/wp\/v2\/media?parent=9369"}],"wp:term":[{"taxonomy":"category","embeddable":true,"href":"https:\/\/agora.xtec.cat\/escolafrancescfeliu\/wp-json\/wp\/v2\/categories?post=9369"},{"taxonomy":"post_tag","embeddable":true,"href":"https:\/\/agora.xtec.cat\/escolafrancescfeliu\/wp-json\/wp\/v2\/tags?post=9369"}],"curies":[{"name":"wp","href":"https:\/\/api.w.org\/{rel}","templated":true}]}}