{"id":9344,"date":"2020-08-26T16:05:38","date_gmt":"2020-08-26T14:05:38","guid":{"rendered":"http:\/\/agora.xtec.cat\/escolafrancescfeliu\/?p=9344"},"modified":"2020-08-26T16:20:19","modified_gmt":"2020-08-26T14:20:19","slug":"informacions-diverses-inici-de-curs-2020-21","status":"publish","type":"post","link":"https:\/\/agora.xtec.cat\/escolafrancescfeliu\/general\/informacions-diverses-inici-de-curs-2020-21\/","title":{"rendered":"INFORMACIONS DIVERSES INICI DE CURS 2020-21"},"content":{"rendered":"<p id=\"E186\"><span id=\"E187\" class=\"qowt-font7-Arial\">Benvolgudes fam\u00edlies,<\/span><\/p>\n<p id=\"E189\"><span id=\"E190\" class=\"qowt-font7-Arial\">Ja s&#8217;apropa l&#8217;inici de curs i us volem fer arribar unes informacions importants :<\/span><\/p>\n<ul>\n<li id=\"E192\" class=\"qowt-li-0_0 qowt-list\"><span id=\"E193\" class=\"qowt-font7-Arial\">El\u00a0<\/span><span id=\"E194\" class=\"qowt-font7-Arial\">pagament<\/span><span id=\"E195\" class=\"qowt-font7-Arial\">\u00a0de les quotes d&#8217;aquest curs el farem a trav\u00e9s d&#8217;una nova\u00a0<\/span><span id=\"E196\" class=\"qowt-font7-Arial\">aplicaci\u00f3<\/span><span id=\"E197\" class=\"qowt-font7-Arial\">\u00a0que tamb\u00e9 ens servir\u00e0 per comunicacions i altres aspectes. Us farem arribar instruccions de com poder descarregar-la i estarem a la vostra disposici\u00f3 per ajudar-vos si us sorgeix qualsevol problema en la instal\u00b7laci\u00f3. El termini per fer-ho ser\u00e0 tot el m\u00e9s de setembre.<\/span><\/li>\n<li id=\"E199\" class=\"qowt-li-0_0 qowt-list\"><span id=\"E200\" class=\"qowt-font7-Arial\">Disposeu a la p\u00e0gina web del centre el <\/span><span id=\"E201\" class=\"qowt-font7-Arial\">llistat de material<\/span><span id=\"E202\" class=\"qowt-font7-Arial\"> que necessitar\u00e0 l&#8217;alumnat durant aquest curs.<\/span><\/li>\n<li id=\"E204\" class=\"qowt-li-0_0 qowt-list\"><span id=\"E205\" class=\"qowt-font7-Arial\">Aviat podreu trobar a la p\u00e0gina web el <\/span><span id=\"E206\" class=\"qowt-font7-Arial\">Pla d&#8217;Obertura\u00a0<\/span><span id=\"E207\" class=\"qowt-font7-Arial\">provisional que marca aspectes que ens caldr\u00e0 tenir en compte de cara al proper curs. Cal tenir en compte que \u00e9s\u00a0<\/span><span id=\"E208\" class=\"qowt-font7-Arial\">provisional<\/span><span id=\"E209\" class=\"qowt-font7-Arial\">\u00a0i que podr\u00e0 canviar en funci\u00f3 de les noves normatives que puguin arribar del departament.<\/span><\/li>\n<li id=\"E211\" class=\"qowt-li-0_0 qowt-list\"><span id=\"E212\" class=\"qowt-font7-Arial\">Les fam\u00edlies de l&#8217;alumnat que ha de comen\u00e7ar <\/span><span id=\"E213\" class=\"qowt-font7-Arial\">p3\u00a0<\/span><span id=\"E214\" class=\"qowt-font7-Arial\">rebran <\/span><span id=\"E215\" class=\"qowt-font7-Arial\">un <\/span><span id=\"E217\" class=\"qowt-font7-Arial\">email<\/span><span id=\"E219\" class=\"qowt-font7-Arial\"> o b\u00e9 <\/span><span id=\"E220\" class=\"qowt-font7-Arial\"> trucada de la mestra durant els primers dies de setembre per tal de planificar la incorporaci\u00f3\u00a0 a l&#8217;escola.<\/span><\/li>\n<\/ul>\n<p id=\"E222\" class=\"qowt-li-0_0 qowt-list\"><span id=\"E223\" class=\"qowt-font7-Arial\">Per qualsevol dubte ens trobareu a l&#8217;escola a partir del\u00a0<\/span><span id=\"E224\" class=\"qowt-font7-Arial\">31 d&#8217;agost al mat\u00ed<\/span><span id=\"E225\" class=\"qowt-font7-Arial\">, o a trav\u00e9s del\u00a0<\/span><span id=\"E226\" class=\"qowt-font7-Arial\">correu electr\u00f2nic<\/span><span id=\"E227\" class=\"qowt-font7-Arial\">\u00a0en qualsevol moment.<\/span><\/p>\n<p id=\"E230\"><span id=\"E231\" class=\"qowt-font7-Arial\">Fins ben aviat.<\/span><\/p>\n<p id=\"E235\"><span id=\"E236\" class=\"qowt-font7-Arial\">Equip Directiu<\/span><\/p>\n","protected":false},"excerpt":{"rendered":"<p>Benvolgudes fam\u00edlies, Ja s&#8217;apropa l&#8217;inici de curs i us volem fer arribar unes informacions importants : El\u00a0pagament\u00a0de les quotes d&#8217;aquest curs el farem a trav\u00e9s d&#8217;una nova\u00a0aplicaci\u00f3\u00a0que tamb\u00e9 ens servir\u00e0 per comunicacions i altres aspectes. Us farem arribar instruccions de com poder descarregar-la i estarem a la vostra disposici\u00f3 per ajudar-vos si us sorgeix qualsevol [&hellip;]<\/p>\n","protected":false},"author":1,"featured_media":0,"comment_status":"open","ping_status":"closed","sticky":false,"template":"","format":"standard","meta":{"_bbp_topic_count":0,"_bbp_reply_count":0,"_bbp_total_topic_count":0,"_bbp_total_reply_count":0,"_bbp_voice_count":0,"_bbp_anonymous_reply_count":0,"_bbp_topic_count_hidden":0,"_bbp_reply_count_hidden":0,"_bbp_forum_subforum_count":0,"site-sidebar-layout":"default","site-content-layout":"","ast-site-content-layout":"","site-content-style":"default","site-sidebar-style":"default","ast-global-header-display":"","ast-banner-title-visibility":"","ast-main-header-display":"","ast-hfb-above-header-display":"","ast-hfb-below-header-display":"","ast-hfb-mobile-header-display":"","site-post-title":"","ast-breadcrumbs-content":"","ast-featured-img":"","footer-sml-layout":"","theme-transparent-header-meta":"","adv-header-id-meta":"","stick-header-meta":"","header-above-stick-meta":"","header-main-stick-meta":"","header-below-stick-meta":"","astra-migrate-meta-layouts":"default","ast-page-background-enabled":"default","ast-page-background-meta":{"desktop":{"background-color":"var(--ast-global-color-4)","background-image":"","background-repeat":"repeat","background-position":"center center","background-size":"auto","background-attachment":"scroll","background-type":"","background-media":"","overlay-type":"","overlay-color":"","overlay-opacity":"","overlay-gradient":""},"tablet":{"background-color":"","background-image":"","background-repeat":"repeat","background-position":"center center","background-size":"auto","background-attachment":"scroll","background-type":"","background-media":"","overlay-type":"","overlay-color":"","overlay-opacity":"","overlay-gradient":""},"mobile":{"background-color":"","background-image":"","background-repeat":"repeat","background-position":"center center","background-size":"auto","background-attachment":"scroll","background-type":"","background-media":"","overlay-type":"","overlay-color":"","overlay-opacity":"","overlay-gradient":""}},"ast-content-background-meta":{"desktop":{"background-color":"var(--ast-global-color-5)","background-image":"","background-repeat":"repeat","background-position":"center center","background-size":"auto","background-attachment":"scroll","background-type":"","background-media":"","overlay-type":"","overlay-color":"","overlay-opacity":"","overlay-gradient":""},"tablet":{"background-color":"var(--ast-global-color-5)","background-image":"","background-repeat":"repeat","background-position":"center center","background-size":"auto","background-attachment":"scroll","background-type":"","background-media":"","overlay-type":"","overlay-color":"","overlay-opacity":"","overlay-gradient":""},"mobile":{"background-color":"var(--ast-global-color-5)","background-image":"","background-repeat":"repeat","background-position":"center center","background-size":"auto","background-attachment":"scroll","background-type":"","background-media":"","overlay-type":"","overlay-color":"","overlay-opacity":"","overlay-gradient":""}},"footnotes":""},"categories":[1,4],"tags":[97],"class_list":["post-9344","post","type-post","status-publish","format-standard","hentry","category-general","category-portada","tag-inici-de-curs-2020-21"],"post_mailing_queue_ids":[],"_links":{"self":[{"href":"https:\/\/agora.xtec.cat\/escolafrancescfeliu\/wp-json\/wp\/v2\/posts\/9344","targetHints":{"allow":["GET"]}}],"collection":[{"href":"https:\/\/agora.xtec.cat\/escolafrancescfeliu\/wp-json\/wp\/v2\/posts"}],"about":[{"href":"https:\/\/agora.xtec.cat\/escolafrancescfeliu\/wp-json\/wp\/v2\/types\/post"}],"author":[{"embeddable":true,"href":"https:\/\/agora.xtec.cat\/escolafrancescfeliu\/wp-json\/wp\/v2\/users\/1"}],"replies":[{"embeddable":true,"href":"https:\/\/agora.xtec.cat\/escolafrancescfeliu\/wp-json\/wp\/v2\/comments?post=9344"}],"version-history":[{"count":3,"href":"https:\/\/agora.xtec.cat\/escolafrancescfeliu\/wp-json\/wp\/v2\/posts\/9344\/revisions"}],"predecessor-version":[{"id":9348,"href":"https:\/\/agora.xtec.cat\/escolafrancescfeliu\/wp-json\/wp\/v2\/posts\/9344\/revisions\/9348"}],"wp:attachment":[{"href":"https:\/\/agora.xtec.cat\/escolafrancescfeliu\/wp-json\/wp\/v2\/media?parent=9344"}],"wp:term":[{"taxonomy":"category","embeddable":true,"href":"https:\/\/agora.xtec.cat\/escolafrancescfeliu\/wp-json\/wp\/v2\/categories?post=9344"},{"taxonomy":"post_tag","embeddable":true,"href":"https:\/\/agora.xtec.cat\/escolafrancescfeliu\/wp-json\/wp\/v2\/tags?post=9344"}],"curies":[{"name":"wp","href":"https:\/\/api.w.org\/{rel}","templated":true}]}}