{"id":9333,"date":"2020-06-17T15:19:41","date_gmt":"2020-06-17T13:19:41","guid":{"rendered":"http:\/\/agora.xtec.cat\/escolafrancescfeliu\/?p=9333"},"modified":"2020-08-26T16:19:16","modified_gmt":"2020-08-26T14:19:16","slug":"beques-menjador-curs-2020-21","status":"publish","type":"post","link":"https:\/\/agora.xtec.cat\/escolafrancescfeliu\/general\/beques-menjador-curs-2020-21\/","title":{"rendered":"BEQUES MENJADOR CURS 2020-21"},"content":{"rendered":"<p id=\"E213\" class=\"qowt-stl-Normal\"><span id=\"E215\" class=\"qowt-font3-Arial\">Benvolgudes fam\u00edlies:<\/span><\/p>\n<p id=\"E217\" class=\"qowt-stl-Normal\"><span id=\"E218\" class=\"qowt-font3-Arial\">En relaci\u00f3 als ajuts individuals de menjador\u00a0 curs 2020\/2021, us informem que el per\u00edode de presentaci\u00f3 de sol\u00b7licituds\u00a0<\/span><span id=\"E219\" class=\"qowt-font3-Arial\">ser\u00e0 del\u00a0<\/span><span id=\"E220\" class=\"qowt-font3-Arial\">17 de JUNY<\/span><span id=\"E221\" class=\"qowt-font3-Arial\">\u00a0de 2020 al\u00a0<\/span><span id=\"E222\" class=\"qowt-font3-Arial\">17 de JULIOL<\/span><span id=\"E223\" class=\"qowt-font3-Arial\">\u00a0de 2020 ambd\u00f3s inclosos.<\/span><\/p>\n<p id=\"E224\" class=\"qowt-stl-Normal\"><span id=\"E225\" class=\"qowt-font3-Arial\">\u00a0<\/span><span id=\"E227\" class=\"qowt-font3-Arial\">Us adjuntem el model de sol\u00b7licitud i les bases que regulen els ajuts de menjador del curs 2020\/2021.<\/span><\/p>\n<p id=\"E228\" class=\"qowt-stl-Normal\"><span id=\"E229\" class=\"qowt-font3-Arial\">\u00a0<\/span><span id=\"E231\" class=\"qowt-font3-Arial\">Tamb\u00e9 adjuntem informaci\u00f3 sobre la presentaci\u00f3 de les beques menjador 2020\/2021 per internet, \u00e9s un esquema dels passos a seguir per fer la sol\u00b7licitud i entregar-la telem\u00e0ticament sense necessitat de cap despla\u00e7ament. Tamb\u00e9 us lliurem un document de FAQS (preguntes freq\u00fcents) que creiem ser\u00e0 de gran ajuda.<\/span><\/p>\n<p id=\"E232\" class=\"qowt-stl-Normal\"><span id=\"E233\" class=\"qowt-font3-Arial\">\u00a0<\/span><span id=\"E235\" class=\"qowt-font3-Arial\">Donades les circumst\u00e0ncies, la opci\u00f3 telem\u00e0tica \u00e9s la\u00a0<\/span><span id=\"E236\" class=\"qowt-font3-Arial\">PREFERENT I LA Q<\/span><span id=\"E237\" class=\"qowt-font3-Arial\">UE CALDRIA ANIMAR A QUE FESSIU<\/span><span id=\"E238\" class=\"qowt-font3-Arial\"> LES FAM\u00cdLIES PER ESTALVIAR DESPLA\u00c7AMENTS INNECESSARIS<\/span><span id=\"E239\" class=\"qowt-font3-Arial\">, tenint en compte que no faran<\/span><span id=\"E240\" class=\"qowt-font3-Arial\"> atenci\u00f3 presencial al Consell Comarcal del Se<\/span><span id=\"E241\" class=\"qowt-font3-Arial\">gri\u00e0 i que les escoles sol farem<\/span><span id=\"E242\" class=\"qowt-font3-Arial\"> recollida de les sol\u00b7licituds.<\/span><\/p>\n<p id=\"E244\" class=\"qowt-stl-Textoindependiente\"><span id=\"E245\" class=\"qowt-font3-Arial\">Aquest any tamb\u00e9 ho podeu presentar a l\u2019escola els dies:<\/span><\/p>\n<p id=\"E247\" class=\"qowt-stl-Textoindependiente\"><strong><span id=\"E248\" class=\"qowt-font3-Arial\">Dimarts, 30<\/span><span id=\"E249\" class=\"qowt-font3-Arial\"> juny<\/span><\/strong><\/p>\n<p class=\"qowt-stl-Textoindependiente\"><strong><span id=\"E251\" class=\"qowt-font3-Arial\">Dijous,<\/span><span id=\"E252\" class=\"qowt-font3-Arial\"> <\/span><span id=\"E253\" class=\"qowt-font3-Arial\">2<\/span><span id=\"E254\" class=\"qowt-font3-Arial\"> juliol<\/span><\/strong><\/p>\n<p id=\"E256\" class=\"qowt-stl-Textoindependiente\"><strong><span id=\"E257\" class=\"qowt-font3-Arial\">Atendrem amb cita pr\u00e8via: de 9:30 a 13 h.<\/span><\/strong><\/p>\n<p id=\"E258\" class=\"qowt-stl-Textoindependiente\"><span id=\"E259\" class=\"qowt-font3-Arial\">Per demanar cita pr\u00e8via, truqueu al <\/span><span id=\"E260\" class=\"qowt-font3-Arial\">973 79 44 19<\/span><span id=\"E261\" class=\"qowt-font3-Arial\"> <\/span><span id=\"E262\" class=\"qowt-font3-Arial\">de dilluns a divendres de 9h a 13h <\/span><span id=\"E263\" class=\"qowt-font3-Arial\">o per correu electr\u00f2nic <strong>c5000730<\/strong><\/span><strong><span id=\"E264\" class=\"qowt-font3-Arial\">@xtec.cat<\/span><\/strong><\/p>\n<p>Podeu trobar m\u00e9s informaci\u00f3 a : <a href=\"https:\/\/www.segria.cat\/\" target=\"_blank\" rel=\"noopener noreferrer\" data-saferedirecturl=\"https:\/\/www.google.com\/url?q=https:\/\/www.segria.cat&amp;source=gmail&amp;ust=1592485336749000&amp;usg=AFQjCNHalw9vcpTt0LRHodFFwtlU1MB4rg\">https:\/\/www.segria.cat<\/a><\/p>\n<div class=\"gmail_quote\"><\/div>\n<p><span id=\"E267\" class=\"qowt-font3-Arial\">Moltes gr\u00e0cies per la vostra comprensi\u00f3 i col\u00b7laboraci\u00f3.<\/span><\/p>\n<p id=\"E269\" class=\"qowt-stl-Normal\"><span id=\"E270\" class=\"qowt-font3-Arial\">Aitona<\/span><span id=\"E271\" class=\"qowt-font3-Arial\">, 1<\/span><span id=\"E272\" class=\"qowt-font3-Arial\">7<\/span><span id=\"E273\" class=\"qowt-font3-Arial\"> de juny de 2020.<\/span><\/p>\n<p id=\"E275\" class=\"qowt-stl-Normal\"><span id=\"E276\" class=\"qowt-font3-Arial\">Atentament, Equip directiu<\/span><\/p>\n<p><a href=\"https:\/\/agora.xtec.cat\/escolafrancescfeliu\/wp-content\/uploads\/usu213\/2020\/06\/SOL\u00b7LICITUD-BEQUES-2020-2021.pdf\">SOL\u00b7LICITUD BEQUES 2020-2021<\/a><\/p>\n<p><a href=\"https:\/\/agora.xtec.cat\/escolafrancescfeliu\/wp-content\/uploads\/usu213\/2020\/06\/BASES-BEQUES-2020-2021.pdf\">BASES BEQUES 2020-2021<\/a><\/p>\n<p><a href=\"https:\/\/agora.xtec.cat\/escolafrancescfeliu\/wp-content\/uploads\/usu213\/2020\/06\/INDICACIONS-I-GUIA-PER-REALITZAR-LA-SOL.LICITUD-DE-BECA-MENJADOR-TELEM\u00c0TICA-2.pdf\">INDICACIONS I GUIA PER REALITZAR LA SOL.LICITUD DE BECA MENJADOR TELEM\u00c0TICA (2)<\/a><\/p>\n<p><a href=\"https:\/\/agora.xtec.cat\/escolafrancescfeliu\/wp-content\/uploads\/usu213\/2020\/06\/FAQS-PRESENTACIO-BEQUES-MENJADOR-2020-2021_V02.pdf\">FAQS PRESENTACIO BEQUES MENJADOR 2020-2021_V02<\/a><\/p>\n","protected":false},"excerpt":{"rendered":"<p>Benvolgudes fam\u00edlies: En relaci\u00f3 als ajuts individuals de menjador\u00a0 curs 2020\/2021, us informem que el per\u00edode de presentaci\u00f3 de sol\u00b7licituds\u00a0ser\u00e0 del\u00a017 de JUNY\u00a0de 2020 al\u00a017 de JULIOL\u00a0de 2020 ambd\u00f3s inclosos. \u00a0Us adjuntem el model de sol\u00b7licitud i les bases que regulen els ajuts de menjador del curs 2020\/2021. \u00a0Tamb\u00e9 adjuntem informaci\u00f3 sobre la presentaci\u00f3 de [&hellip;]<\/p>\n","protected":false},"author":1,"featured_media":0,"comment_status":"open","ping_status":"closed","sticky":false,"template":"","format":"standard","meta":{"_bbp_topic_count":0,"_bbp_reply_count":0,"_bbp_total_topic_count":0,"_bbp_total_reply_count":0,"_bbp_voice_count":0,"_bbp_anonymous_reply_count":0,"_bbp_topic_count_hidden":0,"_bbp_reply_count_hidden":0,"_bbp_forum_subforum_count":0,"site-sidebar-layout":"default","site-content-layout":"","ast-site-content-layout":"","site-content-style":"default","site-sidebar-style":"default","ast-global-header-display":"","ast-banner-title-visibility":"","ast-main-header-display":"","ast-hfb-above-header-display":"","ast-hfb-below-header-display":"","ast-hfb-mobile-header-display":"","site-post-title":"","ast-breadcrumbs-content":"","ast-featured-img":"","footer-sml-layout":"","theme-transparent-header-meta":"","adv-header-id-meta":"","stick-header-meta":"","header-above-stick-meta":"","header-main-stick-meta":"","header-below-stick-meta":"","astra-migrate-meta-layouts":"default","ast-page-background-enabled":"default","ast-page-background-meta":{"desktop":{"background-color":"var(--ast-global-color-4)","background-image":"","background-repeat":"repeat","background-position":"center center","background-size":"auto","background-attachment":"scroll","background-type":"","background-media":"","overlay-type":"","overlay-color":"","overlay-opacity":"","overlay-gradient":""},"tablet":{"background-color":"","background-image":"","background-repeat":"repeat","background-position":"center center","background-size":"auto","background-attachment":"scroll","background-type":"","background-media":"","overlay-type":"","overlay-color":"","overlay-opacity":"","overlay-gradient":""},"mobile":{"background-color":"","background-image":"","background-repeat":"repeat","background-position":"center center","background-size":"auto","background-attachment":"scroll","background-type":"","background-media":"","overlay-type":"","overlay-color":"","overlay-opacity":"","overlay-gradient":""}},"ast-content-background-meta":{"desktop":{"background-color":"var(--ast-global-color-5)","background-image":"","background-repeat":"repeat","background-position":"center center","background-size":"auto","background-attachment":"scroll","background-type":"","background-media":"","overlay-type":"","overlay-color":"","overlay-opacity":"","overlay-gradient":""},"tablet":{"background-color":"var(--ast-global-color-5)","background-image":"","background-repeat":"repeat","background-position":"center center","background-size":"auto","background-attachment":"scroll","background-type":"","background-media":"","overlay-type":"","overlay-color":"","overlay-opacity":"","overlay-gradient":""},"mobile":{"background-color":"var(--ast-global-color-5)","background-image":"","background-repeat":"repeat","background-position":"center center","background-size":"auto","background-attachment":"scroll","background-type":"","background-media":"","overlay-type":"","overlay-color":"","overlay-opacity":"","overlay-gradient":""}},"footnotes":""},"categories":[1,4],"tags":[96],"class_list":["post-9333","post","type-post","status-publish","format-standard","hentry","category-general","category-portada","tag-bequesmenjador"],"post_mailing_queue_ids":[],"_links":{"self":[{"href":"https:\/\/agora.xtec.cat\/escolafrancescfeliu\/wp-json\/wp\/v2\/posts\/9333","targetHints":{"allow":["GET"]}}],"collection":[{"href":"https:\/\/agora.xtec.cat\/escolafrancescfeliu\/wp-json\/wp\/v2\/posts"}],"about":[{"href":"https:\/\/agora.xtec.cat\/escolafrancescfeliu\/wp-json\/wp\/v2\/types\/post"}],"author":[{"embeddable":true,"href":"https:\/\/agora.xtec.cat\/escolafrancescfeliu\/wp-json\/wp\/v2\/users\/1"}],"replies":[{"embeddable":true,"href":"https:\/\/agora.xtec.cat\/escolafrancescfeliu\/wp-json\/wp\/v2\/comments?post=9333"}],"version-history":[{"count":3,"href":"https:\/\/agora.xtec.cat\/escolafrancescfeliu\/wp-json\/wp\/v2\/posts\/9333\/revisions"}],"predecessor-version":[{"id":9340,"href":"https:\/\/agora.xtec.cat\/escolafrancescfeliu\/wp-json\/wp\/v2\/posts\/9333\/revisions\/9340"}],"wp:attachment":[{"href":"https:\/\/agora.xtec.cat\/escolafrancescfeliu\/wp-json\/wp\/v2\/media?parent=9333"}],"wp:term":[{"taxonomy":"category","embeddable":true,"href":"https:\/\/agora.xtec.cat\/escolafrancescfeliu\/wp-json\/wp\/v2\/categories?post=9333"},{"taxonomy":"post_tag","embeddable":true,"href":"https:\/\/agora.xtec.cat\/escolafrancescfeliu\/wp-json\/wp\/v2\/tags?post=9333"}],"curies":[{"name":"wp","href":"https:\/\/api.w.org\/{rel}","templated":true}]}}