{"id":9301,"date":"2020-05-31T16:03:58","date_gmt":"2020-05-31T14:03:58","guid":{"rendered":"http:\/\/agora.xtec.cat\/escolafrancescfeliu\/?p=9301"},"modified":"2020-06-03T00:20:20","modified_gmt":"2020-06-02T22:20:20","slug":"saltem-i-ballem","status":"publish","type":"post","link":"https:\/\/agora.xtec.cat\/escolafrancescfeliu\/portada\/saltem-i-ballem\/","title":{"rendered":"Saltem i ballem!"},"content":{"rendered":"<div id=\"meta\" class=\"style-scope ytd-watch-flexy\">\n<div id=\"meta-contents\" class=\"style-scope ytd-watch-flexy\">\n<div id=\"container\" class=\"style-scope ytd-video-secondary-info-renderer\">\n<div id=\"content\" class=\"style-scope ytd-expander\">\n<div id=\"description\" class=\"style-scope ytd-video-secondary-info-renderer\">Aquest any est\u00e0vem inscrits al programa <strong>&#8220;Saltem i ballem&#8221;<\/strong> en el qual hav\u00edem de realitzar una s\u00e8rie de <strong>sardanes<\/strong> les quals es ballarien en una trobada comarcal i les altres en germanor durant la diada de Sant Jordi.<\/div>\n<div class=\"style-scope ytd-video-secondary-info-renderer\">Un cop m\u00e9s els nostres projectes s&#8217;han vist troncats a causa de la pand\u00e8mia que vivim malgrat no ens ha privat de poder gaudir d&#8217;aquesta dansa tant nostrada de manera telem\u00e0tica.<\/div>\n<div><\/div>\n<div class=\"style-scope ytd-video-secondary-info-renderer\">A continuaci\u00f3 us fem una petita mostra dels diferents punts que ens han enviat amb molta il\u00b7lusi\u00f3 les\/els nostres alumnes.<\/div>\n<div class=\"style-scope ytd-video-secondary-info-renderer\">El tema escollit \u00e9s: <strong><em>&#8220;Shardakira&#8221;<\/em><\/strong> del disc <em>&#8220;Sardaxou 8&#8221;<\/em> de la <em>&#8220;Cobla Contempor\u00e0nia&#8221; .<\/em><\/div>\n<\/div>\n<\/div>\n<div><iframe loading=\"lazy\" src=\"\/\/www.youtube.com\/embed\/rSBGjT1eNks\" width=\"560\" height=\"315\" frameborder=\"0\"><\/iframe><\/div>\n<div>Moltes gr\u00e0cies per l&#8217;esfor\u00e7, un cop m\u00e9s feu que tot plegat valgui la pena.\u263a<\/div>\n<div id=\"container\" class=\"style-scope ytd-video-secondary-info-renderer\">\n<div id=\"always-shown\" class=\"style-scope ytd-metadata-row-container-renderer\"><\/div>\n<\/div>\n<\/div>\n<\/div>\n<div id=\"header\" class=\"style-scope ytd-item-section-renderer\"><\/div>\n<div id=\"spinner-container\" class=\"style-scope ytd-item-section-renderer\"><\/div>\n<div id=\"contents\" class=\"style-scope ytd-item-section-renderer\">\n<div id=\"icon\" class=\"style-scope ytd-message-renderer\"><\/div>\n<\/div>\n","protected":false},"excerpt":{"rendered":"<p>Saltem i ballem.<\/p>\n","protected":false},"author":1,"featured_media":9302,"comment_status":"open","ping_status":"closed","sticky":false,"template":"","format":"standard","meta":{"_bbp_topic_count":0,"_bbp_reply_count":0,"_bbp_total_topic_count":0,"_bbp_total_reply_count":0,"_bbp_voice_count":0,"_bbp_anonymous_reply_count":0,"_bbp_topic_count_hidden":0,"_bbp_reply_count_hidden":0,"_bbp_forum_subforum_count":0,"site-sidebar-layout":"default","site-content-layout":"","ast-site-content-layout":"","site-content-style":"default","site-sidebar-style":"default","ast-global-header-display":"","ast-banner-title-visibility":"","ast-main-header-display":"","ast-hfb-above-header-display":"","ast-hfb-below-header-display":"","ast-hfb-mobile-header-display":"","site-post-title":"","ast-breadcrumbs-content":"","ast-featured-img":"","footer-sml-layout":"","theme-transparent-header-meta":"","adv-header-id-meta":"","stick-header-meta":"","header-above-stick-meta":"","header-main-stick-meta":"","header-below-stick-meta":"","astra-migrate-meta-layouts":"default","ast-page-background-enabled":"default","ast-page-background-meta":{"desktop":{"background-color":"var(--ast-global-color-4)","background-image":"","background-repeat":"repeat","background-position":"center center","background-size":"auto","background-attachment":"scroll","background-type":"","background-media":"","overlay-type":"","overlay-color":"","overlay-opacity":"","overlay-gradient":""},"tablet":{"background-color":"","background-image":"","background-repeat":"repeat","background-position":"center center","background-size":"auto","background-attachment":"scroll","background-type":"","background-media":"","overlay-type":"","overlay-color":"","overlay-opacity":"","overlay-gradient":""},"mobile":{"background-color":"","background-image":"","background-repeat":"repeat","background-position":"center center","background-size":"auto","background-attachment":"scroll","background-type":"","background-media":"","overlay-type":"","overlay-color":"","overlay-opacity":"","overlay-gradient":""}},"ast-content-background-meta":{"desktop":{"background-color":"var(--ast-global-color-5)","background-image":"","background-repeat":"repeat","background-position":"center center","background-size":"auto","background-attachment":"scroll","background-type":"","background-media":"","overlay-type":"","overlay-color":"","overlay-opacity":"","overlay-gradient":""},"tablet":{"background-color":"var(--ast-global-color-5)","background-image":"","background-repeat":"repeat","background-position":"center center","background-size":"auto","background-attachment":"scroll","background-type":"","background-media":"","overlay-type":"","overlay-color":"","overlay-opacity":"","overlay-gradient":""},"mobile":{"background-color":"var(--ast-global-color-5)","background-image":"","background-repeat":"repeat","background-position":"center center","background-size":"auto","background-attachment":"scroll","background-type":"","background-media":"","overlay-type":"","overlay-color":"","overlay-opacity":"","overlay-gradient":""}},"footnotes":""},"categories":[10,11,4,5],"tags":[78,88,77,89,90],"class_list":["post-9301","post","type-post","status-publish","format-standard","has-post-thumbnail","hentry","category-1r","category-2n","category-portada","category-primaria","tag-cicle-inicial","tag-ensensortirem","tag-musica","tag-saltemiballem","tag-sardanes"],"post_mailing_queue_ids":[],"_links":{"self":[{"href":"https:\/\/agora.xtec.cat\/escolafrancescfeliu\/wp-json\/wp\/v2\/posts\/9301","targetHints":{"allow":["GET"]}}],"collection":[{"href":"https:\/\/agora.xtec.cat\/escolafrancescfeliu\/wp-json\/wp\/v2\/posts"}],"about":[{"href":"https:\/\/agora.xtec.cat\/escolafrancescfeliu\/wp-json\/wp\/v2\/types\/post"}],"author":[{"embeddable":true,"href":"https:\/\/agora.xtec.cat\/escolafrancescfeliu\/wp-json\/wp\/v2\/users\/1"}],"replies":[{"embeddable":true,"href":"https:\/\/agora.xtec.cat\/escolafrancescfeliu\/wp-json\/wp\/v2\/comments?post=9301"}],"version-history":[{"count":2,"href":"https:\/\/agora.xtec.cat\/escolafrancescfeliu\/wp-json\/wp\/v2\/posts\/9301\/revisions"}],"predecessor-version":[{"id":9306,"href":"https:\/\/agora.xtec.cat\/escolafrancescfeliu\/wp-json\/wp\/v2\/posts\/9301\/revisions\/9306"}],"wp:featuredmedia":[{"embeddable":true,"href":"https:\/\/agora.xtec.cat\/escolafrancescfeliu\/wp-json\/wp\/v2\/media\/9302"}],"wp:attachment":[{"href":"https:\/\/agora.xtec.cat\/escolafrancescfeliu\/wp-json\/wp\/v2\/media?parent=9301"}],"wp:term":[{"taxonomy":"category","embeddable":true,"href":"https:\/\/agora.xtec.cat\/escolafrancescfeliu\/wp-json\/wp\/v2\/categories?post=9301"},{"taxonomy":"post_tag","embeddable":true,"href":"https:\/\/agora.xtec.cat\/escolafrancescfeliu\/wp-json\/wp\/v2\/tags?post=9301"}],"curies":[{"name":"wp","href":"https:\/\/api.w.org\/{rel}","templated":true}]}}