{"id":9267,"date":"2020-05-11T13:31:13","date_gmt":"2020-05-11T11:31:13","guid":{"rendered":"http:\/\/agora.xtec.cat\/escolafrancescfeliu\/?p=9267"},"modified":"2020-05-11T13:33:26","modified_gmt":"2020-05-11T11:33:26","slug":"preinscripcio-escolar-curs-2020-2021","status":"publish","type":"post","link":"https:\/\/agora.xtec.cat\/escolafrancescfeliu\/general\/preinscripcio-escolar-curs-2020-2021\/","title":{"rendered":"PREINSCRIPCI\u00d3 ESCOLAR CURS 2020-2021"},"content":{"rendered":"<p><a href=\"https:\/\/agora.xtec.cat\/escolafrancescfeliu\/wp-content\/uploads\/usu213\/2020\/05\/baner-eac1.png_755443858.png\"><img loading=\"lazy\" decoding=\"async\" class=\"aligncenter size-large wp-image-9268\" src=\"https:\/\/agora.xtec.cat\/escolafrancescfeliu\/wp-content\/uploads\/usu213\/2020\/05\/baner-eac1.png_755443858-1024x66.png\" alt=\"\" width=\"1024\" height=\"66\" srcset=\"https:\/\/agora.xtec.cat\/escolafrancescfeliu\/wp-content\/uploads\/usu213\/2020\/05\/baner-eac1.png_755443858-1024x66.png 1024w, https:\/\/agora.xtec.cat\/escolafrancescfeliu\/wp-content\/uploads\/usu213\/2020\/05\/baner-eac1.png_755443858-300x19.png 300w, https:\/\/agora.xtec.cat\/escolafrancescfeliu\/wp-content\/uploads\/usu213\/2020\/05\/baner-eac1.png_755443858-768x50.png 768w, https:\/\/agora.xtec.cat\/escolafrancescfeliu\/wp-content\/uploads\/usu213\/2020\/05\/baner-eac1.png_755443858.png 2000w\" sizes=\"auto, (max-width: 1024px) 100vw, 1024px\" \/><\/a><\/p>\n<p style=\"text-align: justify;\">Benvolgudes fam\u00edlies,<\/p>\n<p style=\"text-align: justify;\">Aquest any, degut a les circunst\u00e0ncies actuals, la preinscripci\u00f3 escolar del curs 2020-2021 es realitzar\u00e0 de la seg\u00fcent manera:<\/p>\n<ul style=\"text-align: justify;\">\n<li>CALENDARI<br \/>\n\uf0b7 Presentaci\u00f3 de sol\u00b7licituds en suport inform\u00e0tic: del 13 al 22 de maig de 2020.<br \/>\n\uf0b7 Presentaci\u00f3 de sol\u00b7licituds presencialment amb cita pr\u00e8via: del 19 al 22 de maig de 2020.<\/li>\n<li><strong style=\"font-family: inherit; font-size: 1em;\">S\u2019aconsella que en el context actual d\u2019emerg\u00e8ncia sanit\u00e0ria ocasionada per la COVID-19, cal <\/strong><strong style=\"font-family: inherit; font-size: 1em;\">reduir al m\u00e0xim els tr\u00e0mits presencials, substituint-los per actuacions telem\u00e0tiques .<\/strong><\/li>\n<\/ul>\n<p style=\"text-align: justify;\">Aquest \u00e9s el procediment per dur a terme la preinscripci\u00f3 telem\u00e0tica:<\/p>\n<ul>\n<li><b>TELEM\u00c0TICAMENT. <\/b><span style=\"font-weight: 400;\">Del 13 al 22 de maig de 2020.<\/span><span style=\"font-weight: 400;\">&#8211; Accedir al suport inform\u00e0tic a <\/span><a href=\"http:\/\/ensenyament.gencat.cat\/ca\/tramits\/tramits-temes\/20483_preinscripcio_escolar?moda=1\"><span style=\"font-weight: 400;\">http:\/\/ensenyament.gencat.cat\/ca\/tramits\/tramits-temes\/20483_preinscripcio_escolar?moda=1<\/span><\/a><span style=\"font-weight: 400;\">&#8211; Enviar el resguard del formulari\u00a0 i la documentaci\u00f3 necess\u00e0ria (escanejada o fotografiada) al correu de l\u2019escola\u00a0 <\/span><a href=\"mailto:c5000730@xtec.cat\"><span style=\"font-weight: 400;\">c5000730@xtec.cat<\/span><\/a><span style=\"font-weight: 400;\">.\u00a0 Des de l\u2019escola es respondr\u00e0 notificant que s\u2019ha rebut el formulari i la documentaci\u00f3.<\/span><b>La sol\u00b7licitud de preinscripci\u00f3 es considera formalitzada amb l&#8217;enviament del correu electr\u00f2nic, amb el resguard i la documentaci\u00f3 acreditativa adjunta.<\/b><\/li>\n<\/ul>\n<p><b><\/b><span style=\"font-family: inherit; font-size: 1em;\">A continuaci\u00f3, expliquem com i quan es far\u00e0 de manera presencial ( per aquelles persones que no poden fer-ho telem\u00e0ticament).<\/span><\/p>\n<ul>\n<li><b>PRESENCIALMENT. <\/b><span style=\"font-weight: 400;\">De manera excepcional del 19 al 22 de maig de 2020.<\/span><b>\u00a0<\/b><\/li>\n<\/ul>\n<p><span style=\"font-weight: 400;\">Cal prendre les mesures preventives necess\u00e0ries, seguint les indicacions de les autoritats sanit\u00e0ries, per garantir la salut de les persones.<\/span><\/p>\n<p><span style=\"font-weight: 400;\">&#8211; Cal demanar cita pr\u00e8via al centre utilitzant\u00a0 el correu de l\u2019escola\u00a0 <\/span><a href=\"mailto:c5000730@xtec.cat\"><span style=\"font-weight: 400;\">c5000730@xtec.cat<\/span><\/a><span style=\"font-weight: 400;\"> o el tel\u00e8fon <\/span><span style=\"font-weight: 400;\">632 48 21 22<\/span><span style=\"font-weight: 400;\"> (de 10.00 h a 13.00 h).<\/span><\/p>\n<ul>\n<li><b>COM ES FAR\u00c0 L\u2019ATENCI\u00d3 PRESENCIAL:<\/b><span style=\"font-weight: 400;\">&#8211; Es far\u00e0 del 19 al 22 de maig de 2020 en horari <\/span><b>de 10.00 h a 13.00 h<\/b><span style=\"font-weight: 400;\">.<\/span><span style=\"font-weight: 400;\">&#8211; Al centre nom\u00e9s pot d\u2019anar a fer les gestions <\/span><b>una sola persona<\/b><span style=\"font-weight: 400;\">.<\/span><span style=\"font-weight: 400;\">No hi poden anar les persones de grups d&#8217;especial vulnerabilitat o en per\u00edode de confinament, o que presentin s\u00edmptomes (poden autoritzar per escrit a una altra persona a portar la sol\u00b7licitud i la documentaci\u00f3).<\/span><span style=\"font-weight: 400;\">&#8211; Cal portar la <\/span><b>sol\u00b7licitud emplenada<\/b><span style=\"font-weight: 400;\"> des de casa (i per si conv\u00e9 portar el seu propi bol\u00edgraf)<\/span><span style=\"font-weight: 400;\">Trobaran el model de la\u00a0 sol\u00b7licitud de preinscripci\u00f3 curs 2020-2021 a <\/span><a href=\"http:\/\/ensenyament.gencat.cat\/web\/shared\/OVT\/Departaments\/ENS\/TramitOVT\/preinscripcio\/obligatoris\/A42.pdf\"><span style=\"font-weight: 400;\">http:\/\/ensenyament.gencat.cat\/web\/shared\/OVT\/Departaments\/ENS\/TramitOVT\/preinscripcio\/obligatoris\/A42.pdf<\/span><\/a>\n<p><span style=\"font-weight: 400;\">&#8211; Cal portar <\/span><b>tota la documentaci\u00f3<\/b><span style=\"font-weight: 400;\">\u00a0 per a poder-la escanejar.<\/span><\/p>\n<p><span style=\"font-weight: 400;\">&#8211; Portar <\/span><b>mascareta i guants<\/b><span style=\"font-weight: 400;\">.<\/span><\/li>\n<li><b>DOCUMENTACI\u00d3 A PRESENTAR.<\/b><span style=\"font-weight: 400;\">&#8211; La <\/span><b>Sol\u00b7licitud de Preinscripci\u00f3 curs 2020-2021 emplenada<\/b><span style=\"font-weight: 400;\"> des de casa.<\/span><span style=\"font-weight: 400;\">&#8211; El <\/span><b>DNI de la persona sol\u00b7licitant<\/b><span style=\"font-weight: 400;\"> (pare, mare, tutor\/a) o, si el sol\u00b7licitant \u00e9s estranger, la targeta de resid\u00e8ncia on consta el NIE o el passaport. Si es tracta d&#8217;estrangers comunitaris, document d&#8217;identitat del pa\u00eds d&#8217;origen.<\/span><span style=\"font-weight: 400;\">&#8211; El <\/span><b>DNI\u00a0de l&#8217;alumne o alumna<\/b><span style=\"font-weight: 400;\"> (si en t\u00e9).<\/span><span style=\"font-weight: 400;\">&#8211; El\u00a0<\/span><b>Llibre de Fam\u00edlia<\/b><span style=\"font-weight: 400;\"> o altres documents relatius a la filiaci\u00f3.\u00a0<\/span><span style=\"font-weight: 400;\">\u00a0(Si l&#8217;alumne o alumna est\u00e0 en situaci\u00f3 d&#8217;acolliment, la resoluci\u00f3 d&#8217;acolliment del Departament de Treball, Afers Socials i Fam\u00edlies).<\/span><\/li>\n<li>M\u00e9s informaci\u00f3: <a href=\"http:\/\/queestudiar.gencat.cat\/es\/preinscripcio\/estudis\/obligatoris\/\">http:\/\/queestudiar.gencat.cat\/es\/preinscripcio\/estudis\/obligatoris\/<\/a><\/li>\n<li>Us animem a visitar la nostra p\u00e0gina web ja que aquest any no podem fer la jornada de portes obertes com feiem.\n<ul>\n<li><a href=\"https:\/\/agora.xtec.cat\/escolafrancescfeliu\/lescola\/\">https:\/\/agora.xtec.cat\/escolafrancescfeliu\/lescola\/<\/a><\/li>\n<li><a href=\"https:\/\/agora.xtec.cat\/escolafrancescfeliu\/projecte-educatiu\/\">https:\/\/agora.xtec.cat\/escolafrancescfeliu\/projecte-educatiu\/<\/a><\/li>\n<\/ul>\n<\/li>\n<\/ul>\n<p style=\"text-align: justify;\">MOLTES GR\u00c0CIES!<a href=\"https:\/\/agora.xtec.cat\/escolafrancescfeliu\/wp-content\/uploads\/usu213\/2020\/05\/preinscripcio20201.jpg\"><img loading=\"lazy\" decoding=\"async\" class=\"aligncenter wp-image-9269\" src=\"https:\/\/agora.xtec.cat\/escolafrancescfeliu\/wp-content\/uploads\/usu213\/2020\/05\/preinscripcio20201.jpg\" alt=\"\" width=\"409\" height=\"159\" srcset=\"https:\/\/agora.xtec.cat\/escolafrancescfeliu\/wp-content\/uploads\/usu213\/2020\/05\/preinscripcio20201.jpg 584w, https:\/\/agora.xtec.cat\/escolafrancescfeliu\/wp-content\/uploads\/usu213\/2020\/05\/preinscripcio20201-300x117.jpg 300w\" sizes=\"auto, (max-width: 409px) 100vw, 409px\" \/><\/a><\/p>\n<p>&nbsp;<\/p>\n","protected":false},"excerpt":{"rendered":"<p>Benvolgudes fam\u00edlies, Aquest any, degut a les circunst\u00e0ncies actuals, la preinscripci\u00f3 escolar del curs 2020-2021 es realitzar\u00e0 de la seg\u00fcent manera: CALENDARI \uf0b7 Presentaci\u00f3 de sol\u00b7licituds en suport inform\u00e0tic: del 13 al 22 de maig de 2020. \uf0b7 Presentaci\u00f3 de sol\u00b7licituds presencialment amb cita pr\u00e8via: del 19 al 22 de maig de 2020. S\u2019aconsella que [&hellip;]<\/p>\n","protected":false},"author":1,"featured_media":0,"comment_status":"open","ping_status":"closed","sticky":false,"template":"","format":"standard","meta":{"_bbp_topic_count":0,"_bbp_reply_count":0,"_bbp_total_topic_count":0,"_bbp_total_reply_count":0,"_bbp_voice_count":0,"_bbp_anonymous_reply_count":0,"_bbp_topic_count_hidden":0,"_bbp_reply_count_hidden":0,"_bbp_forum_subforum_count":0,"site-sidebar-layout":"default","site-content-layout":"","ast-site-content-layout":"","site-content-style":"default","site-sidebar-style":"default","ast-global-header-display":"","ast-banner-title-visibility":"","ast-main-header-display":"","ast-hfb-above-header-display":"","ast-hfb-below-header-display":"","ast-hfb-mobile-header-display":"","site-post-title":"","ast-breadcrumbs-content":"","ast-featured-img":"","footer-sml-layout":"","theme-transparent-header-meta":"","adv-header-id-meta":"","stick-header-meta":"","header-above-stick-meta":"","header-main-stick-meta":"","header-below-stick-meta":"","astra-migrate-meta-layouts":"default","ast-page-background-enabled":"default","ast-page-background-meta":{"desktop":{"background-color":"var(--ast-global-color-4)","background-image":"","background-repeat":"repeat","background-position":"center center","background-size":"auto","background-attachment":"scroll","background-type":"","background-media":"","overlay-type":"","overlay-color":"","overlay-opacity":"","overlay-gradient":""},"tablet":{"background-color":"","background-image":"","background-repeat":"repeat","background-position":"center center","background-size":"auto","background-attachment":"scroll","background-type":"","background-media":"","overlay-type":"","overlay-color":"","overlay-opacity":"","overlay-gradient":""},"mobile":{"background-color":"","background-image":"","background-repeat":"repeat","background-position":"center center","background-size":"auto","background-attachment":"scroll","background-type":"","background-media":"","overlay-type":"","overlay-color":"","overlay-opacity":"","overlay-gradient":""}},"ast-content-background-meta":{"desktop":{"background-color":"var(--ast-global-color-5)","background-image":"","background-repeat":"repeat","background-position":"center center","background-size":"auto","background-attachment":"scroll","background-type":"","background-media":"","overlay-type":"","overlay-color":"","overlay-opacity":"","overlay-gradient":""},"tablet":{"background-color":"var(--ast-global-color-5)","background-image":"","background-repeat":"repeat","background-position":"center center","background-size":"auto","background-attachment":"scroll","background-type":"","background-media":"","overlay-type":"","overlay-color":"","overlay-opacity":"","overlay-gradient":""},"mobile":{"background-color":"var(--ast-global-color-5)","background-image":"","background-repeat":"repeat","background-position":"center center","background-size":"auto","background-attachment":"scroll","background-type":"","background-media":"","overlay-type":"","overlay-color":"","overlay-opacity":"","overlay-gradient":""}},"footnotes":""},"categories":[1,4],"tags":[82],"class_list":["post-9267","post","type-post","status-publish","format-standard","hentry","category-general","category-portada","tag-preinscripcio-2020"],"post_mailing_queue_ids":[],"_links":{"self":[{"href":"https:\/\/agora.xtec.cat\/escolafrancescfeliu\/wp-json\/wp\/v2\/posts\/9267","targetHints":{"allow":["GET"]}}],"collection":[{"href":"https:\/\/agora.xtec.cat\/escolafrancescfeliu\/wp-json\/wp\/v2\/posts"}],"about":[{"href":"https:\/\/agora.xtec.cat\/escolafrancescfeliu\/wp-json\/wp\/v2\/types\/post"}],"author":[{"embeddable":true,"href":"https:\/\/agora.xtec.cat\/escolafrancescfeliu\/wp-json\/wp\/v2\/users\/1"}],"replies":[{"embeddable":true,"href":"https:\/\/agora.xtec.cat\/escolafrancescfeliu\/wp-json\/wp\/v2\/comments?post=9267"}],"version-history":[{"count":3,"href":"https:\/\/agora.xtec.cat\/escolafrancescfeliu\/wp-json\/wp\/v2\/posts\/9267\/revisions"}],"predecessor-version":[{"id":9279,"href":"https:\/\/agora.xtec.cat\/escolafrancescfeliu\/wp-json\/wp\/v2\/posts\/9267\/revisions\/9279"}],"wp:attachment":[{"href":"https:\/\/agora.xtec.cat\/escolafrancescfeliu\/wp-json\/wp\/v2\/media?parent=9267"}],"wp:term":[{"taxonomy":"category","embeddable":true,"href":"https:\/\/agora.xtec.cat\/escolafrancescfeliu\/wp-json\/wp\/v2\/categories?post=9267"},{"taxonomy":"post_tag","embeddable":true,"href":"https:\/\/agora.xtec.cat\/escolafrancescfeliu\/wp-json\/wp\/v2\/tags?post=9267"}],"curies":[{"name":"wp","href":"https:\/\/api.w.org\/{rel}","templated":true}]}}