{"id":9210,"date":"2020-04-14T21:53:21","date_gmt":"2020-04-14T19:53:21","guid":{"rendered":"http:\/\/agora.xtec.cat\/escolafrancescfeliu\/?p=9210"},"modified":"2020-04-14T21:56:02","modified_gmt":"2020-04-14T19:56:02","slug":"tasques-setmana-del-14-al-19-dabril-de-2020","status":"publish","type":"post","link":"https:\/\/agora.xtec.cat\/escolafrancescfeliu\/general\/tasques-setmana-del-14-al-19-dabril-de-2020\/","title":{"rendered":"Tasques Setmana del 14 al 19 d&#8217;abril de 2020"},"content":{"rendered":"<p style=\"text-align: justify;\">Estimades fam\u00edlies, comencem el tercer trimestre i continuem confinats a casa\u00a0a causa de\u00a0la situaci\u00f3 que vivim ara mateix. Esperem que tots i totes continueu b\u00e9 i us animem a no\u00a0defallir, ja que\u00a0el pitjor ja ha passat i segur que ben aviat ens retrobarem tots plegats. Aquesta setmana us deixem les tasques per \u00faltima vegada a la web de l&#8217;escola. Ja que a partir de la setmana vinent funcionarem amb el nou entorn: EIX. Durant la setmana rebreu m\u00e9s indicacions de com entrar en aquest nou entorn virtual.<\/p>\n<p style=\"text-align: justify;\">Una\u00a0abra\u00e7ada!!!<\/p>\n<table style=\"height: 1703px; width: 763px;\" width=\"697\">\n<tbody>\n<tr style=\"height: 132px;\">\n<td style=\"width: 757px; height: 132px;\">\n<h5 style=\"text-align: center;\"><strong><span style=\"color: #ff00ff;\">EDUCACI\u00d3 INFANTIL<\/span><\/strong><\/h5>\n<ul>\n<li style=\"text-align: justify;\">Aquesta setmana les mestres d&#8217;educaci\u00f3 infantil enviaran la feina a trav\u00e9s dels correus electr\u00f2nics a les respectives fam\u00edlies. Aix\u00ed doncs, estigueu atents al correu i sin\u00f3 rebeu les tasques envieu un email al correu: <a href=\"mailto:eifrancescfeliu@gmail.com\">eifrancescfeliu@gmail.com<\/a><\/li>\n<\/ul>\n<\/td>\n<\/tr>\n<tr style=\"height: 110px;\">\n<td style=\"width: 757px; height: 110px;\">\n<h5 style=\"text-align: center;\"><span style=\"color: #00ffff;\">CICLE INICIAL<\/span><\/h5>\n<ul>\n<li>Tasques de primer i segon: <a href=\"https:\/\/agora.xtec.cat\/escolafrancescfeliu\/wp-content\/uploads\/usu213\/2020\/04\/Setmana-del-14-al-17-abril.pdf\">Setmana del 14 al 17 abril<\/a><\/li>\n<li><a href=\"https:\/\/youtu.be\/fTzTFQbdYEQ\">Canta juego-SOY UNA TAZA<\/a><\/li>\n<\/ul>\n<\/td>\n<\/tr>\n<tr style=\"height: 88px;\">\n<td style=\"width: 757px; height: 88px;\">\n<h5 style=\"text-align: center;\"><span style=\"color: #ff0000;\">CICLE MITJ\u00c0<\/span><\/h5>\n<ul>\n<li>Tasques virtuals: <a href=\"https:\/\/agora.xtec.cat\/escolafrancescfeliu\/wp-content\/uploads\/usu213\/2020\/04\/Tutorials-i-activtats-online.docx\">Tutorials i activtats online<\/a><\/li>\n<\/ul>\n<\/td>\n<\/tr>\n<tr style=\"height: 249px;\">\n<td style=\"width: 757px; height: 249px;\">3r:<\/p>\n<ul>\n<li style=\"list-style-type: none;\">\n<ul>\n<li style=\"list-style-type: none;\">\n<ul>\n<li><a href=\"https:\/\/agora.xtec.cat\/escolafrancescfeliu\/wp-content\/uploads\/usu213\/2020\/04\/3r-Catal\u00e0-comprensi\u00f3-1-1.pdf\">3r Catal\u00e0 comprensi\u00f3 1 (1)<\/a><\/li>\n<li><a href=\"https:\/\/agora.xtec.cat\/escolafrancescfeliu\/wp-content\/uploads\/usu213\/2020\/04\/3r-Castellano-lengua-1-1.pdf\">3r Castellano lengua 1 (1)<\/a><\/li>\n<li><a href=\"https:\/\/agora.xtec.cat\/escolafrancescfeliu\/wp-content\/uploads\/usu213\/2020\/04\/3r-Mates-Raonament-l\u00f2gic-1-1.pdf\">3r Mates Raonament l\u00f2gic 1 (1)<\/a><\/li>\n<li><a href=\"https:\/\/agora.xtec.cat\/escolafrancescfeliu\/wp-content\/uploads\/usu213\/2020\/04\/3r-Mates-Problemes-2-1.pdf\">3r Mates Problemes 2 (1)<\/a><\/li>\n<li><a href=\"https:\/\/agora.xtec.cat\/escolafrancescfeliu\/wp-content\/uploads\/usu213\/2020\/04\/3r-Mat.-Operacions-2-1.pdf\">3r Mat. Operacions 2 (1)<\/a><\/li>\n<li><a href=\"https:\/\/agora.xtec.cat\/escolafrancescfeliu\/wp-content\/uploads\/usu213\/2020\/04\/3r-Medi.-Activitats-T.4-2.pdf\">3r Medi. Activitats T.4 (2)<\/a><\/li>\n<li><a href=\"https:\/\/agora.xtec.cat\/escolafrancescfeliu\/wp-content\/uploads\/usu213\/2020\/04\/Digital-book-login.pdf\">Digital book login<\/a><\/li>\n<li><a href=\"https:\/\/agora.xtec.cat\/escolafrancescfeliu\/wp-content\/uploads\/usu213\/2020\/04\/Instructions-to-use-the-heroes-book-on-your-computer.pdf\">Instructions to use the heroes book on your computer<\/a><\/li>\n<\/ul>\n<\/li>\n<\/ul>\n<\/li>\n<\/ul>\n<\/td>\n<\/tr>\n<tr style=\"height: 293px;\">\n<td style=\"width: 757px; height: 293px;\">4t:<\/p>\n<ul>\n<li style=\"list-style-type: none;\">\n<ul>\n<li style=\"list-style-type: none;\">\n<ul>\n<li><a href=\"https:\/\/agora.xtec.cat\/escolafrancescfeliu\/wp-content\/uploads\/usu213\/2020\/04\/4t-Lectura11.pdf\">4t Lectura11<\/a><\/li>\n<li><a href=\"https:\/\/agora.xtec.cat\/escolafrancescfeliu\/wp-content\/uploads\/usu213\/2020\/04\/4t-expressi\u00f3-escrita-els-connectors-1.pdf\">4t expressi\u00f3 escrita &#8211; els connectors (1)<\/a><\/li>\n<li><a href=\"https:\/\/agora.xtec.cat\/escolafrancescfeliu\/wp-content\/uploads\/usu213\/2020\/04\/4t-Acentuaci\u00f3n.pdf\">4t Acentuaci\u00f3n<\/a><\/li>\n<li><a href=\"https:\/\/agora.xtec.cat\/escolafrancescfeliu\/wp-content\/uploads\/usu213\/2020\/04\/4t-Deca-121314-sol-1.pdf\">4t Deca 12,13,14 &#8211; sol (1)<\/a><\/li>\n<li><a href=\"https:\/\/agora.xtec.cat\/escolafrancescfeliu\/wp-content\/uploads\/usu213\/2020\/04\/4t-Divisions.pdf\">4t Divisions<\/a><\/li>\n<li><a href=\"https:\/\/agora.xtec.cat\/escolafrancescfeliu\/wp-content\/uploads\/usu213\/2020\/04\/4t-Divisions1.pdf\">4t Divisions1<\/a><\/li>\n<li><a href=\"https:\/\/agora.xtec.cat\/escolafrancescfeliu\/wp-content\/uploads\/usu213\/2020\/04\/4t-Inventa-un-problema.pdf\">4t Inventa un problema<\/a><\/li>\n<li><a href=\"https:\/\/agora.xtec.cat\/escolafrancescfeliu\/wp-content\/uploads\/usu213\/2020\/04\/4t-Plantes.pdf\">4t Plantes<\/a><\/li>\n<li><a href=\"https:\/\/agora.xtec.cat\/escolafrancescfeliu\/wp-content\/uploads\/usu213\/2020\/04\/Digital-book-login.pdf\">Digital book login<\/a><\/li>\n<li><a href=\"https:\/\/agora.xtec.cat\/escolafrancescfeliu\/wp-content\/uploads\/usu213\/2020\/04\/Instructions-to-use-the-heroes-book-on-your-computer.pdf\">Instructions to use the heroes book on your computer<\/a><\/li>\n<\/ul>\n<\/li>\n<\/ul>\n<\/li>\n<\/ul>\n<\/td>\n<\/tr>\n<tr style=\"height: 49px;\">\n<td style=\"width: 757px; height: 49px;\">\n<h5 style=\"text-align: center;\"><span style=\"color: #800080;\">CICLE SUPERIOR<\/span><\/h5>\n<\/td>\n<\/tr>\n<tr style=\"height: 228px;\">\n<td style=\"width: 757px; height: 228px;\">5\u00e8:<\/p>\n<ul>\n<li style=\"list-style-type: none;\">\n<ul>\n<li style=\"list-style-type: none;\">\n<ul>\n<li><a href=\"https:\/\/agora.xtec.cat\/escolafrancescfeliu\/wp-content\/uploads\/usu213\/2020\/04\/Text-catal\u00e0-5.pdf\">Text catal\u00e0 5<\/a><\/li>\n<li><a href=\"https:\/\/agora.xtec.cat\/escolafrancescfeliu\/wp-content\/uploads\/usu213\/2020\/04\/Escribe-una-carta-5.pdf\">Escribe una carta 5<\/a><\/li>\n<li><a href=\"https:\/\/agora.xtec.cat\/escolafrancescfeliu\/wp-content\/uploads\/usu213\/2020\/04\/REP\u00c0S-DECIMALS-5.pdf\">REP\u00c0S DECIMALS 5<\/a><\/li>\n<li><a href=\"https:\/\/agora.xtec.cat\/escolafrancescfeliu\/wp-content\/uploads\/usu213\/2020\/04\/Els-pulmons-5.pdf\">Els pulmons 5<\/a><\/li>\n<li><a href=\"https:\/\/agora.xtec.cat\/escolafrancescfeliu\/wp-content\/uploads\/usu213\/2020\/04\/Digital-book-login.pdf\">Digital book login<\/a><\/li>\n<li><a href=\"https:\/\/agora.xtec.cat\/escolafrancescfeliu\/wp-content\/uploads\/usu213\/2020\/04\/Instructions-to-use-the-heroes-book-on-your-computer.pdf\">Instructions to use the heroes book on your computer<\/a><\/li>\n<\/ul>\n<\/li>\n<\/ul>\n<\/li>\n<\/ul>\n<\/td>\n<\/tr>\n<tr style=\"height: 492px;\">\n<td style=\"width: 757px; height: 492px;\">6\u00e8:<\/p>\n<ul>\n<li style=\"list-style-type: none;\">\n<ul>\n<li style=\"list-style-type: none;\">\n<ul style=\"margin-bottom: 0px; margin-left: 1.25em; font-size: 14px; font-family: 'Helvetica Neue', Helvetica, Helvetica, Arial, sans-serif; background-color: #ffffff;\">\n<li><a style=\"color: #2795b6;\" href=\"https:\/\/agora.xtec.cat\/escolafrancescfeliu\/wp-content\/uploads\/usu213\/2020\/04\/descripci\u00f3-6.docx\">descripci\u00f3 6<\/a><a href=\"https:\/\/agora.xtec.cat\/escolafrancescfeliu\/wp-content\/uploads\/usu213\/2020\/04\/imatge-6.jpg\"><br \/>\n<\/a><a href=\"https:\/\/agora.xtec.cat\/escolafrancescfeliu\/wp-content\/uploads\/usu213\/2020\/04\/imatge-6.jpg\"><img loading=\"lazy\" decoding=\"async\" class=\"aligncenter wp-image-9229\" src=\"https:\/\/agora.xtec.cat\/escolafrancescfeliu\/wp-content\/uploads\/usu213\/2020\/04\/imatge-6-1024x576.jpg\" alt=\"\" width=\"477\" height=\"268\" srcset=\"https:\/\/agora.xtec.cat\/escolafrancescfeliu\/wp-content\/uploads\/usu213\/2020\/04\/imatge-6-1024x576.jpg 1024w, https:\/\/agora.xtec.cat\/escolafrancescfeliu\/wp-content\/uploads\/usu213\/2020\/04\/imatge-6-300x169.jpg 300w, https:\/\/agora.xtec.cat\/escolafrancescfeliu\/wp-content\/uploads\/usu213\/2020\/04\/imatge-6-768x432.jpg 768w, https:\/\/agora.xtec.cat\/escolafrancescfeliu\/wp-content\/uploads\/usu213\/2020\/04\/imatge-6.jpg 1200w\" sizes=\"auto, (max-width: 477px) 100vw, 477px\" \/><\/a><\/p>\n<ul style=\"margin-bottom: 0px; margin-left: 1.25em; font-size: 14px; font-family: 'Helvetica Neue', Helvetica, Helvetica, Arial, sans-serif; background-color: #ffffff;\">\n<li><a href=\"https:\/\/agora.xtec.cat\/escolafrancescfeliu\/wp-content\/uploads\/usu213\/2020\/04\/EJERCICIOS-CON-VERBOS-6.docx\">EJERCICIOS CON VERBOS 6<\/a><\/li>\n<li><a href=\"https:\/\/agora.xtec.cat\/escolafrancescfeliu\/wp-content\/uploads\/usu213\/2020\/04\/Ficha-inventos-edad-moderna-6.docx\">Ficha inventos edad moderna 6<\/a><\/li>\n<li><a href=\"https:\/\/agora.xtec.cat\/escolafrancescfeliu\/wp-content\/uploads\/usu213\/2020\/04\/Matem-6.doc\">Matem 6<\/a><\/li>\n<li><a href=\"https:\/\/agora.xtec.cat\/escolafrancescfeliu\/wp-content\/uploads\/usu213\/2020\/04\/mates-coordenades-6.docx\">mates coordenades 6<\/a><\/li>\n<li><a href=\"https:\/\/agora.xtec.cat\/escolafrancescfeliu\/wp-content\/uploads\/usu213\/2020\/04\/Digital-book-login.pdf\">Digital book login<\/a><\/li>\n<li><a href=\"https:\/\/agora.xtec.cat\/escolafrancescfeliu\/wp-content\/uploads\/usu213\/2020\/04\/Instructions-to-use-the-heroes-book-on-your-computer.pdf\">Instructions to use the heroes book on your computer<\/a><\/li>\n<\/ul>\n<\/li>\n<\/ul>\n<\/li>\n<\/ul>\n<\/li>\n<\/ul>\n<\/td>\n<\/tr>\n<\/tbody>\n<\/table>\n","protected":false},"excerpt":{"rendered":"<p>Estimades fam\u00edlies, comencem el tercer trimestre i continuem confinats a casa\u00a0a causa de\u00a0la situaci\u00f3 que vivim ara mateix. Esperem que tots i totes continueu b\u00e9 i us animem a no\u00a0defallir, ja que\u00a0el pitjor ja ha passat i segur que ben aviat ens retrobarem tots plegats. Aquesta setmana us deixem les tasques per \u00faltima vegada a [&hellip;]<\/p>\n","protected":false},"author":1,"featured_media":0,"comment_status":"open","ping_status":"closed","sticky":false,"template":"","format":"standard","meta":{"_bbp_topic_count":0,"_bbp_reply_count":0,"_bbp_total_topic_count":0,"_bbp_total_reply_count":0,"_bbp_voice_count":0,"_bbp_anonymous_reply_count":0,"_bbp_topic_count_hidden":0,"_bbp_reply_count_hidden":0,"_bbp_forum_subforum_count":0,"site-sidebar-layout":"default","site-content-layout":"","ast-site-content-layout":"","site-content-style":"default","site-sidebar-style":"default","ast-global-header-display":"","ast-banner-title-visibility":"","ast-main-header-display":"","ast-hfb-above-header-display":"","ast-hfb-below-header-display":"","ast-hfb-mobile-header-display":"","site-post-title":"","ast-breadcrumbs-content":"","ast-featured-img":"","footer-sml-layout":"","theme-transparent-header-meta":"","adv-header-id-meta":"","stick-header-meta":"","header-above-stick-meta":"","header-main-stick-meta":"","header-below-stick-meta":"","astra-migrate-meta-layouts":"default","ast-page-background-enabled":"default","ast-page-background-meta":{"desktop":{"background-color":"var(--ast-global-color-4)","background-image":"","background-repeat":"repeat","background-position":"center center","background-size":"auto","background-attachment":"scroll","background-type":"","background-media":"","overlay-type":"","overlay-color":"","overlay-opacity":"","overlay-gradient":""},"tablet":{"background-color":"","background-image":"","background-repeat":"repeat","background-position":"center center","background-size":"auto","background-attachment":"scroll","background-type":"","background-media":"","overlay-type":"","overlay-color":"","overlay-opacity":"","overlay-gradient":""},"mobile":{"background-color":"","background-image":"","background-repeat":"repeat","background-position":"center center","background-size":"auto","background-attachment":"scroll","background-type":"","background-media":"","overlay-type":"","overlay-color":"","overlay-opacity":"","overlay-gradient":""}},"ast-content-background-meta":{"desktop":{"background-color":"var(--ast-global-color-5)","background-image":"","background-repeat":"repeat","background-position":"center center","background-size":"auto","background-attachment":"scroll","background-type":"","background-media":"","overlay-type":"","overlay-color":"","overlay-opacity":"","overlay-gradient":""},"tablet":{"background-color":"var(--ast-global-color-5)","background-image":"","background-repeat":"repeat","background-position":"center center","background-size":"auto","background-attachment":"scroll","background-type":"","background-media":"","overlay-type":"","overlay-color":"","overlay-opacity":"","overlay-gradient":""},"mobile":{"background-color":"var(--ast-global-color-5)","background-image":"","background-repeat":"repeat","background-position":"center center","background-size":"auto","background-attachment":"scroll","background-type":"","background-media":"","overlay-type":"","overlay-color":"","overlay-opacity":"","overlay-gradient":""}},"footnotes":""},"categories":[1,2,4,5],"tags":[61,74],"class_list":["post-9210","post","type-post","status-publish","format-standard","hentry","category-general","category-infantil","category-portada","category-primaria","tag-confinament","tag-tasqueseduacioprimaria"],"post_mailing_queue_ids":[],"_links":{"self":[{"href":"https:\/\/agora.xtec.cat\/escolafrancescfeliu\/wp-json\/wp\/v2\/posts\/9210","targetHints":{"allow":["GET"]}}],"collection":[{"href":"https:\/\/agora.xtec.cat\/escolafrancescfeliu\/wp-json\/wp\/v2\/posts"}],"about":[{"href":"https:\/\/agora.xtec.cat\/escolafrancescfeliu\/wp-json\/wp\/v2\/types\/post"}],"author":[{"embeddable":true,"href":"https:\/\/agora.xtec.cat\/escolafrancescfeliu\/wp-json\/wp\/v2\/users\/1"}],"replies":[{"embeddable":true,"href":"https:\/\/agora.xtec.cat\/escolafrancescfeliu\/wp-json\/wp\/v2\/comments?post=9210"}],"version-history":[{"count":2,"href":"https:\/\/agora.xtec.cat\/escolafrancescfeliu\/wp-json\/wp\/v2\/posts\/9210\/revisions"}],"predecessor-version":[{"id":9241,"href":"https:\/\/agora.xtec.cat\/escolafrancescfeliu\/wp-json\/wp\/v2\/posts\/9210\/revisions\/9241"}],"wp:attachment":[{"href":"https:\/\/agora.xtec.cat\/escolafrancescfeliu\/wp-json\/wp\/v2\/media?parent=9210"}],"wp:term":[{"taxonomy":"category","embeddable":true,"href":"https:\/\/agora.xtec.cat\/escolafrancescfeliu\/wp-json\/wp\/v2\/categories?post=9210"},{"taxonomy":"post_tag","embeddable":true,"href":"https:\/\/agora.xtec.cat\/escolafrancescfeliu\/wp-json\/wp\/v2\/tags?post=9210"}],"curies":[{"name":"wp","href":"https:\/\/api.w.org\/{rel}","templated":true}]}}