{"id":9202,"date":"2020-04-17T13:06:00","date_gmt":"2020-04-17T11:06:00","guid":{"rendered":"http:\/\/agora.xtec.cat\/escolafrancescfeliu\/?p=9202"},"modified":"2020-04-17T17:11:44","modified_gmt":"2020-04-17T15:11:44","slug":"aprenentatge-en-linia","status":"publish","type":"post","link":"https:\/\/agora.xtec.cat\/escolafrancescfeliu\/general\/aprenentatge-en-linia\/","title":{"rendered":"APRENENTATGE EN L\u00cdNIA"},"content":{"rendered":"<p>Hola fam\u00edlies! Primer de tot us volem donar les gr\u00e0cies per l&#8217;acompanyament que feu de l&#8217;aprenentatge dels vostres fills\/es, ja que \u00e9s de vital import\u00e0ncia per funcionar amb el nou entorn virtual, impulsat pel departament d&#8217;educaci\u00f3 anomenat: EIX.<\/p>\n<p>L&#8217;EIX incorpora eines per compartir recursos, per fer seguiment del progr\u00e9s de l\u2019alumnat i fomenta el treball col\u00b7laboratiu.<\/p>\n<p>EL NOSTRE ENTORN VIRTUAL \u00e9s el seg\u00fcent: <a href=\"https:\/\/educaciodigital.cat\/escolafrancescfeliu\/moodle\/\">https:\/\/educaciodigital.cat\/escolafrancescfeliu\/moodle\/<\/a><\/p>\n<p>Trobareu un enlla\u00e7 directe a la icona de dalt a la part dreta de la web i a la part esquerra tamb\u00e9.<a href=\"https:\/\/agora.xtec.cat\/escolafrancescfeliu\/wp-content\/uploads\/usu213\/2020\/04\/eix.png\"><img loading=\"lazy\" decoding=\"async\" class=\"aligncenter wp-image-9244\" src=\"https:\/\/agora.xtec.cat\/escolafrancescfeliu\/wp-content\/uploads\/usu213\/2020\/04\/eix-1024x576.png\" alt=\"\" width=\"663\" height=\"373\" srcset=\"https:\/\/agora.xtec.cat\/escolafrancescfeliu\/wp-content\/uploads\/usu213\/2020\/04\/eix-1024x576.png 1024w, https:\/\/agora.xtec.cat\/escolafrancescfeliu\/wp-content\/uploads\/usu213\/2020\/04\/eix-300x169.png 300w, https:\/\/agora.xtec.cat\/escolafrancescfeliu\/wp-content\/uploads\/usu213\/2020\/04\/eix-768x432.png 768w, https:\/\/agora.xtec.cat\/escolafrancescfeliu\/wp-content\/uploads\/usu213\/2020\/04\/eix.png 1366w\" sizes=\"auto, (max-width: 663px) 100vw, 663px\" \/><\/a><\/p>\n<p>&nbsp;<\/p>\n<p>Aqu\u00ed us deixem un v\u00eddeo tutorial realitzat pel departament d&#8217;educaci\u00f3 on explica com entrar i moure&#8217;s dins de l&#8217;entorn.<\/p>\n<div class=\"ast-oembed-container \" style=\"height: 100%;\"><iframe loading=\"lazy\" title=\"Moodle Alumnat - Descripci\u00f3 de l&#039;entorn virtual d&#039;aprenentatge en l\u00ednia\" width=\"500\" height=\"281\" src=\"https:\/\/www.youtube.com\/embed\/9G8n5oH632A?feature=oembed\" frameborder=\"0\" allow=\"accelerometer; autoplay; clipboard-write; encrypted-media; gyroscope; picture-in-picture; web-share\" referrerpolicy=\"strict-origin-when-cross-origin\" allowfullscreen><\/iframe><\/div>\n<p>&nbsp;<\/p>\n<p>Tamb\u00e9 us deixem aquest on s&#8217;expliquen els recursos i les activitats que podeu trobar a les tasques.<\/p>\n<div class=\"ast-oembed-container \" style=\"height: 100%;\"><iframe loading=\"lazy\" title=\"Moodle Alumnat - Participaci\u00f3 en un f\u00f2rum i lliurament de tasques i activitats\" width=\"500\" height=\"281\" src=\"https:\/\/www.youtube.com\/embed\/6weEh4O9cqU?feature=oembed\" frameborder=\"0\" allow=\"accelerometer; autoplay; clipboard-write; encrypted-media; gyroscope; picture-in-picture; web-share\" referrerpolicy=\"strict-origin-when-cross-origin\" allowfullscreen><\/iframe><\/div>\n<p>Recordeu que disposeu dels correus electr\u00f2nics de cada curs per poder parlar amb els tutors si teniu dubtes o problemes.<\/p>\n<p>En breu rebreu al vostre correu electr\u00f2nic l&#8217;usuari i contrasenya per poder entrar. Estigueu atents i sino ho rebeu ens ho comuniqueu pel mateix correu.<\/p>\n<p>Els alumnes d&#8217;educaci\u00f3 infantil no rebreu cap email ja que els cursos s\u00f3n oberts i podeu accedir sense necessitat d&#8217;estar registrats.<\/p>\n<p>Tamb\u00e9 us deixem enlla\u00e7 a l&#8217;aplicaci\u00f3 que es pot descarregar a m\u00f2bils o tauletes.<\/p>\n<p><a href=\"https:\/\/play.google.com\/store\/apps\/details?id=com.moodle.moodlemobile\">https:\/\/play.google.com\/store\/apps\/details?id=com.moodle.moodlemobile<\/a><\/p>\n<p><a href=\"https:\/\/apps.apple.com\/es\/app\/moodle\/id633359593\">https:\/\/apps.apple.com\/es\/app\/moodle\/id633359593<\/a><\/p>\n<p>&nbsp;<\/p>\n<p>Moltes gr\u00e0cies per la vostra col.laboraci\u00f3! Una abra\u00e7ada de part de tot el claustre. Us trobem molt a faltar!<\/p>\n<p>.<\/p>\n","protected":false},"excerpt":{"rendered":"<p>Hola fam\u00edlies! Primer de tot us volem donar les gr\u00e0cies per l&#8217;acompanyament que feu de l&#8217;aprenentatge dels vostres fills\/es, ja que \u00e9s de vital import\u00e0ncia per funcionar amb el nou entorn virtual, impulsat pel departament d&#8217;educaci\u00f3 anomenat: EIX. L&#8217;EIX incorpora eines per compartir recursos, per fer seguiment del progr\u00e9s de l\u2019alumnat i fomenta el treball [&hellip;]<\/p>\n","protected":false},"author":1,"featured_media":0,"comment_status":"open","ping_status":"closed","sticky":false,"template":"","format":"standard","meta":{"_bbp_topic_count":0,"_bbp_reply_count":0,"_bbp_total_topic_count":0,"_bbp_total_reply_count":0,"_bbp_voice_count":0,"_bbp_anonymous_reply_count":0,"_bbp_topic_count_hidden":0,"_bbp_reply_count_hidden":0,"_bbp_forum_subforum_count":0,"site-sidebar-layout":"default","site-content-layout":"","ast-site-content-layout":"","site-content-style":"default","site-sidebar-style":"default","ast-global-header-display":"","ast-banner-title-visibility":"","ast-main-header-display":"","ast-hfb-above-header-display":"","ast-hfb-below-header-display":"","ast-hfb-mobile-header-display":"","site-post-title":"","ast-breadcrumbs-content":"","ast-featured-img":"","footer-sml-layout":"","theme-transparent-header-meta":"","adv-header-id-meta":"","stick-header-meta":"","header-above-stick-meta":"","header-main-stick-meta":"","header-below-stick-meta":"","astra-migrate-meta-layouts":"default","ast-page-background-enabled":"default","ast-page-background-meta":{"desktop":{"background-color":"var(--ast-global-color-4)","background-image":"","background-repeat":"repeat","background-position":"center center","background-size":"auto","background-attachment":"scroll","background-type":"","background-media":"","overlay-type":"","overlay-color":"","overlay-opacity":"","overlay-gradient":""},"tablet":{"background-color":"","background-image":"","background-repeat":"repeat","background-position":"center center","background-size":"auto","background-attachment":"scroll","background-type":"","background-media":"","overlay-type":"","overlay-color":"","overlay-opacity":"","overlay-gradient":""},"mobile":{"background-color":"","background-image":"","background-repeat":"repeat","background-position":"center center","background-size":"auto","background-attachment":"scroll","background-type":"","background-media":"","overlay-type":"","overlay-color":"","overlay-opacity":"","overlay-gradient":""}},"ast-content-background-meta":{"desktop":{"background-color":"var(--ast-global-color-5)","background-image":"","background-repeat":"repeat","background-position":"center center","background-size":"auto","background-attachment":"scroll","background-type":"","background-media":"","overlay-type":"","overlay-color":"","overlay-opacity":"","overlay-gradient":""},"tablet":{"background-color":"var(--ast-global-color-5)","background-image":"","background-repeat":"repeat","background-position":"center center","background-size":"auto","background-attachment":"scroll","background-type":"","background-media":"","overlay-type":"","overlay-color":"","overlay-opacity":"","overlay-gradient":""},"mobile":{"background-color":"var(--ast-global-color-5)","background-image":"","background-repeat":"repeat","background-position":"center center","background-size":"auto","background-attachment":"scroll","background-type":"","background-media":"","overlay-type":"","overlay-color":"","overlay-opacity":"","overlay-gradient":""}},"footnotes":""},"categories":[1,2,4,5],"tags":[64,76],"class_list":["post-9202","post","type-post","status-publish","format-standard","hentry","category-general","category-infantil","category-portada","category-primaria","tag-aprenentatgeenlinia","tag-eix"],"post_mailing_queue_ids":[],"_links":{"self":[{"href":"https:\/\/agora.xtec.cat\/escolafrancescfeliu\/wp-json\/wp\/v2\/posts\/9202","targetHints":{"allow":["GET"]}}],"collection":[{"href":"https:\/\/agora.xtec.cat\/escolafrancescfeliu\/wp-json\/wp\/v2\/posts"}],"about":[{"href":"https:\/\/agora.xtec.cat\/escolafrancescfeliu\/wp-json\/wp\/v2\/types\/post"}],"author":[{"embeddable":true,"href":"https:\/\/agora.xtec.cat\/escolafrancescfeliu\/wp-json\/wp\/v2\/users\/1"}],"replies":[{"embeddable":true,"href":"https:\/\/agora.xtec.cat\/escolafrancescfeliu\/wp-json\/wp\/v2\/comments?post=9202"}],"version-history":[{"count":3,"href":"https:\/\/agora.xtec.cat\/escolafrancescfeliu\/wp-json\/wp\/v2\/posts\/9202\/revisions"}],"predecessor-version":[{"id":9249,"href":"https:\/\/agora.xtec.cat\/escolafrancescfeliu\/wp-json\/wp\/v2\/posts\/9202\/revisions\/9249"}],"wp:attachment":[{"href":"https:\/\/agora.xtec.cat\/escolafrancescfeliu\/wp-json\/wp\/v2\/media?parent=9202"}],"wp:term":[{"taxonomy":"category","embeddable":true,"href":"https:\/\/agora.xtec.cat\/escolafrancescfeliu\/wp-json\/wp\/v2\/categories?post=9202"},{"taxonomy":"post_tag","embeddable":true,"href":"https:\/\/agora.xtec.cat\/escolafrancescfeliu\/wp-json\/wp\/v2\/tags?post=9202"}],"curies":[{"name":"wp","href":"https:\/\/api.w.org\/{rel}","templated":true}]}}