{"id":9104,"date":"2020-03-30T11:27:15","date_gmt":"2020-03-30T09:27:15","guid":{"rendered":"http:\/\/agora.xtec.cat\/escolafrancescfeliu\/?p=9104"},"modified":"2020-03-31T13:06:26","modified_gmt":"2020-03-31T11:06:26","slug":"notiicies-setmana-del-30-de-marc-al-3-dabril-de-2020","status":"publish","type":"post","link":"https:\/\/agora.xtec.cat\/escolafrancescfeliu\/general\/notiicies-setmana-del-30-de-marc-al-3-dabril-de-2020\/","title":{"rendered":"Not\u00edcies setmana del 30 de mar\u00e7 al 3 d&#8217;abril de 2020."},"content":{"rendered":"<p><a href=\"https:\/\/agora.xtec.cat\/escolafrancescfeliu\/wp-content\/uploads\/usu213\/2020\/03\/Captura-de-pantalla-2015-12-09-a-les-21.04.27.png\"><img loading=\"lazy\" decoding=\"async\" class=\"aligncenter wp-image-9105\" src=\"https:\/\/agora.xtec.cat\/escolafrancescfeliu\/wp-content\/uploads\/usu213\/2020\/03\/Captura-de-pantalla-2015-12-09-a-les-21.04.27.png\" alt=\"\" width=\"349\" height=\"136\" srcset=\"https:\/\/agora.xtec.cat\/escolafrancescfeliu\/wp-content\/uploads\/usu213\/2020\/03\/Captura-de-pantalla-2015-12-09-a-les-21.04.27.png 714w, https:\/\/agora.xtec.cat\/escolafrancescfeliu\/wp-content\/uploads\/usu213\/2020\/03\/Captura-de-pantalla-2015-12-09-a-les-21.04.27-300x117.png 300w\" sizes=\"auto, (max-width: 349px) 100vw, 349px\" \/><\/a><\/p>\n<p style=\"text-align: justify;\">Hola aqu\u00ed us deixem les not\u00edcies d&#8217;aquesta setmana que podeu fer arribar a trav\u00e9s del correu electr\u00f2nic corresponent a cada curs. Una abra\u00e7ada!<\/p>\n<p><a href=\"https:\/\/agora.xtec.cat\/escolafrancescfeliu\/wp-content\/uploads\/usu213\/2020\/03\/Benvolgudes-fam\u00edlies.-Setmana-del-30-al-3-abril.docx\">Benvolgudes fam\u00edlies. Setmana del 30 al 3 abril<\/a><\/p>\n<p><a href=\"https:\/\/agora.xtec.cat\/escolafrancescfeliu\/wp-content\/uploads\/usu213\/2020\/03\/162_eltricicle_A3_2020-03-27.pdf\">162_eltricicle_A3_2020-03-27<\/a><\/p>\n<p><a href=\"https:\/\/agora.xtec.cat\/escolafrancescfeliu\/wp-content\/uploads\/usu213\/2020\/03\/162_noticia-CI-CM-lletra-lligada.pdf\">162_noticia CI-CM lletra lligada<\/a><\/p>\n<p><a href=\"https:\/\/agora.xtec.cat\/escolafrancescfeliu\/wp-content\/uploads\/usu213\/2020\/03\/162_not\u00edcia-CI-CM-lletra-de-pal.pdf\">162_not\u00edcia CI-CM lletra de pal<\/a><\/p>\n<p><a href=\"https:\/\/agora.xtec.cat\/escolafrancescfeliu\/wp-content\/uploads\/usu213\/2020\/03\/162_not\u00edcia-catal\u00e0.pdf\">162_not\u00edcia catal\u00e0<\/a><\/p>\n<p><a href=\"https:\/\/agora.xtec.cat\/escolafrancescfeliu\/wp-content\/uploads\/usu213\/2020\/03\/162_noticia-castell\u00e0-angl\u00e8s.pdf\">162_noticia castell\u00e0-angl\u00e8s<\/a><\/p>\n<p><a href=\"https:\/\/agora.xtec.cat\/escolafrancescfeliu\/wp-content\/uploads\/usu213\/2020\/03\/fitxa-respostes-angl\u00e8s.pdf\">fitxa respostes angl\u00e8s<\/a><\/p>\n<p><a href=\"https:\/\/agora.xtec.cat\/escolafrancescfeliu\/wp-content\/uploads\/usu213\/2020\/03\/fitxa-de-respostes-catal\u00e0-lletra-lligada.pdf\">fitxa de respostes catal\u00e0 lletra lligada<\/a><\/p>\n<p><a href=\"https:\/\/agora.xtec.cat\/escolafrancescfeliu\/wp-content\/uploads\/usu213\/2020\/03\/fitxa-de-respostes-catal\u00e0.pdf\">fitxa de respostes catal\u00e0<\/a><\/p>\n<p><a href=\"https:\/\/agora.xtec.cat\/escolafrancescfeliu\/wp-content\/uploads\/usu213\/2020\/03\/fitxa-de-respostes-castell\u00e0.pdf\">fitxa de respostes castell\u00e0<\/a><\/p>\n<p>#joemquedoacasa<\/p>\n<p><a href=\"https:\/\/agora.xtec.cat\/escolafrancescfeliu\/wp-content\/uploads\/usu213\/2020\/03\/maxresdefault.jpg\"><img loading=\"lazy\" decoding=\"async\" class=\"aligncenter wp-image-9112\" src=\"https:\/\/agora.xtec.cat\/escolafrancescfeliu\/wp-content\/uploads\/usu213\/2020\/03\/maxresdefault-1024x576.jpg\" alt=\"\" width=\"245\" height=\"138\" srcset=\"https:\/\/agora.xtec.cat\/escolafrancescfeliu\/wp-content\/uploads\/usu213\/2020\/03\/maxresdefault-1024x576.jpg 1024w, https:\/\/agora.xtec.cat\/escolafrancescfeliu\/wp-content\/uploads\/usu213\/2020\/03\/maxresdefault-300x169.jpg 300w, https:\/\/agora.xtec.cat\/escolafrancescfeliu\/wp-content\/uploads\/usu213\/2020\/03\/maxresdefault-768x432.jpg 768w, https:\/\/agora.xtec.cat\/escolafrancescfeliu\/wp-content\/uploads\/usu213\/2020\/03\/maxresdefault.jpg 1280w\" sizes=\"auto, (max-width: 245px) 100vw, 245px\" \/><\/a><\/p>\n","protected":false},"excerpt":{"rendered":"<p>Hola aqu\u00ed us deixem les not\u00edcies d&#8217;aquesta setmana que podeu fer arribar a trav\u00e9s del correu electr\u00f2nic corresponent a cada curs. Una abra\u00e7ada! Benvolgudes fam\u00edlies. Setmana del 30 al 3 abril 162_eltricicle_A3_2020-03-27 162_noticia CI-CM lletra lligada 162_not\u00edcia CI-CM lletra de pal 162_not\u00edcia catal\u00e0 162_noticia castell\u00e0-angl\u00e8s fitxa respostes angl\u00e8s fitxa de respostes catal\u00e0 lletra lligada fitxa [&hellip;]<\/p>\n","protected":false},"author":1,"featured_media":0,"comment_status":"open","ping_status":"closed","sticky":false,"template":"","format":"standard","meta":{"_bbp_topic_count":0,"_bbp_reply_count":0,"_bbp_total_topic_count":0,"_bbp_total_reply_count":0,"_bbp_voice_count":0,"_bbp_anonymous_reply_count":0,"_bbp_topic_count_hidden":0,"_bbp_reply_count_hidden":0,"_bbp_forum_subforum_count":0,"site-sidebar-layout":"default","site-content-layout":"","ast-site-content-layout":"","site-content-style":"default","site-sidebar-style":"default","ast-global-header-display":"","ast-banner-title-visibility":"","ast-main-header-display":"","ast-hfb-above-header-display":"","ast-hfb-below-header-display":"","ast-hfb-mobile-header-display":"","site-post-title":"","ast-breadcrumbs-content":"","ast-featured-img":"","footer-sml-layout":"","theme-transparent-header-meta":"","adv-header-id-meta":"","stick-header-meta":"","header-above-stick-meta":"","header-main-stick-meta":"","header-below-stick-meta":"","astra-migrate-meta-layouts":"default","ast-page-background-enabled":"default","ast-page-background-meta":{"desktop":{"background-color":"var(--ast-global-color-4)","background-image":"","background-repeat":"repeat","background-position":"center center","background-size":"auto","background-attachment":"scroll","background-type":"","background-media":"","overlay-type":"","overlay-color":"","overlay-opacity":"","overlay-gradient":""},"tablet":{"background-color":"","background-image":"","background-repeat":"repeat","background-position":"center center","background-size":"auto","background-attachment":"scroll","background-type":"","background-media":"","overlay-type":"","overlay-color":"","overlay-opacity":"","overlay-gradient":""},"mobile":{"background-color":"","background-image":"","background-repeat":"repeat","background-position":"center center","background-size":"auto","background-attachment":"scroll","background-type":"","background-media":"","overlay-type":"","overlay-color":"","overlay-opacity":"","overlay-gradient":""}},"ast-content-background-meta":{"desktop":{"background-color":"var(--ast-global-color-5)","background-image":"","background-repeat":"repeat","background-position":"center center","background-size":"auto","background-attachment":"scroll","background-type":"","background-media":"","overlay-type":"","overlay-color":"","overlay-opacity":"","overlay-gradient":""},"tablet":{"background-color":"var(--ast-global-color-5)","background-image":"","background-repeat":"repeat","background-position":"center center","background-size":"auto","background-attachment":"scroll","background-type":"","background-media":"","overlay-type":"","overlay-color":"","overlay-opacity":"","overlay-gradient":""},"mobile":{"background-color":"var(--ast-global-color-5)","background-image":"","background-repeat":"repeat","background-position":"center center","background-size":"auto","background-attachment":"scroll","background-type":"","background-media":"","overlay-type":"","overlay-color":"","overlay-opacity":"","overlay-gradient":""}},"footnotes":""},"categories":[1,4,5],"tags":[71,75],"class_list":["post-9104","post","type-post","status-publish","format-standard","hentry","category-general","category-portada","category-primaria","tag-joemquedoacasa","tag-noticies"],"post_mailing_queue_ids":[],"_links":{"self":[{"href":"https:\/\/agora.xtec.cat\/escolafrancescfeliu\/wp-json\/wp\/v2\/posts\/9104","targetHints":{"allow":["GET"]}}],"collection":[{"href":"https:\/\/agora.xtec.cat\/escolafrancescfeliu\/wp-json\/wp\/v2\/posts"}],"about":[{"href":"https:\/\/agora.xtec.cat\/escolafrancescfeliu\/wp-json\/wp\/v2\/types\/post"}],"author":[{"embeddable":true,"href":"https:\/\/agora.xtec.cat\/escolafrancescfeliu\/wp-json\/wp\/v2\/users\/1"}],"replies":[{"embeddable":true,"href":"https:\/\/agora.xtec.cat\/escolafrancescfeliu\/wp-json\/wp\/v2\/comments?post=9104"}],"version-history":[{"count":3,"href":"https:\/\/agora.xtec.cat\/escolafrancescfeliu\/wp-json\/wp\/v2\/posts\/9104\/revisions"}],"predecessor-version":[{"id":9151,"href":"https:\/\/agora.xtec.cat\/escolafrancescfeliu\/wp-json\/wp\/v2\/posts\/9104\/revisions\/9151"}],"wp:attachment":[{"href":"https:\/\/agora.xtec.cat\/escolafrancescfeliu\/wp-json\/wp\/v2\/media?parent=9104"}],"wp:term":[{"taxonomy":"category","embeddable":true,"href":"https:\/\/agora.xtec.cat\/escolafrancescfeliu\/wp-json\/wp\/v2\/categories?post=9104"},{"taxonomy":"post_tag","embeddable":true,"href":"https:\/\/agora.xtec.cat\/escolafrancescfeliu\/wp-json\/wp\/v2\/tags?post=9104"}],"curies":[{"name":"wp","href":"https:\/\/api.w.org\/{rel}","templated":true}]}}