{"id":9098,"date":"2020-03-30T21:52:04","date_gmt":"2020-03-30T19:52:04","guid":{"rendered":"http:\/\/agora.xtec.cat\/escolafrancescfeliu\/?p=9098"},"modified":"2020-04-07T20:05:38","modified_gmt":"2020-04-07T18:05:38","slug":"tasques-educacio-infantil-i-primaria-setmana-del-30-de-marc-al-3-dabril-de-2020","status":"publish","type":"post","link":"https:\/\/agora.xtec.cat\/escolafrancescfeliu\/general\/tasques-educacio-infantil-i-primaria-setmana-del-30-de-marc-al-3-dabril-de-2020\/","title":{"rendered":"Tasques educaci\u00f3 infantil i prim\u00e0ria. Setmana del 30 de mar\u00e7 al 3 d&#8217;abril de 2020."},"content":{"rendered":"<p style=\"text-align: justify;\">Hola fam\u00edlies! Ja ha passat una setmana m\u00e9s i esperem que tots i totes estigueu b\u00e9. Aquesta setmana us deixem les tasques a realitzar dels diferents nivells. Com ja sabeu, per garantir l\u2019aprenentatge en l\u00ednia de tot l\u2019alumnat, els mestres us anem proposant tasques adaptades a cada curs<span style=\"font-family: inherit; font-size: 1em;\">. Esperem que vosaltres feu consultes i adjunteu els vostres treballs a les \u00a0adreces elect\u00f2niques que tenim per cada curs\u00a0 i els mestres us anirem responent els dubtes, donant el vist plau a la vostra feina o indicant propostes de millora.<br \/>\nAgra\u00efm l\u2019ajuda dels adults per adjuntar aquests treballs, sobretot pels alumnes d\u2019educaci\u00f3 infantil i cicle inicial.<br \/>\nSi algun\/a alumne\/a encara no t\u00e9 email \u00e9s el moment de crear-se\u2019l (estaria b\u00e9 amb el seu nom per facilitar als mestres saber qui \u00e9s).<\/span><\/p>\n<p>Una forta abra\u00e7ada!!<\/p>\n<p>L&#8217;equip docent, Escola Francesc Feliu.<\/p>\n<p>TOT ANIR\u00c0 B\u00c9!<\/p>\n<p><a href=\"https:\/\/agora.xtec.cat\/escolafrancescfeliu\/wp-content\/uploads\/usu213\/2020\/03\/ARC-DE-SANT-MART\u00cd.png\">#joemquedoacasa<br \/>\n<img loading=\"lazy\" decoding=\"async\" class=\"aligncenter wp-image-9058\" src=\"https:\/\/agora.xtec.cat\/escolafrancescfeliu\/wp-content\/uploads\/usu213\/2020\/03\/ARC-DE-SANT-MART\u00cd.png\" alt=\"\" width=\"130\" height=\"97\" srcset=\"https:\/\/agora.xtec.cat\/escolafrancescfeliu\/wp-content\/uploads\/usu213\/2020\/03\/ARC-DE-SANT-MART\u00cd.png 450w, https:\/\/agora.xtec.cat\/escolafrancescfeliu\/wp-content\/uploads\/usu213\/2020\/03\/ARC-DE-SANT-MART\u00cd-300x223.png 300w, https:\/\/agora.xtec.cat\/escolafrancescfeliu\/wp-content\/uploads\/usu213\/2020\/03\/ARC-DE-SANT-MART\u00cd-200x150.png 200w\" sizes=\"auto, (max-width: 130px) 100vw, 130px\" \/><\/a><\/p>\n<table style=\"height: 1040px; width: 1161px;\" width=\"685\">\n<tbody>\n<tr style=\"height: 32px;\">\n<td style=\"width: 191px; height: 32px;\"><strong>EDUCACI\u00d3 INFANTIL<\/strong><\/td>\n<td style=\"width: 96px; height: 32px;\">P3-P4-P5<\/td>\n<td style=\"width: 864px; height: 32px;\"><a style=\"color: #2795b6; font-size: 16px; text-align: justify;\" href=\"https:\/\/agora.xtec.cat\/escolafrancescfeliu\/wp-content\/uploads\/usu213\/2020\/03\/TASQUES-INFANTIL-SETMANA-DEL-30-AL-3-DABRIL-DE-2020.docx\">TASQUES INFANTIL SETMANA DEL 30 AL 3 D&#8217;ABRIL DE 2020<\/a><\/p>\n<ul>\n<li><a href=\"https:\/\/agora.xtec.cat\/escolafrancescfeliu\/wp-content\/uploads\/usu213\/2020\/03\/DICTATS-MUTS-1.pdf\">DICTATS MUTS<\/a><\/li>\n<\/ul>\n<\/td>\n<\/tr>\n<tr style=\"height: 31px;\">\n<td style=\"width: 191px; height: 31px;\"><strong><span style=\"background-color: #ffffff;\">CICLE INICIAL<\/span><\/strong><\/td>\n<td style=\"width: 96px; height: 31px;\">1r-2n<\/td>\n<td style=\"width: 864px; height: 31px;\"><a style=\"color: #2795b6;\" href=\"https:\/\/agora.xtec.cat\/escolafrancescfeliu\/wp-content\/uploads\/usu213\/2020\/03\/TASQUES-SETMANA-DEL-30-AL-3-D-1.docx\">TASQUES SETMANA DEL 30 AL 3 D<\/a><\/td>\n<\/tr>\n<tr style=\"height: 31px;\">\n<td style=\"width: 191px; height: 31px;\"><strong><span style=\"background-color: #f9f9f9;\">CICLE MITJ\u00c0<\/span><\/strong><\/td>\n<td style=\"width: 96px; height: 31px;\">3r-4t<\/td>\n<td style=\"width: 864px; height: 31px;\">Tasques generals online:\u00a0<a style=\"color: #2795b6;\" href=\"https:\/\/agora.xtec.cat\/escolafrancescfeliu\/wp-content\/uploads\/usu213\/2020\/03\/Tutorials-i-activtats-online30-5.docx\">Tutorials i activtats online30-5<\/a><\/td>\n<\/tr>\n<tr style=\"height: 227px;\">\n<td style=\"width: 191px; height: 498px;\" rowspan=\"2\"><strong><span style=\"background-color: #f9f9f9;\">\u00a0<\/span><\/strong><\/td>\n<td style=\"width: 96px; height: 227px;\">3r<\/td>\n<td style=\"width: 864px; height: 227px;\">\n<ul>\n<li><a href=\"https:\/\/agora.xtec.cat\/escolafrancescfeliu\/wp-content\/uploads\/usu213\/2020\/03\/3r-Castell\u00e0-Comprensi\u00f3n1.pdf\">3r Castell\u00e0 Comprensi\u00f3n1<\/a><\/li>\n<li><a href=\"https:\/\/agora.xtec.cat\/escolafrancescfeliu\/wp-content\/uploads\/usu213\/2020\/03\/3r-Catal\u00e0-Rep\u00e0s-1.pdf\">3r Catal\u00e0 Rep\u00e0s 1<\/a><\/li>\n<li><a href=\"https:\/\/agora.xtec.cat\/escolafrancescfeliu\/wp-content\/uploads\/usu213\/2020\/03\/3r-Mat.-Operacions1.pdf\">3r Mat. Operacions1<\/a><\/li>\n<li><a href=\"https:\/\/agora.xtec.cat\/escolafrancescfeliu\/wp-content\/uploads\/usu213\/2020\/03\/3r-Mat.Problemes-1.pdf\">3r Mat.Problemes 1<\/a><\/li>\n<li><a href=\"https:\/\/agora.xtec.cat\/escolafrancescfeliu\/wp-content\/uploads\/usu213\/2020\/03\/3r-Medi.-Esquema-T.3.pdf\">3r Medi. Esquema T.3<\/a><\/li>\n<li><a href=\"https:\/\/agora.xtec.cat\/escolafrancescfeliu\/wp-content\/uploads\/usu213\/2020\/03\/3r-Medi.Tema3_.pdf\">3r Medi.Tema3<\/a><\/li>\n<li>\n<p dir=\"ltr\">Tercer: El Kahoot per poder fer un rep\u00e0s del Tema 3.<\/p>\n<p dir=\"ltr\"><a href=\"https:\/\/create.kahoot.it\/share\/3-els-materials-que-formen-el-paisatge\/a783c348-812c-4bf7-9721-9eddb05c46ea\" target=\"_blank\" rel=\"noopener noreferrer\" data-saferedirecturl=\"https:\/\/www.google.com\/url?q=https:\/\/create.kahoot.it\/share\/3-els-materials-que-formen-el-paisatge\/a783c348-812c-4bf7-9721-9eddb05c46ea&amp;source=gmail&amp;ust=1585665412515000&amp;usg=AFQjCNFeefTo2BHX5eKm9WfUkqjA9jkMvg\">https:\/\/create.kahoot.it\/<wbr \/>share\/3-els-materials-que-<wbr \/>formen-el-paisatge\/a783c348-<wbr \/>812c-4bf7-9721-9eddb05c46ea<\/a><\/p>\n<\/li>\n<\/ul>\n<\/td>\n<\/tr>\n<tr style=\"height: 271px;\">\n<td style=\"width: 96px; height: 271px;\">4t<\/td>\n<td style=\"width: 864px; height: 271px;\">\n<ul>\n<li><a href=\"https:\/\/agora.xtec.cat\/escolafrancescfeliu\/wp-content\/uploads\/usu213\/2020\/03\/Repte-4t.docx\">Repte 4t<\/a><\/li>\n<li><a href=\"https:\/\/agora.xtec.cat\/escolafrancescfeliu\/wp-content\/uploads\/usu213\/2020\/03\/Divisions-14-15.pdf\">Divisions 14-15<\/a><\/li>\n<li><a href=\"https:\/\/agora.xtec.cat\/escolafrancescfeliu\/wp-content\/uploads\/usu213\/2020\/03\/Deca-1-2.pdf\">Deca 1-2<\/a><\/li>\n<li><a href=\"https:\/\/agora.xtec.cat\/escolafrancescfeliu\/wp-content\/uploads\/usu213\/2020\/03\/4t-Medi.Tema5_.pdf\">4t Medi.Tema5<\/a><\/li>\n<li><a href=\"https:\/\/agora.xtec.cat\/escolafrancescfeliu\/wp-content\/uploads\/usu213\/2020\/03\/1.-Verbs-i-expressi\u00f3-escrita.pdf\">1. Verbs i expressi\u00f3 escrita<\/a><\/li>\n<li><a href=\"https:\/\/agora.xtec.cat\/escolafrancescfeliu\/wp-content\/uploads\/usu213\/2020\/03\/1.-Palabras-agudas-llanas-y-esdr\u00fajulas.pdf\">1. Palabras agudas, llanas y esdr\u00fajulas<\/a><\/li>\n<li><a href=\"https:\/\/agora.xtec.cat\/escolafrancescfeliu\/wp-content\/uploads\/usu213\/2020\/03\/1.-Les-plantes.pdf\">1. Les plantes<\/a><\/li>\n<li><a href=\"https:\/\/agora.xtec.cat\/escolafrancescfeliu\/wp-content\/uploads\/usu213\/2020\/03\/1.-Comprensi\u00f3nlectora-La-monta\u00f1a-de-cristal.pdf\">1. Comprensi\u00f3nlectora-La monta\u00f1a de cristal<\/a><\/li>\n<li>\n<p dir=\"ltr\">Quart: El Kahoot per repassar el darrer tema treballat, el T.5.<\/p>\n<\/li>\n<li>\n<p dir=\"ltr\"><a href=\"https:\/\/create.kahoot.it\/share\/5-la-reproduccio-dels-essers-vius\/c7a28798-0d05-4d45-998e-d84818600f34\" target=\"_blank\" rel=\"noopener noreferrer\" data-saferedirecturl=\"https:\/\/www.google.com\/url?q=https:\/\/create.kahoot.it\/share\/5-la-reproduccio-dels-essers-vius\/c7a28798-0d05-4d45-998e-d84818600f34&amp;source=gmail&amp;ust=1585665412515000&amp;usg=AFQjCNFimtXUdw0eIHir9HmrAi1gjRflqA\">https:\/\/create.kahoot.it\/<wbr \/>share\/5-la-reproduccio-dels-<wbr \/>essers-vius\/c7a28798-0d05-<wbr \/>4d45-998e-d84818600f34<\/a><\/p>\n<\/li>\n<\/ul>\n<\/td>\n<\/tr>\n<tr style=\"height: 31px;\">\n<td style=\"width: 191px; height: 31px;\" colspan=\"2\"><strong><span style=\"background-color: #f9f9f9;\"><br \/>\n<\/span>M\u00daSICA. CICLE MITJ\u00c0 i SUPERIOR<\/strong>3r,4t,5\u00e8 i 6\u00e8<\/td>\n<td style=\"width: 864px; height: 31px;\">Aqu\u00ed una sardana per aprendre molt marxosa!<\/p>\n<p>Sardapoquet. Cobla contempor\u00e0nia: <a href=\"https:\/\/youtu.be\/xH3gHdp8q7A\">https:\/\/youtu.be\/xH3gHdp8q7A<\/a><\/p>\n<p><a href=\"https:\/\/youtu.be\/M3l3fK4YWQY\">https:\/\/youtu.be\/M3l3fK4YWQY<\/a><\/p>\n<p>Demostraci\u00f3 pas llarg: <a href=\"https:\/\/youtu.be\/UEQyEncrncw\">https:\/\/youtu.be\/UEQyEncrncw<\/a><\/p>\n<p>Demostraci\u00f3 pas curt <a href=\"https:\/\/youtu.be\/9CIj6b9ShcY\">https:\/\/youtu.be\/9CIj6b9ShcY<\/a><\/td>\n<\/tr>\n<tr style=\"height: 68px;\">\n<td style=\"width: 191px; height: 137px;\" rowspan=\"2\"><strong><span style=\"background-color: #ffffff;\">CICLE SUPERIOR<br \/>\n<\/span><\/strong><strong><span style=\"background-color: #ffffff;\">\u00a0<\/span><\/strong><\/td>\n<td style=\"width: 96px; height: 68px;\">5\u00e8<\/td>\n<td style=\"width: 864px; height: 137px;\" rowspan=\"2\">\n<ul>\n<li>Fer les not\u00edcies del tricicle de catal\u00e0, castell\u00e0 i angl\u00e8s.( cal mirar l&#8217;entrada amb les not\u00edcies d&#8217;aquesta setmana)<\/li>\n<li><span style=\"font-family: inherit; font-size: 1em;\">Fem c\u00e1lcul mental: Aqu\u00ed teniu un arxiu amb l&#8217;activitat i un v\u00eddeo que ho explica<\/span><\/li>\n<li><a style=\"font-family: inherit; font-size: 1em;\" href=\"https:\/\/www.instagram.com\/tv\/B-Hn90piMJr\/?igshid=2v5o2b9tjc4e\">https:\/\/www.instagram.com\/tv\/B-Hn90piMJr\/?igshid=2v5o2b9tjc4e<\/a><\/li>\n<li><a href=\"https:\/\/agora.xtec.cat\/escolafrancescfeliu\/wp-content\/uploads\/usu213\/2020\/03\/Boggle.pdf\">Boggle<\/a><\/li>\n<li>La tasca a realitzar es retonar almenys dos dels quadrats.<\/li>\n<\/ul>\n<p>&nbsp;<\/td>\n<\/tr>\n<tr style=\"height: 69px;\">\n<td style=\"width: 96px; height: 69px;\">6\u00e8<\/td>\n<\/tr>\n<tr style=\"height: 280px;\">\n<td style=\"width: 191px; height: 280px;\"><strong><span style=\"background-color: #ffffff;\">ENGLISH CORNER<\/span><\/strong><\/td>\n<td style=\"width: 96px; height: 280px;\">3r &#8211; 6\u00e8<\/td>\n<td style=\"width: 864px; height: 280px;\">Aqu\u00ed teniu unes activitats d&#8217;angl\u00e8s!<\/p>\n<ul>\n<li><b>ENGLISH CHALLENGE 1:<\/b> Shortbread biscuits Recipe\u00a0 <a href=\"https:\/\/agora.xtec.cat\/escolafrancescfeliu\/wp-content\/uploads\/usu213\/2020\/03\/Challenge-1-Shortbread.docx\">Challenge 1- Shortbread<\/a><\/li>\n<li><b>LET&#8217;S SING!<\/b><\/li>\n<\/ul>\n<div>\n<ul>\n<li style=\"list-style-type: none;\">\n<ul>\n<li dir=\"ltr\">Do you know the song \u2018Perfect\u2019?<\/li>\n<li dir=\"ltr\">Can you fill the gaps?<\/li>\n<\/ul>\n<\/li>\n<\/ul>\n<p dir=\"ltr\"><a href=\"https:\/\/es.lyricstraining.com\/play\/ed-sheeran\/perfect\/HbW8nMdFKb#b7c\" target=\"_blank\" rel=\"noopener noreferrer\" data-saferedirecturl=\"https:\/\/www.google.com\/url?q=https:\/\/es.lyricstraining.com\/play\/ed-sheeran\/perfect\/HbW8nMdFKb%23b7c&amp;source=gmail&amp;ust=1585731562030000&amp;usg=AFQjCNG0xK3MVXZM4jZlVTGr84zP0piJKw\">https:\/\/es.lyricstraining.com\/<wbr \/>play\/ed-sheeran\/perfect\/<wbr \/>HbW8nMdFKb#b7c<\/a><\/p>\n<ul>\n<li dir=\"ltr\"><strong>Macmillan Story Corner: The Gruffalo<\/strong>: \u00a0 <a href=\"https:\/\/youtu.be\/ET8_OSlmW68\">https:\/\/youtu.be\/ET8_OSlmW68<\/a><\/li>\n<li dir=\"ltr\"><a href=\"https:\/\/agora.xtec.cat\/escolafrancescfeliu\/wp-content\/uploads\/usu213\/2020\/03\/The-Gruffalo-Comprehension-questions.docx\">The Gruffalo &#8211; Comprehension questions<\/a><\/li>\n<\/ul>\n<\/div>\n<\/td>\n<\/tr>\n<\/tbody>\n<\/table>\n<p>&nbsp;<\/p>\n","protected":false},"excerpt":{"rendered":"<p>Hola fam\u00edlies! Ja ha passat una setmana m\u00e9s i esperem que tots i totes estigueu b\u00e9. Aquesta setmana us deixem les tasques a realitzar dels diferents nivells. Com ja sabeu, per garantir l\u2019aprenentatge en l\u00ednia de tot l\u2019alumnat, els mestres us anem proposant tasques adaptades a cada curs. Esperem que vosaltres feu consultes i adjunteu [&hellip;]<\/p>\n","protected":false},"author":1,"featured_media":0,"comment_status":"open","ping_status":"closed","sticky":false,"template":"","format":"standard","meta":{"_bbp_topic_count":0,"_bbp_reply_count":0,"_bbp_total_topic_count":0,"_bbp_total_reply_count":0,"_bbp_voice_count":0,"_bbp_anonymous_reply_count":0,"_bbp_topic_count_hidden":0,"_bbp_reply_count_hidden":0,"_bbp_forum_subforum_count":0,"site-sidebar-layout":"default","site-content-layout":"","ast-site-content-layout":"","site-content-style":"default","site-sidebar-style":"default","ast-global-header-display":"","ast-banner-title-visibility":"","ast-main-header-display":"","ast-hfb-above-header-display":"","ast-hfb-below-header-display":"","ast-hfb-mobile-header-display":"","site-post-title":"","ast-breadcrumbs-content":"","ast-featured-img":"","footer-sml-layout":"","theme-transparent-header-meta":"","adv-header-id-meta":"","stick-header-meta":"","header-above-stick-meta":"","header-main-stick-meta":"","header-below-stick-meta":"","astra-migrate-meta-layouts":"default","ast-page-background-enabled":"default","ast-page-background-meta":{"desktop":{"background-color":"var(--ast-global-color-4)","background-image":"","background-repeat":"repeat","background-position":"center center","background-size":"auto","background-attachment":"scroll","background-type":"","background-media":"","overlay-type":"","overlay-color":"","overlay-opacity":"","overlay-gradient":""},"tablet":{"background-color":"","background-image":"","background-repeat":"repeat","background-position":"center center","background-size":"auto","background-attachment":"scroll","background-type":"","background-media":"","overlay-type":"","overlay-color":"","overlay-opacity":"","overlay-gradient":""},"mobile":{"background-color":"","background-image":"","background-repeat":"repeat","background-position":"center center","background-size":"auto","background-attachment":"scroll","background-type":"","background-media":"","overlay-type":"","overlay-color":"","overlay-opacity":"","overlay-gradient":""}},"ast-content-background-meta":{"desktop":{"background-color":"var(--ast-global-color-5)","background-image":"","background-repeat":"repeat","background-position":"center center","background-size":"auto","background-attachment":"scroll","background-type":"","background-media":"","overlay-type":"","overlay-color":"","overlay-opacity":"","overlay-gradient":""},"tablet":{"background-color":"var(--ast-global-color-5)","background-image":"","background-repeat":"repeat","background-position":"center center","background-size":"auto","background-attachment":"scroll","background-type":"","background-media":"","overlay-type":"","overlay-color":"","overlay-opacity":"","overlay-gradient":""},"mobile":{"background-color":"var(--ast-global-color-5)","background-image":"","background-repeat":"repeat","background-position":"center center","background-size":"auto","background-attachment":"scroll","background-type":"","background-media":"","overlay-type":"","overlay-color":"","overlay-opacity":"","overlay-gradient":""}},"footnotes":""},"categories":[1,2,4,5],"tags":[71,74,68],"class_list":["post-9098","post","type-post","status-publish","format-standard","hentry","category-general","category-infantil","category-portada","category-primaria","tag-joemquedoacasa","tag-tasqueseduacioprimaria","tag-tasqueseducacioinfantil"],"post_mailing_queue_ids":[],"_links":{"self":[{"href":"https:\/\/agora.xtec.cat\/escolafrancescfeliu\/wp-json\/wp\/v2\/posts\/9098","targetHints":{"allow":["GET"]}}],"collection":[{"href":"https:\/\/agora.xtec.cat\/escolafrancescfeliu\/wp-json\/wp\/v2\/posts"}],"about":[{"href":"https:\/\/agora.xtec.cat\/escolafrancescfeliu\/wp-json\/wp\/v2\/types\/post"}],"author":[{"embeddable":true,"href":"https:\/\/agora.xtec.cat\/escolafrancescfeliu\/wp-json\/wp\/v2\/users\/1"}],"replies":[{"embeddable":true,"href":"https:\/\/agora.xtec.cat\/escolafrancescfeliu\/wp-json\/wp\/v2\/comments?post=9098"}],"version-history":[{"count":3,"href":"https:\/\/agora.xtec.cat\/escolafrancescfeliu\/wp-json\/wp\/v2\/posts\/9098\/revisions"}],"predecessor-version":[{"id":9199,"href":"https:\/\/agora.xtec.cat\/escolafrancescfeliu\/wp-json\/wp\/v2\/posts\/9098\/revisions\/9199"}],"wp:attachment":[{"href":"https:\/\/agora.xtec.cat\/escolafrancescfeliu\/wp-json\/wp\/v2\/media?parent=9098"}],"wp:term":[{"taxonomy":"category","embeddable":true,"href":"https:\/\/agora.xtec.cat\/escolafrancescfeliu\/wp-json\/wp\/v2\/categories?post=9098"},{"taxonomy":"post_tag","embeddable":true,"href":"https:\/\/agora.xtec.cat\/escolafrancescfeliu\/wp-json\/wp\/v2\/tags?post=9098"}],"curies":[{"name":"wp","href":"https:\/\/api.w.org\/{rel}","templated":true}]}}