{"id":11507,"date":"2026-03-12T01:20:51","date_gmt":"2026-03-12T00:20:51","guid":{"rendered":"https:\/\/agora.xtec.cat\/escolafrancescfeliu\/?p=11507"},"modified":"2026-04-27T01:15:44","modified_gmt":"2026-04-26T23:15:44","slug":"projecte-demprenedoria-i-la-floracio","status":"publish","type":"post","link":"https:\/\/agora.xtec.cat\/escolafrancescfeliu\/general\/projecte-demprenedoria-i-la-floracio\/","title":{"rendered":"PROJECTE D&#8217;EMPRENEDORIA I FLORACI\u00d3"},"content":{"rendered":"\n<p>Els alumnes de cicle superior han participat en un estand al poliesportiu en els dies de la fira de la Floraci\u00f3 del poble. Han creat i elaborat diferents materials amb elements reciclables i reciclats com clauers i xapes. Amb Qr&#8217;s on es pot llegir en tel\u00e8fons i tauletes un seguit de consells en diferents idiomes per poder fer una passejada pels camps amb respecte, tot conscienciant sobre l&#8217;entorn i la forma de reciclar o despla\u00e7ar-se sense necessitat de contaminar. Tamb\u00e9 han creat un programa i v\u00eddeos amb passejades virtuals pels camps fruiters i llocs d&#8217;inter\u00e8s del municipi per a persones amb mobilitat redu\u00efda, d&#8217;aquesta manera apropem a tothom a la natura i afavorim tamb\u00e9 la reducci\u00f3 de CO2 en espais naturals tot afavorint l&#8217;assoliment de les ODS tal com em pogut treballar en el programa Zinkers.<\/p>\n\n\n\n<figure class=\"wp-block-image aligncenter size-full\"><a href=\"https:\/\/drive.google.com\/drive\/folders\/18UF8OPsG8QwBydBSlMsXh2rU56SpUje5?usp=drive_link\" target=\"_blank\" rel=\" noreferrer noopener\"><img loading=\"lazy\" decoding=\"async\" width=\"500\" height=\"231\" src=\"https:\/\/agora.xtec.cat\/escolafrancescfeliu\/wp-content\/uploads\/usu213\/2026\/04\/20260312_113500.jpg\" alt=\"\" class=\"wp-image-11508\" srcset=\"https:\/\/agora.xtec.cat\/escolafrancescfeliu\/wp-content\/uploads\/usu213\/2026\/04\/20260312_113500.jpg 500w, https:\/\/agora.xtec.cat\/escolafrancescfeliu\/wp-content\/uploads\/usu213\/2026\/04\/20260312_113500-300x139.jpg 300w\" sizes=\"auto, (max-width: 500px) 100vw, 500px\" \/><\/a><\/figure>\n\n\n\n<p><\/p>\n","protected":false},"excerpt":{"rendered":"<p>Els alumnes de cicle superior han participat en un estand al poliesportiu en els dies de la fira de la Floraci\u00f3 del poble. Han creat i elaborat diferents materials amb elements reciclables i reciclats com clauers i xapes. Amb Qr&#8217;s on es pot llegir en tel\u00e8fons i tauletes un seguit de consells en diferents idiomes [&hellip;]<\/p>\n","protected":false},"author":1,"featured_media":11508,"comment_status":"closed","ping_status":"open","sticky":false,"template":"","format":"standard","meta":{"_bbp_topic_count":0,"_bbp_reply_count":0,"_bbp_total_topic_count":0,"_bbp_total_reply_count":0,"_bbp_voice_count":0,"_bbp_anonymous_reply_count":0,"_bbp_topic_count_hidden":0,"_bbp_reply_count_hidden":0,"_bbp_forum_subforum_count":0,"site-sidebar-layout":"default","site-content-layout":"","ast-site-content-layout":"default","site-content-style":"default","site-sidebar-style":"default","ast-global-header-display":"","ast-banner-title-visibility":"","ast-main-header-display":"","ast-hfb-above-header-display":"","ast-hfb-below-header-display":"","ast-hfb-mobile-header-display":"","site-post-title":"","ast-breadcrumbs-content":"","ast-featured-img":"","footer-sml-layout":"","theme-transparent-header-meta":"","adv-header-id-meta":"","stick-header-meta":"","header-above-stick-meta":"","header-main-stick-meta":"","header-below-stick-meta":"","astra-migrate-meta-layouts":"set","ast-page-background-enabled":"default","ast-page-background-meta":{"desktop":{"background-color":"var(--ast-global-color-4)","background-image":"","background-repeat":"repeat","background-position":"center center","background-size":"auto","background-attachment":"scroll","background-type":"","background-media":"","overlay-type":"","overlay-color":"","overlay-opacity":"","overlay-gradient":""},"tablet":{"background-color":"","background-image":"","background-repeat":"repeat","background-position":"center center","background-size":"auto","background-attachment":"scroll","background-type":"","background-media":"","overlay-type":"","overlay-color":"","overlay-opacity":"","overlay-gradient":""},"mobile":{"background-color":"","background-image":"","background-repeat":"repeat","background-position":"center center","background-size":"auto","background-attachment":"scroll","background-type":"","background-media":"","overlay-type":"","overlay-color":"","overlay-opacity":"","overlay-gradient":""}},"ast-content-background-meta":{"desktop":{"background-color":"var(--ast-global-color-5)","background-image":"","background-repeat":"repeat","background-position":"center center","background-size":"auto","background-attachment":"scroll","background-type":"","background-media":"","overlay-type":"","overlay-color":"","overlay-opacity":"","overlay-gradient":""},"tablet":{"background-color":"var(--ast-global-color-5)","background-image":"","background-repeat":"repeat","background-position":"center center","background-size":"auto","background-attachment":"scroll","background-type":"","background-media":"","overlay-type":"","overlay-color":"","overlay-opacity":"","overlay-gradient":""},"mobile":{"background-color":"var(--ast-global-color-5)","background-image":"","background-repeat":"repeat","background-position":"center center","background-size":"auto","background-attachment":"scroll","background-type":"","background-media":"","overlay-type":"","overlay-color":"","overlay-opacity":"","overlay-gradient":""}},"footnotes":""},"categories":[403,1,4,5,431],"tags":[412,363,425,59,429,396,445,446,444,359,310],"class_list":["post-11507","post","type-post","status-publish","format-standard","has-post-thumbnail","hentry","category-c-superior","category-general","category-portada","category-primaria","category-projectes","tag-zinkers-2","tag-zinkersrepsol","tag-425","tag-cicle-superior","tag-economia-circular","tag-eficiencia-energetica","tag-medi-natrual","tag-ods","tag-reduccio-de-co2","tag-robotica-i-programacio","tag-zinkers"],"post_mailing_queue_ids":[],"_links":{"self":[{"href":"https:\/\/agora.xtec.cat\/escolafrancescfeliu\/wp-json\/wp\/v2\/posts\/11507","targetHints":{"allow":["GET"]}}],"collection":[{"href":"https:\/\/agora.xtec.cat\/escolafrancescfeliu\/wp-json\/wp\/v2\/posts"}],"about":[{"href":"https:\/\/agora.xtec.cat\/escolafrancescfeliu\/wp-json\/wp\/v2\/types\/post"}],"author":[{"embeddable":true,"href":"https:\/\/agora.xtec.cat\/escolafrancescfeliu\/wp-json\/wp\/v2\/users\/1"}],"replies":[{"embeddable":true,"href":"https:\/\/agora.xtec.cat\/escolafrancescfeliu\/wp-json\/wp\/v2\/comments?post=11507"}],"version-history":[{"count":3,"href":"https:\/\/agora.xtec.cat\/escolafrancescfeliu\/wp-json\/wp\/v2\/posts\/11507\/revisions"}],"predecessor-version":[{"id":11543,"href":"https:\/\/agora.xtec.cat\/escolafrancescfeliu\/wp-json\/wp\/v2\/posts\/11507\/revisions\/11543"}],"wp:featuredmedia":[{"embeddable":true,"href":"https:\/\/agora.xtec.cat\/escolafrancescfeliu\/wp-json\/wp\/v2\/media\/11508"}],"wp:attachment":[{"href":"https:\/\/agora.xtec.cat\/escolafrancescfeliu\/wp-json\/wp\/v2\/media?parent=11507"}],"wp:term":[{"taxonomy":"category","embeddable":true,"href":"https:\/\/agora.xtec.cat\/escolafrancescfeliu\/wp-json\/wp\/v2\/categories?post=11507"},{"taxonomy":"post_tag","embeddable":true,"href":"https:\/\/agora.xtec.cat\/escolafrancescfeliu\/wp-json\/wp\/v2\/tags?post=11507"}],"curies":[{"name":"wp","href":"https:\/\/api.w.org\/{rel}","templated":true}]}}