{"id":11487,"date":"2026-04-17T17:49:00","date_gmt":"2026-04-17T15:49:00","guid":{"rendered":"https:\/\/agora.xtec.cat\/escolafrancescfeliu\/?p=11487"},"modified":"2026-04-19T01:32:21","modified_gmt":"2026-04-18T23:32:21","slug":"hort-vertical","status":"publish","type":"post","link":"https:\/\/agora.xtec.cat\/escolafrancescfeliu\/general\/hort-vertical\/","title":{"rendered":"HORT VERTICAL I SOSTENIBILITAT AMB ZINKERS"},"content":{"rendered":"\n<p>Gr\u00e0cies a la participaci\u00f3 de l&#8217;alumnat, de mestres, de voluntaris, d&#8217;avis, de la cooperativa Fruitona i del programa Zinkers, hem pogut crear un projecte de sostenibilitat i efici\u00e8ncia energ\u00e8tica a l&#8217;escola amb la creaci\u00f3 d&#8217;un Hort vertical que millorar\u00e0 les instal\u00b7lacions del pati i ajudar\u00e0 a conscienciar a tot l&#8217;alumnat amb projectes que portarem a terme amb aquesta instal\u00b7laci\u00f3 sobre medi ambient, sostenibilitat, energies renovables i les ODS de l&#8217;Agenda 2030. <\/p>\n\n\n\n<p>El sistema de l&#8217;Hort funciona de forma eficient, amb una placa solar que alimenta una petita bomba d&#8217;aigua i rega un determinat temps amb un programador que l&#8217;alumnat haur\u00e0 d&#8217;anar preparant. El dip\u00f2sit de l&#8217;aigua tamb\u00e9 s&#8217;ha preparat perqu\u00e8 es pugui omplir amb l&#8217;aigua de la pluja que cauria sobre la teulada de l&#8217;edifici on es troba amb una petita canonada, d&#8217;aquesta manera tamb\u00e9 conscienciarem sobre la import\u00e0ncia de l&#8217;estalvi d&#8217;aigua.<\/p>\n\n\n\n<p>MOLTES GR\u00c0CIES A TOTS ELS QUE HAN APORTAT EL SEU GRANET DE SORRA PER PODER PORTAR A TERME AQUEST PORJECTE!<\/p>\n\n\n\n<figure class=\"wp-block-image aligncenter size-full\"><a href=\"https:\/\/drive.google.com\/drive\/folders\/1icXtsr0C2OetpHNXiwxWc57Q4kY8C2Jm?usp=sharing\" target=\"_blank\" rel=\" noreferrer noopener\"><img loading=\"lazy\" decoding=\"async\" width=\"400\" height=\"185\" src=\"https:\/\/agora.xtec.cat\/escolafrancescfeliu\/wp-content\/uploads\/usu213\/2026\/04\/20260416_141251.jpg\" alt=\"\" class=\"wp-image-11488\" srcset=\"https:\/\/agora.xtec.cat\/escolafrancescfeliu\/wp-content\/uploads\/usu213\/2026\/04\/20260416_141251.jpg 400w, https:\/\/agora.xtec.cat\/escolafrancescfeliu\/wp-content\/uploads\/usu213\/2026\/04\/20260416_141251-300x139.jpg 300w\" sizes=\"auto, (max-width: 400px) 100vw, 400px\" \/><\/a><\/figure>\n\n\n\n<p><\/p>\n\n\n\n<p><\/p>\n","protected":false},"excerpt":{"rendered":"<p>Gr\u00e0cies a la participaci\u00f3 de l&#8217;alumnat, de mestres, de voluntaris, d&#8217;avis, de la cooperativa Fruitona i del programa Zinkers, hem pogut crear un projecte de sostenibilitat i efici\u00e8ncia energ\u00e8tica a l&#8217;escola amb la creaci\u00f3 d&#8217;un Hort vertical que millorar\u00e0 les instal\u00b7lacions del pati i ajudar\u00e0 a conscienciar a tot l&#8217;alumnat amb projectes que portarem a [&hellip;]<\/p>\n","protected":false},"author":1,"featured_media":11490,"comment_status":"closed","ping_status":"open","sticky":false,"template":"","format":"standard","meta":{"_bbp_topic_count":0,"_bbp_reply_count":0,"_bbp_total_topic_count":0,"_bbp_total_reply_count":0,"_bbp_voice_count":0,"_bbp_anonymous_reply_count":0,"_bbp_topic_count_hidden":0,"_bbp_reply_count_hidden":0,"_bbp_forum_subforum_count":0,"site-sidebar-layout":"default","site-content-layout":"","ast-site-content-layout":"default","site-content-style":"default","site-sidebar-style":"default","ast-global-header-display":"","ast-banner-title-visibility":"","ast-main-header-display":"","ast-hfb-above-header-display":"","ast-hfb-below-header-display":"","ast-hfb-mobile-header-display":"","site-post-title":"","ast-breadcrumbs-content":"","ast-featured-img":"","footer-sml-layout":"","theme-transparent-header-meta":"","adv-header-id-meta":"","stick-header-meta":"","header-above-stick-meta":"","header-main-stick-meta":"","header-below-stick-meta":"","astra-migrate-meta-layouts":"set","ast-page-background-enabled":"default","ast-page-background-meta":{"desktop":{"background-color":"var(--ast-global-color-4)","background-image":"","background-repeat":"repeat","background-position":"center center","background-size":"auto","background-attachment":"scroll","background-type":"","background-media":"","overlay-type":"","overlay-color":"","overlay-opacity":"","overlay-gradient":""},"tablet":{"background-color":"","background-image":"","background-repeat":"repeat","background-position":"center center","background-size":"auto","background-attachment":"scroll","background-type":"","background-media":"","overlay-type":"","overlay-color":"","overlay-opacity":"","overlay-gradient":""},"mobile":{"background-color":"","background-image":"","background-repeat":"repeat","background-position":"center center","background-size":"auto","background-attachment":"scroll","background-type":"","background-media":"","overlay-type":"","overlay-color":"","overlay-opacity":"","overlay-gradient":""}},"ast-content-background-meta":{"desktop":{"background-color":"var(--ast-global-color-5)","background-image":"","background-repeat":"repeat","background-position":"center center","background-size":"auto","background-attachment":"scroll","background-type":"","background-media":"","overlay-type":"","overlay-color":"","overlay-opacity":"","overlay-gradient":""},"tablet":{"background-color":"var(--ast-global-color-5)","background-image":"","background-repeat":"repeat","background-position":"center center","background-size":"auto","background-attachment":"scroll","background-type":"","background-media":"","overlay-type":"","overlay-color":"","overlay-opacity":"","overlay-gradient":""},"mobile":{"background-color":"var(--ast-global-color-5)","background-image":"","background-repeat":"repeat","background-position":"center center","background-size":"auto","background-attachment":"scroll","background-type":"","background-media":"","overlay-type":"","overlay-color":"","overlay-opacity":"","overlay-gradient":""}},"footnotes":""},"categories":[14,1,2,430,4,5,431],"tags":[412,363,425,447,59,436,396,438,437,446,395],"class_list":["post-11487","post","type-post","status-publish","format-standard","has-post-thumbnail","hentry","category-5e","category-general","category-infantil","category-medi","category-portada","category-primaria","category-projectes","tag-zinkers-2","tag-zinkersrepsol","tag-425","tag-agenda-2030","tag-cicle-superior","tag-consciencio-del-medi","tag-eficiencia-energetica","tag-energies-renovables","tag-hort-vertical","tag-ods","tag-sostenibilitat"],"post_mailing_queue_ids":[],"_links":{"self":[{"href":"https:\/\/agora.xtec.cat\/escolafrancescfeliu\/wp-json\/wp\/v2\/posts\/11487","targetHints":{"allow":["GET"]}}],"collection":[{"href":"https:\/\/agora.xtec.cat\/escolafrancescfeliu\/wp-json\/wp\/v2\/posts"}],"about":[{"href":"https:\/\/agora.xtec.cat\/escolafrancescfeliu\/wp-json\/wp\/v2\/types\/post"}],"author":[{"embeddable":true,"href":"https:\/\/agora.xtec.cat\/escolafrancescfeliu\/wp-json\/wp\/v2\/users\/1"}],"replies":[{"embeddable":true,"href":"https:\/\/agora.xtec.cat\/escolafrancescfeliu\/wp-json\/wp\/v2\/comments?post=11487"}],"version-history":[{"count":5,"href":"https:\/\/agora.xtec.cat\/escolafrancescfeliu\/wp-json\/wp\/v2\/posts\/11487\/revisions"}],"predecessor-version":[{"id":11512,"href":"https:\/\/agora.xtec.cat\/escolafrancescfeliu\/wp-json\/wp\/v2\/posts\/11487\/revisions\/11512"}],"wp:featuredmedia":[{"embeddable":true,"href":"https:\/\/agora.xtec.cat\/escolafrancescfeliu\/wp-json\/wp\/v2\/media\/11490"}],"wp:attachment":[{"href":"https:\/\/agora.xtec.cat\/escolafrancescfeliu\/wp-json\/wp\/v2\/media?parent=11487"}],"wp:term":[{"taxonomy":"category","embeddable":true,"href":"https:\/\/agora.xtec.cat\/escolafrancescfeliu\/wp-json\/wp\/v2\/categories?post=11487"},{"taxonomy":"post_tag","embeddable":true,"href":"https:\/\/agora.xtec.cat\/escolafrancescfeliu\/wp-json\/wp\/v2\/tags?post=11487"}],"curies":[{"name":"wp","href":"https:\/\/api.w.org\/{rel}","templated":true}]}}