{"id":11404,"date":"2026-01-23T14:29:50","date_gmt":"2026-01-23T13:29:50","guid":{"rendered":"https:\/\/agora.xtec.cat\/escolafrancescfeliu\/?p=11404"},"modified":"2026-01-23T14:32:25","modified_gmt":"2026-01-23T13:32:25","slug":"voluntariat-a-1r-a","status":"publish","type":"post","link":"https:\/\/agora.xtec.cat\/escolafrancescfeliu\/general\/voluntariat-a-1r-a\/","title":{"rendered":"VOLUNTARIAT A 1R A"},"content":{"rendered":"\n<figure class=\"wp-block-image\"><img loading=\"lazy\" decoding=\"async\" width=\"661\" height=\"316\" src=\"https:\/\/agora.xtec.cat\/escolafrancescfeliu\/wp-content\/uploads\/usu213\/2026\/01\/sistema-solar-rotated.jpg\" alt=\"\" class=\"wp-image-11405\" srcset=\"https:\/\/agora.xtec.cat\/escolafrancescfeliu\/wp-content\/uploads\/usu213\/2026\/01\/sistema-solar-rotated.jpg 661w, https:\/\/agora.xtec.cat\/escolafrancescfeliu\/wp-content\/uploads\/usu213\/2026\/01\/sistema-solar-300x143.jpg 300w\" sizes=\"auto, (max-width: 661px) 100vw, 661px\" \/><\/figure>\n\n\n\n<p>Avui hem tingut una visita molt especial a la classe de 1r A. Els pares de la Frida, la C\u00e8lia i el Marc, han vingut a explicar-nos el sistema solar aprofitant que ho estem treballant a l&#8217;\u00e0rea de medi. <br>Han comen\u00e7at fent una breu explicaci\u00f3 de cada planeta i l&#8217;alumnat anava recordant quin planeta coneixia i qu\u00e8 ens sab\u00edem de cadascun.<br>Ens han preparat un clauer amb els 8 planetes que formen el sistema solar. A cada part del clauer hi ha una imatge del planeta que hem pogut pintar i hi hem empegat una caracter\u00edstica de cadascun. <br>Ha estat una activitat molt divertida i enriquidora. <\/p>\n\n\n\n<p>En <a href=\"https:\/\/drive.google.com\/drive\/folders\/1NKgehPE-hvQu4mqECrvqAS556UCr2cTn?usp=sharing\" data-type=\"link\" data-id=\"https:\/\/drive.google.com\/drive\/folders\/1NKgehPE-hvQu4mqECrvqAS556UCr2cTn?usp=sharing\" target=\"_blank\" rel=\"noreferrer noopener\">AQUEST<\/a> enlla\u00e7 podeu veure unes fotos de l&#8217;activitat.<br>Gr\u00e0cies fam\u00edlia!<\/p>\n","protected":false},"excerpt":{"rendered":"<p>Avui hem tingut una visita molt especial a la classe de 1r A. Els pares de la Frida, la C\u00e8lia i el Marc, han vingut a explicar-nos el sistema solar aprofitant que ho estem treballant a l&#8217;\u00e0rea de medi. Han comen\u00e7at fent una breu explicaci\u00f3 de cada planeta i l&#8217;alumnat anava recordant quin planeta coneixia [&hellip;]<\/p>\n","protected":false},"author":33,"featured_media":11405,"comment_status":"closed","ping_status":"open","sticky":false,"template":"","format":"standard","meta":{"_bbp_topic_count":0,"_bbp_reply_count":0,"_bbp_total_topic_count":0,"_bbp_total_reply_count":0,"_bbp_voice_count":0,"_bbp_anonymous_reply_count":0,"_bbp_topic_count_hidden":0,"_bbp_reply_count_hidden":0,"_bbp_forum_subforum_count":0,"site-sidebar-layout":"default","site-content-layout":"","ast-site-content-layout":"default","site-content-style":"default","site-sidebar-style":"default","ast-global-header-display":"","ast-banner-title-visibility":"","ast-main-header-display":"","ast-hfb-above-header-display":"","ast-hfb-below-header-display":"","ast-hfb-mobile-header-display":"","site-post-title":"","ast-breadcrumbs-content":"","ast-featured-img":"","footer-sml-layout":"","theme-transparent-header-meta":"","adv-header-id-meta":"","stick-header-meta":"","header-above-stick-meta":"","header-main-stick-meta":"","header-below-stick-meta":"","astra-migrate-meta-layouts":"set","ast-page-background-enabled":"default","ast-page-background-meta":{"desktop":{"background-color":"var(--ast-global-color-4)","background-image":"","background-repeat":"repeat","background-position":"center center","background-size":"auto","background-attachment":"scroll","background-type":"","background-media":"","overlay-type":"","overlay-color":"","overlay-opacity":"","overlay-gradient":""},"tablet":{"background-color":"","background-image":"","background-repeat":"repeat","background-position":"center center","background-size":"auto","background-attachment":"scroll","background-type":"","background-media":"","overlay-type":"","overlay-color":"","overlay-opacity":"","overlay-gradient":""},"mobile":{"background-color":"","background-image":"","background-repeat":"repeat","background-position":"center center","background-size":"auto","background-attachment":"scroll","background-type":"","background-media":"","overlay-type":"","overlay-color":"","overlay-opacity":"","overlay-gradient":""}},"ast-content-background-meta":{"desktop":{"background-color":"var(--ast-global-color-5)","background-image":"","background-repeat":"repeat","background-position":"center center","background-size":"auto","background-attachment":"scroll","background-type":"","background-media":"","overlay-type":"","overlay-color":"","overlay-opacity":"","overlay-gradient":""},"tablet":{"background-color":"var(--ast-global-color-5)","background-image":"","background-repeat":"repeat","background-position":"center center","background-size":"auto","background-attachment":"scroll","background-type":"","background-media":"","overlay-type":"","overlay-color":"","overlay-opacity":"","overlay-gradient":""},"mobile":{"background-color":"var(--ast-global-color-5)","background-image":"","background-repeat":"repeat","background-position":"center center","background-size":"auto","background-attachment":"scroll","background-type":"","background-media":"","overlay-type":"","overlay-color":"","overlay-opacity":"","overlay-gradient":""}},"footnotes":""},"categories":[10,401,1,4,5],"tags":[425,78,294,62,67,187],"class_list":["post-11404","post","type-post","status-publish","format-standard","has-post-thumbnail","hentry","category-1r","category-c-inicial","category-general","category-portada","category-primaria","tag-425","tag-cicle-inicial","tag-escola","tag-escolafrancescfeliu","tag-primaria","tag-primer"],"post_mailing_queue_ids":[],"_links":{"self":[{"href":"https:\/\/agora.xtec.cat\/escolafrancescfeliu\/wp-json\/wp\/v2\/posts\/11404","targetHints":{"allow":["GET"]}}],"collection":[{"href":"https:\/\/agora.xtec.cat\/escolafrancescfeliu\/wp-json\/wp\/v2\/posts"}],"about":[{"href":"https:\/\/agora.xtec.cat\/escolafrancescfeliu\/wp-json\/wp\/v2\/types\/post"}],"author":[{"embeddable":true,"href":"https:\/\/agora.xtec.cat\/escolafrancescfeliu\/wp-json\/wp\/v2\/users\/33"}],"replies":[{"embeddable":true,"href":"https:\/\/agora.xtec.cat\/escolafrancescfeliu\/wp-json\/wp\/v2\/comments?post=11404"}],"version-history":[{"count":3,"href":"https:\/\/agora.xtec.cat\/escolafrancescfeliu\/wp-json\/wp\/v2\/posts\/11404\/revisions"}],"predecessor-version":[{"id":11409,"href":"https:\/\/agora.xtec.cat\/escolafrancescfeliu\/wp-json\/wp\/v2\/posts\/11404\/revisions\/11409"}],"wp:featuredmedia":[{"embeddable":true,"href":"https:\/\/agora.xtec.cat\/escolafrancescfeliu\/wp-json\/wp\/v2\/media\/11405"}],"wp:attachment":[{"href":"https:\/\/agora.xtec.cat\/escolafrancescfeliu\/wp-json\/wp\/v2\/media?parent=11404"}],"wp:term":[{"taxonomy":"category","embeddable":true,"href":"https:\/\/agora.xtec.cat\/escolafrancescfeliu\/wp-json\/wp\/v2\/categories?post=11404"},{"taxonomy":"post_tag","embeddable":true,"href":"https:\/\/agora.xtec.cat\/escolafrancescfeliu\/wp-json\/wp\/v2\/tags?post=11404"}],"curies":[{"name":"wp","href":"https:\/\/api.w.org\/{rel}","templated":true}]}}