{"id":11330,"date":"2025-12-01T09:23:32","date_gmt":"2025-12-01T08:23:32","guid":{"rendered":"https:\/\/agora.xtec.cat\/escolafrancescfeliu\/?p=11330"},"modified":"2025-12-01T09:23:33","modified_gmt":"2025-12-01T08:23:33","slug":"sortida-mitjana-i-mamba-parc","status":"publish","type":"post","link":"https:\/\/agora.xtec.cat\/escolafrancescfeliu\/general\/sortida-mitjana-i-mamba-parc\/","title":{"rendered":"SORTIDA MITJANA I MAMBA PARC"},"content":{"rendered":"\n<p>Aquest dilluns 24 de novembre l&#8217;alumnat de CI hem anat de sortida al parc de la Mitjana i al Mamba Parc.<br>Ha estat una sortida molt interessant i divertida. A la Mitjana hem fet un taller per tal  de descobrir-la i con\u00e8ixer-la una mica m\u00e9s. Durant el recorregut hem anat descobrint els tres arbres que hi viuen (\u00e0lber, om i xop). Hem fet un joc on ens hem tapat els ulls i, amb l&#8217;ajuda dels companys, hav\u00edem de descobrir quin arbre hav\u00edem tocat. Hem fet recerca de fulles, plomes, liquen, escor\u00e7a dels arbres i caragolines. Tamb\u00e9 hem jugat a convertir-nos amb diferents animals que podem trobar al parc: granota, gobi, mosquit, porc senglar, \u00e0nec, puput, musaranya, serp, pica-soques i formigues. <br>Hem escenificat com creixen els arbres i com canvien segons l&#8217;estaci\u00f3 en qu\u00e8 ens trobem. <br>Finalment, hem fet uns puzles on hem pogut observar la fauna i la flora que podem trobar a la Mitjana.<\/p>\n\n\n\n<p>Un cop hem dinat i jugat una estona, hem anat al Mamba Parc. Ha estat genial! Ens ho hem passat molt b\u00e9!<\/p>\n\n\n\n<p><a href=\"https:\/\/drive.google.com\/drive\/folders\/1BlkTnE_ANJTokRtQQyWK1PdQLuKEqQ8k?usp=sharing\" target=\"_blank\" rel=\"noreferrer noopener\">AQU\u00cd<\/a> podeu veure unes quantes fotos d&#8217;aquesta sortida tant interessant i divertida.<\/p>\n\n\n\n<p><\/p>\n","protected":false},"excerpt":{"rendered":"<p>Aquest dilluns 24 de novembre l&#8217;alumnat de CI hem anat de sortida al parc de la Mitjana i al Mamba Parc.Ha estat una sortida molt interessant i divertida. A la Mitjana hem fet un taller per tal de descobrir-la i con\u00e8ixer-la una mica m\u00e9s. Durant el recorregut hem anat descobrint els tres arbres que hi [&hellip;]<\/p>\n","protected":false},"author":33,"featured_media":11331,"comment_status":"closed","ping_status":"open","sticky":false,"template":"","format":"standard","meta":{"_bbp_topic_count":0,"_bbp_reply_count":0,"_bbp_total_topic_count":0,"_bbp_total_reply_count":0,"_bbp_voice_count":0,"_bbp_anonymous_reply_count":0,"_bbp_topic_count_hidden":0,"_bbp_reply_count_hidden":0,"_bbp_forum_subforum_count":0,"site-sidebar-layout":"default","site-content-layout":"","ast-site-content-layout":"default","site-content-style":"default","site-sidebar-style":"default","ast-global-header-display":"","ast-banner-title-visibility":"","ast-main-header-display":"","ast-hfb-above-header-display":"","ast-hfb-below-header-display":"","ast-hfb-mobile-header-display":"","site-post-title":"","ast-breadcrumbs-content":"","ast-featured-img":"","footer-sml-layout":"","theme-transparent-header-meta":"","adv-header-id-meta":"","stick-header-meta":"","header-above-stick-meta":"","header-main-stick-meta":"","header-below-stick-meta":"","astra-migrate-meta-layouts":"set","ast-page-background-enabled":"default","ast-page-background-meta":{"desktop":{"background-color":"var(--ast-global-color-4)","background-image":"","background-repeat":"repeat","background-position":"center center","background-size":"auto","background-attachment":"scroll","background-type":"","background-media":"","overlay-type":"","overlay-color":"","overlay-opacity":"","overlay-gradient":""},"tablet":{"background-color":"","background-image":"","background-repeat":"repeat","background-position":"center center","background-size":"auto","background-attachment":"scroll","background-type":"","background-media":"","overlay-type":"","overlay-color":"","overlay-opacity":"","overlay-gradient":""},"mobile":{"background-color":"","background-image":"","background-repeat":"repeat","background-position":"center center","background-size":"auto","background-attachment":"scroll","background-type":"","background-media":"","overlay-type":"","overlay-color":"","overlay-opacity":"","overlay-gradient":""}},"ast-content-background-meta":{"desktop":{"background-color":"var(--ast-global-color-5)","background-image":"","background-repeat":"repeat","background-position":"center center","background-size":"auto","background-attachment":"scroll","background-type":"","background-media":"","overlay-type":"","overlay-color":"","overlay-opacity":"","overlay-gradient":""},"tablet":{"background-color":"var(--ast-global-color-5)","background-image":"","background-repeat":"repeat","background-position":"center center","background-size":"auto","background-attachment":"scroll","background-type":"","background-media":"","overlay-type":"","overlay-color":"","overlay-opacity":"","overlay-gradient":""},"mobile":{"background-color":"var(--ast-global-color-5)","background-image":"","background-repeat":"repeat","background-position":"center center","background-size":"auto","background-attachment":"scroll","background-type":"","background-media":"","overlay-type":"","overlay-color":"","overlay-opacity":"","overlay-gradient":""}},"footnotes":""},"categories":[10,11,401,1,4,5],"tags":[336,78,294,62,67],"class_list":["post-11330","post","type-post","status-publish","format-standard","has-post-thumbnail","hentry","category-1r","category-2n","category-c-inicial","category-general","category-portada","category-primaria","tag-336","tag-cicle-inicial","tag-escola","tag-escolafrancescfeliu","tag-primaria"],"post_mailing_queue_ids":[],"_links":{"self":[{"href":"https:\/\/agora.xtec.cat\/escolafrancescfeliu\/wp-json\/wp\/v2\/posts\/11330","targetHints":{"allow":["GET"]}}],"collection":[{"href":"https:\/\/agora.xtec.cat\/escolafrancescfeliu\/wp-json\/wp\/v2\/posts"}],"about":[{"href":"https:\/\/agora.xtec.cat\/escolafrancescfeliu\/wp-json\/wp\/v2\/types\/post"}],"author":[{"embeddable":true,"href":"https:\/\/agora.xtec.cat\/escolafrancescfeliu\/wp-json\/wp\/v2\/users\/33"}],"replies":[{"embeddable":true,"href":"https:\/\/agora.xtec.cat\/escolafrancescfeliu\/wp-json\/wp\/v2\/comments?post=11330"}],"version-history":[{"count":1,"href":"https:\/\/agora.xtec.cat\/escolafrancescfeliu\/wp-json\/wp\/v2\/posts\/11330\/revisions"}],"predecessor-version":[{"id":11332,"href":"https:\/\/agora.xtec.cat\/escolafrancescfeliu\/wp-json\/wp\/v2\/posts\/11330\/revisions\/11332"}],"wp:featuredmedia":[{"embeddable":true,"href":"https:\/\/agora.xtec.cat\/escolafrancescfeliu\/wp-json\/wp\/v2\/media\/11331"}],"wp:attachment":[{"href":"https:\/\/agora.xtec.cat\/escolafrancescfeliu\/wp-json\/wp\/v2\/media?parent=11330"}],"wp:term":[{"taxonomy":"category","embeddable":true,"href":"https:\/\/agora.xtec.cat\/escolafrancescfeliu\/wp-json\/wp\/v2\/categories?post=11330"},{"taxonomy":"post_tag","embeddable":true,"href":"https:\/\/agora.xtec.cat\/escolafrancescfeliu\/wp-json\/wp\/v2\/tags?post=11330"}],"curies":[{"name":"wp","href":"https:\/\/api.w.org\/{rel}","templated":true}]}}