{"id":11316,"date":"2025-12-04T09:56:20","date_gmt":"2025-12-04T08:56:20","guid":{"rendered":"https:\/\/agora.xtec.cat\/escolafrancescfeliu\/?p=11316"},"modified":"2025-12-04T10:25:26","modified_gmt":"2025-12-04T09:25:26","slug":"torna-robots-en-accio","status":"publish","type":"post","link":"https:\/\/agora.xtec.cat\/escolafrancescfeliu\/general\/torna-robots-en-accio\/","title":{"rendered":"TORNA ROBOTS EN ACCI\u00d3!"},"content":{"rendered":"\n<p>Aquest curs tornem a participar en el projecte de Robots en acci\u00f3!, amb l&#8217;alumnat de 3r i amb els Spike Essential programarem els nostres robots per superar les missions de la Temporada 2 &#8221; La recerca del Nucli Estel\u00b7lar&#8221; i ajudarem als nostres companys, el Max i la Lluna, a realitzar els diferents reptes i salvar el planeta Jedara.<\/p>\n\n\n\n<p>Robots en acci\u00f3! \u00e9s un projecte de l\u2019\u00c0rea de Cultura Digital que t\u00e9 com a objectiu contribuir al desenvolupament de la compet\u00e8ncia digital de l\u2019alumnat i en especial, del pensament computacional, mitjan\u00e7ant l\u2019\u00fas dels equipaments de rob\u00f2tica disponibles als centres educatius.<\/p>\n\n\n\n<p>Ja hem superat el primer repte, enhorabona!<\/p>\n\n\n\n<figure class=\"wp-block-image size-full\"><a href=\"https:\/\/www.youtube.com\/watch?v=AxstOd3VLBk\" target=\"_blank\" rel=\" noreferrer noopener\"><img loading=\"lazy\" decoding=\"async\" width=\"500\" height=\"500\" src=\"https:\/\/agora.xtec.cat\/escolafrancescfeliu\/wp-content\/uploads\/usu213\/2025\/12\/T2R1.png\" alt=\"\" class=\"wp-image-11340\" srcset=\"https:\/\/agora.xtec.cat\/escolafrancescfeliu\/wp-content\/uploads\/usu213\/2025\/12\/T2R1.png 500w, https:\/\/agora.xtec.cat\/escolafrancescfeliu\/wp-content\/uploads\/usu213\/2025\/12\/T2R1-300x300.png 300w, https:\/\/agora.xtec.cat\/escolafrancescfeliu\/wp-content\/uploads\/usu213\/2025\/12\/T2R1-150x150.png 150w\" sizes=\"auto, (max-width: 500px) 100vw, 500px\" \/><\/a><\/figure>\n","protected":false},"excerpt":{"rendered":"<p>Aquest curs tornem a participar en el projecte de Robots en acci\u00f3!, amb l&#8217;alumnat de 3r i amb els Spike Essential programarem els nostres robots per superar les missions de la Temporada 2 &#8221; La recerca del Nucli Estel\u00b7lar&#8221; i ajudarem als nostres companys, el Max i la Lluna, a realitzar els diferents reptes i [&hellip;]<\/p>\n","protected":false},"author":1,"featured_media":11340,"comment_status":"closed","ping_status":"open","sticky":false,"template":"","format":"standard","meta":{"_bbp_topic_count":0,"_bbp_reply_count":0,"_bbp_total_topic_count":0,"_bbp_total_reply_count":0,"_bbp_voice_count":0,"_bbp_anonymous_reply_count":0,"_bbp_topic_count_hidden":0,"_bbp_reply_count_hidden":0,"_bbp_forum_subforum_count":0,"site-sidebar-layout":"default","site-content-layout":"","ast-site-content-layout":"default","site-content-style":"default","site-sidebar-style":"default","ast-global-header-display":"","ast-banner-title-visibility":"","ast-main-header-display":"","ast-hfb-above-header-display":"","ast-hfb-below-header-display":"","ast-hfb-mobile-header-display":"","site-post-title":"","ast-breadcrumbs-content":"","ast-featured-img":"","footer-sml-layout":"","theme-transparent-header-meta":"","adv-header-id-meta":"","stick-header-meta":"","header-above-stick-meta":"","header-main-stick-meta":"","header-below-stick-meta":"","astra-migrate-meta-layouts":"set","ast-page-background-enabled":"default","ast-page-background-meta":{"desktop":{"background-color":"var(--ast-global-color-4)","background-image":"","background-repeat":"repeat","background-position":"center center","background-size":"auto","background-attachment":"scroll","background-type":"","background-media":"","overlay-type":"","overlay-color":"","overlay-opacity":"","overlay-gradient":""},"tablet":{"background-color":"","background-image":"","background-repeat":"repeat","background-position":"center center","background-size":"auto","background-attachment":"scroll","background-type":"","background-media":"","overlay-type":"","overlay-color":"","overlay-opacity":"","overlay-gradient":""},"mobile":{"background-color":"","background-image":"","background-repeat":"repeat","background-position":"center center","background-size":"auto","background-attachment":"scroll","background-type":"","background-media":"","overlay-type":"","overlay-color":"","overlay-opacity":"","overlay-gradient":""}},"ast-content-background-meta":{"desktop":{"background-color":"var(--ast-global-color-5)","background-image":"","background-repeat":"repeat","background-position":"center center","background-size":"auto","background-attachment":"scroll","background-type":"","background-media":"","overlay-type":"","overlay-color":"","overlay-opacity":"","overlay-gradient":""},"tablet":{"background-color":"var(--ast-global-color-5)","background-image":"","background-repeat":"repeat","background-position":"center center","background-size":"auto","background-attachment":"scroll","background-type":"","background-media":"","overlay-type":"","overlay-color":"","overlay-opacity":"","overlay-gradient":""},"mobile":{"background-color":"var(--ast-global-color-5)","background-image":"","background-repeat":"repeat","background-position":"center center","background-size":"auto","background-attachment":"scroll","background-type":"","background-media":"","overlay-type":"","overlay-color":"","overlay-opacity":"","overlay-gradient":""}},"footnotes":""},"categories":[12,402,1,4,5],"tags":[332,336,222,189,62,382,241],"class_list":["post-11316","post","type-post","status-publish","format-standard","has-post-thumbnail","hentry","category-3r","category-c-mitja","category-general","category-portada","category-primaria","tag-robotsenaccio","tag-336","tag-3r","tag-cicle-mitja","tag-escolafrancescfeliu","tag-programacio","tag-robotica"],"post_mailing_queue_ids":[],"_links":{"self":[{"href":"https:\/\/agora.xtec.cat\/escolafrancescfeliu\/wp-json\/wp\/v2\/posts\/11316","targetHints":{"allow":["GET"]}}],"collection":[{"href":"https:\/\/agora.xtec.cat\/escolafrancescfeliu\/wp-json\/wp\/v2\/posts"}],"about":[{"href":"https:\/\/agora.xtec.cat\/escolafrancescfeliu\/wp-json\/wp\/v2\/types\/post"}],"author":[{"embeddable":true,"href":"https:\/\/agora.xtec.cat\/escolafrancescfeliu\/wp-json\/wp\/v2\/users\/1"}],"replies":[{"embeddable":true,"href":"https:\/\/agora.xtec.cat\/escolafrancescfeliu\/wp-json\/wp\/v2\/comments?post=11316"}],"version-history":[{"count":4,"href":"https:\/\/agora.xtec.cat\/escolafrancescfeliu\/wp-json\/wp\/v2\/posts\/11316\/revisions"}],"predecessor-version":[{"id":11342,"href":"https:\/\/agora.xtec.cat\/escolafrancescfeliu\/wp-json\/wp\/v2\/posts\/11316\/revisions\/11342"}],"wp:featuredmedia":[{"embeddable":true,"href":"https:\/\/agora.xtec.cat\/escolafrancescfeliu\/wp-json\/wp\/v2\/media\/11340"}],"wp:attachment":[{"href":"https:\/\/agora.xtec.cat\/escolafrancescfeliu\/wp-json\/wp\/v2\/media?parent=11316"}],"wp:term":[{"taxonomy":"category","embeddable":true,"href":"https:\/\/agora.xtec.cat\/escolafrancescfeliu\/wp-json\/wp\/v2\/categories?post=11316"},{"taxonomy":"post_tag","embeddable":true,"href":"https:\/\/agora.xtec.cat\/escolafrancescfeliu\/wp-json\/wp\/v2\/tags?post=11316"}],"curies":[{"name":"wp","href":"https:\/\/api.w.org\/{rel}","templated":true}]}}