{"id":11021,"date":"2025-06-10T09:39:38","date_gmt":"2025-06-10T07:39:38","guid":{"rendered":"https:\/\/agora.xtec.cat\/escolafrancescfeliu\/?p=11021"},"modified":"2025-07-22T16:48:06","modified_gmt":"2025-07-22T14:48:06","slug":"dia-mundial-del-donant-de-sang","status":"publish","type":"post","link":"https:\/\/agora.xtec.cat\/escolafrancescfeliu\/general\/dia-mundial-del-donant-de-sang\/","title":{"rendered":"DIA MUNDIAL DEL DONANT DE SANG"},"content":{"rendered":"<p>Avui, a l&#8217;escola, hem celebrat el Dia Mundial del Donant de Sang d&#8217;una manera molt especial. Les infermeres del CAP d&#8217;Aitona ens han visitat per explicar-nos el conte &#8220;El pardalet ferit&#8221;, una hist\u00f2ria emotiva que ens ha ajudat a entendre la import\u00e0ncia de donar sang per ajudar els altres.<\/p>\n<p>Despr\u00e9s d&#8217;escoltar el conte, els nens i nenes han expressat tot el que han apr\u00e8s i sentit a trav\u00e9s e dibuixos plens de color, emoci\u00f3 i solidaritat. Aquests dibuixos quedaran exposats al CAP d&#8217;Aitona perqu\u00e8 tothom qui el visiti pugui veure com els m\u00e9s petits tamb\u00e9 volen col\u00b7laborar i donar les gr\u00e0cies als donants.<\/p>\n<p>Gr\u00e0cies a les infermeres per la visita, i gr\u00e0cies a tots els donants per salvar vides!<\/p>\n<p>Els nens i nenes d&#8217;Aitona tamb\u00e9 diuen: &#8220;Jo tamb\u00e9 vull ajudar!&#8221;<\/p>\n<p><a href=\"https:\/\/drive.google.com\/drive\/folders\/1kwz2LgR7GrtC0T5yxL0Zz0j85y2sLat1?usp=drive_link\" target=\"_blank\" rel=\"noopener\"><img loading=\"lazy\" decoding=\"async\" class=\"size-full wp-image-11022 aligncenter\" src=\"https:\/\/agora.xtec.cat\/escolafrancescfeliu\/wp-content\/uploads\/usu213\/2025\/06\/IMG-20250611-WA0004.jpg\" alt=\"\" width=\"300\" height=\"225\" srcset=\"https:\/\/agora.xtec.cat\/escolafrancescfeliu\/wp-content\/uploads\/usu213\/2025\/06\/IMG-20250611-WA0004.jpg 300w, https:\/\/agora.xtec.cat\/escolafrancescfeliu\/wp-content\/uploads\/usu213\/2025\/06\/IMG-20250611-WA0004-200x150.jpg 200w\" sizes=\"auto, (max-width: 300px) 100vw, 300px\" \/><\/a><\/p>\n","protected":false},"excerpt":{"rendered":"<p>Avui, a l&#8217;escola, hem celebrat el Dia Mundial del Donant de Sang d&#8217;una manera molt especial. Les infermeres del CAP d&#8217;Aitona ens han visitat per explicar-nos el conte &#8220;El pardalet ferit&#8221;, una hist\u00f2ria emotiva que ens ha ajudat a entendre la import\u00e0ncia de donar sang per ajudar els altres. Despr\u00e9s d&#8217;escoltar el conte, els nens [&hellip;]<\/p>\n","protected":false},"author":1,"featured_media":11022,"comment_status":"closed","ping_status":"open","sticky":false,"template":"","format":"standard","meta":{"_bbp_topic_count":0,"_bbp_reply_count":0,"_bbp_total_topic_count":0,"_bbp_total_reply_count":0,"_bbp_voice_count":0,"_bbp_anonymous_reply_count":0,"_bbp_topic_count_hidden":0,"_bbp_reply_count_hidden":0,"_bbp_forum_subforum_count":0,"site-sidebar-layout":"default","site-content-layout":"","ast-site-content-layout":"default","site-content-style":"default","site-sidebar-style":"default","ast-global-header-display":"","ast-banner-title-visibility":"","ast-main-header-display":"","ast-hfb-above-header-display":"","ast-hfb-below-header-display":"","ast-hfb-mobile-header-display":"","site-post-title":"","ast-breadcrumbs-content":"","ast-featured-img":"","footer-sml-layout":"","theme-transparent-header-meta":"","adv-header-id-meta":"","stick-header-meta":"","header-above-stick-meta":"","header-main-stick-meta":"","header-below-stick-meta":"","astra-migrate-meta-layouts":"set","ast-page-background-enabled":"default","ast-page-background-meta":{"desktop":{"background-color":"var(--ast-global-color-4)","background-image":"","background-repeat":"repeat","background-position":"center center","background-size":"auto","background-attachment":"scroll","background-type":"","background-media":"","overlay-type":"","overlay-color":"","overlay-opacity":"","overlay-gradient":""},"tablet":{"background-color":"","background-image":"","background-repeat":"repeat","background-position":"center center","background-size":"auto","background-attachment":"scroll","background-type":"","background-media":"","overlay-type":"","overlay-color":"","overlay-opacity":"","overlay-gradient":""},"mobile":{"background-color":"","background-image":"","background-repeat":"repeat","background-position":"center center","background-size":"auto","background-attachment":"scroll","background-type":"","background-media":"","overlay-type":"","overlay-color":"","overlay-opacity":"","overlay-gradient":""}},"ast-content-background-meta":{"desktop":{"background-color":"var(--ast-global-color-5)","background-image":"","background-repeat":"repeat","background-position":"center center","background-size":"auto","background-attachment":"scroll","background-type":"","background-media":"","overlay-type":"","overlay-color":"","overlay-opacity":"","overlay-gradient":""},"tablet":{"background-color":"var(--ast-global-color-5)","background-image":"","background-repeat":"repeat","background-position":"center center","background-size":"auto","background-attachment":"scroll","background-type":"","background-media":"","overlay-type":"","overlay-color":"","overlay-opacity":"","overlay-gradient":""},"mobile":{"background-color":"var(--ast-global-color-5)","background-image":"","background-repeat":"repeat","background-position":"center center","background-size":"auto","background-attachment":"scroll","background-type":"","background-media":"","overlay-type":"","overlay-color":"","overlay-opacity":"","overlay-gradient":""}},"footnotes":""},"categories":[11,1,4,5],"tags":[336,350,394,393],"class_list":["post-11021","post","type-post","status-publish","format-standard","has-post-thumbnail","hentry","category-2n","category-general","category-portada","category-primaria","tag-336","tag-2n","tag-dia-mundial-del-donant-de-sang","tag-sang"],"post_mailing_queue_ids":[],"_links":{"self":[{"href":"https:\/\/agora.xtec.cat\/escolafrancescfeliu\/wp-json\/wp\/v2\/posts\/11021","targetHints":{"allow":["GET"]}}],"collection":[{"href":"https:\/\/agora.xtec.cat\/escolafrancescfeliu\/wp-json\/wp\/v2\/posts"}],"about":[{"href":"https:\/\/agora.xtec.cat\/escolafrancescfeliu\/wp-json\/wp\/v2\/types\/post"}],"author":[{"embeddable":true,"href":"https:\/\/agora.xtec.cat\/escolafrancescfeliu\/wp-json\/wp\/v2\/users\/1"}],"replies":[{"embeddable":true,"href":"https:\/\/agora.xtec.cat\/escolafrancescfeliu\/wp-json\/wp\/v2\/comments?post=11021"}],"version-history":[{"count":2,"href":"https:\/\/agora.xtec.cat\/escolafrancescfeliu\/wp-json\/wp\/v2\/posts\/11021\/revisions"}],"predecessor-version":[{"id":11113,"href":"https:\/\/agora.xtec.cat\/escolafrancescfeliu\/wp-json\/wp\/v2\/posts\/11021\/revisions\/11113"}],"wp:featuredmedia":[{"embeddable":true,"href":"https:\/\/agora.xtec.cat\/escolafrancescfeliu\/wp-json\/wp\/v2\/media\/11022"}],"wp:attachment":[{"href":"https:\/\/agora.xtec.cat\/escolafrancescfeliu\/wp-json\/wp\/v2\/media?parent=11021"}],"wp:term":[{"taxonomy":"category","embeddable":true,"href":"https:\/\/agora.xtec.cat\/escolafrancescfeliu\/wp-json\/wp\/v2\/categories?post=11021"},{"taxonomy":"post_tag","embeddable":true,"href":"https:\/\/agora.xtec.cat\/escolafrancescfeliu\/wp-json\/wp\/v2\/tags?post=11021"}],"curies":[{"name":"wp","href":"https:\/\/api.w.org\/{rel}","templated":true}]}}