{"id":11002,"date":"2025-06-09T14:49:11","date_gmt":"2025-06-09T12:49:11","guid":{"rendered":"https:\/\/agora.xtec.cat\/escolafrancescfeliu\/?p=11002"},"modified":"2025-06-09T14:54:12","modified_gmt":"2025-06-09T12:54:12","slug":"congres-pedalab-granada","status":"publish","type":"post","link":"https:\/\/agora.xtec.cat\/escolafrancescfeliu\/general\/congres-pedalab-granada\/","title":{"rendered":"CONGR\u00c9S PEDALAB. GRANADA"},"content":{"rendered":"<p>Els mestres de m\u00fasica de l&#8217;escola han tingut l&#8217;oportunitat de presentar el projecte &#8220;Cartografia Sonora Cr\u00edtica&#8221; al Congr\u00e9s Pedalab (Laboratorio Pedag\u00f3gico), celebrat a la Universitat de Granada del 28 al 30 de maig.<\/p>\n<p>Va estar una experi\u00e8ncia enriquidora, compartint amb professionals de l&#8217;educaci\u00f3 i l&#8217;art la nostra manera de treballar l&#8217;escolta activa, el pensament cr\u00edtic i l&#8217;expressi\u00f3 creativa amb l&#8217;alumnat de 6\u00e8, en col\u00b7laboraci\u00f3 amb el professor Dani Guiti\u00e9rrez i els estudiants de magisteri de la FEPTS-Udl.<\/p>\n<p>Les cartografies creades pels alumnes s\u00f3n eines per reflexionar, narrar hist\u00f2ries i transformar la percepci\u00f3 del nostre entorn.<\/p>\n<p><a href=\"https:\/\/drive.google.com\/drive\/folders\/1dtwQi0xl1bW0Ye5u_tazx_gsLYpv5KId?usp=sharing\" target=\"_blank\" rel=\"noopener\"><img loading=\"lazy\" decoding=\"async\" class=\"size-medium wp-image-11003 aligncenter\" src=\"https:\/\/agora.xtec.cat\/escolafrancescfeliu\/wp-content\/uploads\/usu213\/2025\/06\/IMG-20250609-WA0006-225x300.jpg\" alt=\"\" width=\"225\" height=\"300\" srcset=\"https:\/\/agora.xtec.cat\/escolafrancescfeliu\/wp-content\/uploads\/usu213\/2025\/06\/IMG-20250609-WA0006-225x300.jpg 225w, https:\/\/agora.xtec.cat\/escolafrancescfeliu\/wp-content\/uploads\/usu213\/2025\/06\/IMG-20250609-WA0006.jpg 300w\" sizes=\"auto, (max-width: 225px) 100vw, 225px\" \/><\/a><\/p>\n","protected":false},"excerpt":{"rendered":"<p>Els mestres de m\u00fasica de l&#8217;escola han tingut l&#8217;oportunitat de presentar el projecte &#8220;Cartografia Sonora Cr\u00edtica&#8221; al Congr\u00e9s Pedalab (Laboratorio Pedag\u00f3gico), celebrat a la Universitat de Granada del 28 al 30 de maig. Va estar una experi\u00e8ncia enriquidora, compartint amb professionals de l&#8217;educaci\u00f3 i l&#8217;art la nostra manera de treballar l&#8217;escolta activa, el pensament cr\u00edtic [&hellip;]<\/p>\n","protected":false},"author":1,"featured_media":0,"comment_status":"closed","ping_status":"open","sticky":false,"template":"","format":"standard","meta":{"_bbp_topic_count":0,"_bbp_reply_count":0,"_bbp_total_topic_count":0,"_bbp_total_reply_count":0,"_bbp_voice_count":0,"_bbp_anonymous_reply_count":0,"_bbp_topic_count_hidden":0,"_bbp_reply_count_hidden":0,"_bbp_forum_subforum_count":0,"site-sidebar-layout":"default","site-content-layout":"","ast-site-content-layout":"","site-content-style":"default","site-sidebar-style":"default","ast-global-header-display":"","ast-banner-title-visibility":"","ast-main-header-display":"","ast-hfb-above-header-display":"","ast-hfb-below-header-display":"","ast-hfb-mobile-header-display":"","site-post-title":"","ast-breadcrumbs-content":"","ast-featured-img":"","footer-sml-layout":"","theme-transparent-header-meta":"","adv-header-id-meta":"","stick-header-meta":"","header-above-stick-meta":"","header-main-stick-meta":"","header-below-stick-meta":"","astra-migrate-meta-layouts":"default","ast-page-background-enabled":"default","ast-page-background-meta":{"desktop":{"background-color":"var(--ast-global-color-4)","background-image":"","background-repeat":"repeat","background-position":"center center","background-size":"auto","background-attachment":"scroll","background-type":"","background-media":"","overlay-type":"","overlay-color":"","overlay-opacity":"","overlay-gradient":""},"tablet":{"background-color":"","background-image":"","background-repeat":"repeat","background-position":"center center","background-size":"auto","background-attachment":"scroll","background-type":"","background-media":"","overlay-type":"","overlay-color":"","overlay-opacity":"","overlay-gradient":""},"mobile":{"background-color":"","background-image":"","background-repeat":"repeat","background-position":"center center","background-size":"auto","background-attachment":"scroll","background-type":"","background-media":"","overlay-type":"","overlay-color":"","overlay-opacity":"","overlay-gradient":""}},"ast-content-background-meta":{"desktop":{"background-color":"var(--ast-global-color-5)","background-image":"","background-repeat":"repeat","background-position":"center center","background-size":"auto","background-attachment":"scroll","background-type":"","background-media":"","overlay-type":"","overlay-color":"","overlay-opacity":"","overlay-gradient":""},"tablet":{"background-color":"var(--ast-global-color-5)","background-image":"","background-repeat":"repeat","background-position":"center center","background-size":"auto","background-attachment":"scroll","background-type":"","background-media":"","overlay-type":"","overlay-color":"","overlay-opacity":"","overlay-gradient":""},"mobile":{"background-color":"var(--ast-global-color-5)","background-image":"","background-repeat":"repeat","background-position":"center center","background-size":"auto","background-attachment":"scroll","background-type":"","background-media":"","overlay-type":"","overlay-color":"","overlay-opacity":"","overlay-gradient":""}},"footnotes":""},"categories":[15,1,2,4,5],"tags":[336,167,392,389,77,390,391],"class_list":["post-11002","post","type-post","status-publish","format-standard","hentry","category-6e","category-general","category-infantil","category-portada","category-primaria","tag-336","tag-6e","tag-cartografies","tag-congres","tag-musica","tag-udl","tag-universidad-de-granada"],"post_mailing_queue_ids":[],"_links":{"self":[{"href":"https:\/\/agora.xtec.cat\/escolafrancescfeliu\/wp-json\/wp\/v2\/posts\/11002","targetHints":{"allow":["GET"]}}],"collection":[{"href":"https:\/\/agora.xtec.cat\/escolafrancescfeliu\/wp-json\/wp\/v2\/posts"}],"about":[{"href":"https:\/\/agora.xtec.cat\/escolafrancescfeliu\/wp-json\/wp\/v2\/types\/post"}],"author":[{"embeddable":true,"href":"https:\/\/agora.xtec.cat\/escolafrancescfeliu\/wp-json\/wp\/v2\/users\/1"}],"replies":[{"embeddable":true,"href":"https:\/\/agora.xtec.cat\/escolafrancescfeliu\/wp-json\/wp\/v2\/comments?post=11002"}],"version-history":[{"count":3,"href":"https:\/\/agora.xtec.cat\/escolafrancescfeliu\/wp-json\/wp\/v2\/posts\/11002\/revisions"}],"predecessor-version":[{"id":11006,"href":"https:\/\/agora.xtec.cat\/escolafrancescfeliu\/wp-json\/wp\/v2\/posts\/11002\/revisions\/11006"}],"wp:attachment":[{"href":"https:\/\/agora.xtec.cat\/escolafrancescfeliu\/wp-json\/wp\/v2\/media?parent=11002"}],"wp:term":[{"taxonomy":"category","embeddable":true,"href":"https:\/\/agora.xtec.cat\/escolafrancescfeliu\/wp-json\/wp\/v2\/categories?post=11002"},{"taxonomy":"post_tag","embeddable":true,"href":"https:\/\/agora.xtec.cat\/escolafrancescfeliu\/wp-json\/wp\/v2\/tags?post=11002"}],"curies":[{"name":"wp","href":"https:\/\/api.w.org\/{rel}","templated":true}]}}