{"id":10940,"date":"2025-04-23T13:24:08","date_gmt":"2025-04-23T11:24:08","guid":{"rendered":"https:\/\/agora.xtec.cat\/escolafrancescfeliu\/?p=10940"},"modified":"2025-04-30T13:24:44","modified_gmt":"2025-04-30T11:24:44","slug":"celebrem-st-jordi","status":"publish","type":"post","link":"https:\/\/agora.xtec.cat\/escolafrancescfeliu\/general\/celebrem-st-jordi\/","title":{"rendered":"CELEBREM ST. JORDI"},"content":{"rendered":"<p>Aquest any per St. Jordi els alumnes d&#8217;infantil, cicle inicial i mitj\u00e0, hem anat a la biblioteca del poble per con\u00e8ixer de m\u00e9s a prop tot l&#8217;entorn dels llibres i hem pogut llegir una estona i escoltar les lectures d&#8217;altres companys de l&#8217;escola, despr\u00e9s a la tornada hem passat per la paradeta de llibres i roses que l&#8217;AFA havia preparat al carrer.<\/p>\n<p><span style=\"color: #2795b6;\"><a style=\"color: #2795b6;\" href=\"https:\/\/drive.google.com\/drive\/folders\/1DQki9aXYL85MKsG9JDz1XD6xgXW2n2M6?usp=sharing\" target=\"_blank\" rel=\"noopener\"><img loading=\"lazy\" decoding=\"async\" class=\"size-full wp-image-10941 alignleft\" src=\"https:\/\/agora.xtec.cat\/escolafrancescfeliu\/wp-content\/uploads\/usu213\/2025\/04\/20250423_114432.jpg\" alt=\"\" width=\"300\" height=\"225\" srcset=\"https:\/\/agora.xtec.cat\/escolafrancescfeliu\/wp-content\/uploads\/usu213\/2025\/04\/20250423_114432.jpg 300w, https:\/\/agora.xtec.cat\/escolafrancescfeliu\/wp-content\/uploads\/usu213\/2025\/04\/20250423_114432-200x150.jpg 200w\" sizes=\"auto, (max-width: 300px) 100vw, 300px\" \/><\/a><\/span><\/p>\n<p><a href=\"https:\/\/drive.google.com\/drive\/folders\/1dVYTBLf3to0WgitdECUumNFA4qS4Jv1V?usp=sharing\" target=\"_blank\" rel=\"noopener\"><img loading=\"lazy\" decoding=\"async\" class=\"size-full wp-image-10942 alignleft\" src=\"https:\/\/agora.xtec.cat\/escolafrancescfeliu\/wp-content\/uploads\/usu213\/2025\/04\/20250423_111357.jpg\" alt=\"\" width=\"300\" height=\"225\" srcset=\"https:\/\/agora.xtec.cat\/escolafrancescfeliu\/wp-content\/uploads\/usu213\/2025\/04\/20250423_111357.jpg 300w, https:\/\/agora.xtec.cat\/escolafrancescfeliu\/wp-content\/uploads\/usu213\/2025\/04\/20250423_111357-200x150.jpg 200w\" sizes=\"auto, (max-width: 300px) 100vw, 300px\" \/><\/a><\/p>\n<p>&nbsp;<\/p>\n<p>&nbsp;<\/p>\n<p>&nbsp;<\/p>\n<p>&nbsp;<\/p>\n<p>&nbsp;<\/p>\n<p>A la tarda tot el centre va celebrar la diada de St. Jordi al pati de l&#8217;escola amb els Jocs Florals, on es van llegir els textos que havien elaborat els diferents cicles i tamb\u00e9 \u00e9s van donar premis per a les produccions guanyadores dels cicles mitj\u00e0 i superior.<\/p>\n<p><a href=\"https:\/\/drive.google.com\/drive\/folders\/1NIyUE7DI_FmAiT3glcYXtobgbaBtuhrr?usp=sharing\" target=\"_blank\" rel=\"noopener\"><img loading=\"lazy\" decoding=\"async\" class=\"size-full wp-image-10945 alignleft\" src=\"https:\/\/agora.xtec.cat\/escolafrancescfeliu\/wp-content\/uploads\/usu213\/2025\/04\/Jocs-Florals-5.jpg\" alt=\"\" width=\"300\" height=\"225\" srcset=\"https:\/\/agora.xtec.cat\/escolafrancescfeliu\/wp-content\/uploads\/usu213\/2025\/04\/Jocs-Florals-5.jpg 300w, https:\/\/agora.xtec.cat\/escolafrancescfeliu\/wp-content\/uploads\/usu213\/2025\/04\/Jocs-Florals-5-200x150.jpg 200w\" sizes=\"auto, (max-width: 300px) 100vw, 300px\" \/><\/a><\/p>\n<p>&nbsp;<\/p>\n<p>&nbsp;<\/p>\n","protected":false},"excerpt":{"rendered":"<p>Aquest any per St. Jordi els alumnes d&#8217;infantil, cicle inicial i mitj\u00e0, hem anat a la biblioteca del poble per con\u00e8ixer de m\u00e9s a prop tot l&#8217;entorn dels llibres i hem pogut llegir una estona i escoltar les lectures d&#8217;altres companys de l&#8217;escola, despr\u00e9s a la tornada hem passat per la paradeta de llibres i [&hellip;]<\/p>\n","protected":false},"author":1,"featured_media":0,"comment_status":"closed","ping_status":"closed","sticky":false,"template":"","format":"standard","meta":{"_bbp_topic_count":0,"_bbp_reply_count":0,"_bbp_total_topic_count":0,"_bbp_total_reply_count":0,"_bbp_voice_count":0,"_bbp_anonymous_reply_count":0,"_bbp_topic_count_hidden":0,"_bbp_reply_count_hidden":0,"_bbp_forum_subforum_count":0,"site-sidebar-layout":"default","site-content-layout":"","ast-site-content-layout":"","site-content-style":"default","site-sidebar-style":"default","ast-global-header-display":"","ast-banner-title-visibility":"","ast-main-header-display":"","ast-hfb-above-header-display":"","ast-hfb-below-header-display":"","ast-hfb-mobile-header-display":"","site-post-title":"","ast-breadcrumbs-content":"","ast-featured-img":"","footer-sml-layout":"","theme-transparent-header-meta":"","adv-header-id-meta":"","stick-header-meta":"","header-above-stick-meta":"","header-main-stick-meta":"","header-below-stick-meta":"","astra-migrate-meta-layouts":"default","ast-page-background-enabled":"default","ast-page-background-meta":{"desktop":{"background-color":"var(--ast-global-color-4)","background-image":"","background-repeat":"repeat","background-position":"center center","background-size":"auto","background-attachment":"scroll","background-type":"","background-media":"","overlay-type":"","overlay-color":"","overlay-opacity":"","overlay-gradient":""},"tablet":{"background-color":"","background-image":"","background-repeat":"repeat","background-position":"center center","background-size":"auto","background-attachment":"scroll","background-type":"","background-media":"","overlay-type":"","overlay-color":"","overlay-opacity":"","overlay-gradient":""},"mobile":{"background-color":"","background-image":"","background-repeat":"repeat","background-position":"center center","background-size":"auto","background-attachment":"scroll","background-type":"","background-media":"","overlay-type":"","overlay-color":"","overlay-opacity":"","overlay-gradient":""}},"ast-content-background-meta":{"desktop":{"background-color":"var(--ast-global-color-5)","background-image":"","background-repeat":"repeat","background-position":"center center","background-size":"auto","background-attachment":"scroll","background-type":"","background-media":"","overlay-type":"","overlay-color":"","overlay-opacity":"","overlay-gradient":""},"tablet":{"background-color":"var(--ast-global-color-5)","background-image":"","background-repeat":"repeat","background-position":"center center","background-size":"auto","background-attachment":"scroll","background-type":"","background-media":"","overlay-type":"","overlay-color":"","overlay-opacity":"","overlay-gradient":""},"mobile":{"background-color":"var(--ast-global-color-5)","background-image":"","background-repeat":"repeat","background-position":"center center","background-size":"auto","background-attachment":"scroll","background-type":"","background-media":"","overlay-type":"","overlay-color":"","overlay-opacity":"","overlay-gradient":""}},"footnotes":""},"categories":[1,4,5],"tags":[336,72,294,229,384,383],"class_list":["post-10940","post","type-post","status-publish","format-standard","hentry","category-general","category-portada","category-primaria","tag-336","tag-biblioteca","tag-escola","tag-jocs-florals","tag-parada-st-jordi","tag-st-jordi"],"post_mailing_queue_ids":[],"_links":{"self":[{"href":"https:\/\/agora.xtec.cat\/escolafrancescfeliu\/wp-json\/wp\/v2\/posts\/10940","targetHints":{"allow":["GET"]}}],"collection":[{"href":"https:\/\/agora.xtec.cat\/escolafrancescfeliu\/wp-json\/wp\/v2\/posts"}],"about":[{"href":"https:\/\/agora.xtec.cat\/escolafrancescfeliu\/wp-json\/wp\/v2\/types\/post"}],"author":[{"embeddable":true,"href":"https:\/\/agora.xtec.cat\/escolafrancescfeliu\/wp-json\/wp\/v2\/users\/1"}],"replies":[{"embeddable":true,"href":"https:\/\/agora.xtec.cat\/escolafrancescfeliu\/wp-json\/wp\/v2\/comments?post=10940"}],"version-history":[{"count":3,"href":"https:\/\/agora.xtec.cat\/escolafrancescfeliu\/wp-json\/wp\/v2\/posts\/10940\/revisions"}],"predecessor-version":[{"id":10946,"href":"https:\/\/agora.xtec.cat\/escolafrancescfeliu\/wp-json\/wp\/v2\/posts\/10940\/revisions\/10946"}],"wp:attachment":[{"href":"https:\/\/agora.xtec.cat\/escolafrancescfeliu\/wp-json\/wp\/v2\/media?parent=10940"}],"wp:term":[{"taxonomy":"category","embeddable":true,"href":"https:\/\/agora.xtec.cat\/escolafrancescfeliu\/wp-json\/wp\/v2\/categories?post=10940"},{"taxonomy":"post_tag","embeddable":true,"href":"https:\/\/agora.xtec.cat\/escolafrancescfeliu\/wp-json\/wp\/v2\/tags?post=10940"}],"curies":[{"name":"wp","href":"https:\/\/api.w.org\/{rel}","templated":true}]}}