{"id":10883,"date":"2025-03-29T18:38:06","date_gmt":"2025-03-29T17:38:06","guid":{"rendered":"https:\/\/agora.xtec.cat\/escolafrancescfeliu\/?p=10883"},"modified":"2025-03-29T18:49:45","modified_gmt":"2025-03-29T17:49:45","slug":"sortida-a-la-granja-descarp","status":"publish","type":"post","link":"https:\/\/agora.xtec.cat\/escolafrancescfeliu\/general\/sortida-a-la-granja-descarp\/","title":{"rendered":"SORTIDA A LA GRANJA D&#8217;ESCARP"},"content":{"rendered":"<p>Divendres 28 de mar\u00e7 l&#8217;alumnat de cicle inicial vam anar de sortida a la Granja d&#8217;Escarp per poder observar els diferents tipus de paisatge que hi podem veure. Maria Cinta, la nostra guia, va explicar-nos molt b\u00e9 qu\u00e8 podem veure a l&#8217;Aiguabarreig. Ens va explicar per qu\u00e8 les pedres s\u00f3n rodones i el perqu\u00e8 del color de l&#8217;aigua.\u00a0 Va ser molt interessant, i vam poder experimentar amb la terra i l&#8217;aigua. M\u00e9s tard vam passejar per la passera i aix\u00ed poder observar el bosc que envolta el riu. Vam sentir i veure diferents animals que hi viuen.<\/p>\n<p>A la tarda vam anar a veure el paisatge de sec\u00e0. Vam veure que era molt diferent del que hav\u00edem vist al mat\u00ed. Les plantes eren molt diverses i l&#8217;olor d&#8217;aquestes tamb\u00e9!<\/p>\n<p>Va ser un dia molt profit\u00f3s!<\/p>\n<p><a href=\"https:\/\/drive.google.com\/drive\/folders\/1dTjP6btJ-6N2J_MBrg4tDoRT2kwMWqlz?usp=sharing\" target=\"_blank\" rel=\"noopener\"><img loading=\"lazy\" decoding=\"async\" class=\"aligncenter wp-image-10885 size-medium\" src=\"https:\/\/agora.xtec.cat\/escolafrancescfeliu\/wp-content\/uploads\/usu213\/2025\/03\/portada-300x225.jpg\" alt=\"\" width=\"300\" height=\"225\" srcset=\"https:\/\/agora.xtec.cat\/escolafrancescfeliu\/wp-content\/uploads\/usu213\/2025\/03\/portada-300x225.jpg 300w, https:\/\/agora.xtec.cat\/escolafrancescfeliu\/wp-content\/uploads\/usu213\/2025\/03\/portada-1024x768.jpg 1024w, https:\/\/agora.xtec.cat\/escolafrancescfeliu\/wp-content\/uploads\/usu213\/2025\/03\/portada-768x576.jpg 768w, https:\/\/agora.xtec.cat\/escolafrancescfeliu\/wp-content\/uploads\/usu213\/2025\/03\/portada-1536x1152.jpg 1536w, https:\/\/agora.xtec.cat\/escolafrancescfeliu\/wp-content\/uploads\/usu213\/2025\/03\/portada-2048x1536.jpg 2048w, https:\/\/agora.xtec.cat\/escolafrancescfeliu\/wp-content\/uploads\/usu213\/2025\/03\/portada-200x150.jpg 200w\" sizes=\"auto, (max-width: 300px) 100vw, 300px\" \/><\/a><\/p>\n","protected":false},"excerpt":{"rendered":"<p>Divendres 28 de mar\u00e7 l&#8217;alumnat de cicle inicial vam anar de sortida a la Granja d&#8217;Escarp per poder observar els diferents tipus de paisatge que hi podem veure. Maria Cinta, la nostra guia, va explicar-nos molt b\u00e9 qu\u00e8 podem veure a l&#8217;Aiguabarreig. Ens va explicar per qu\u00e8 les pedres s\u00f3n rodones i el perqu\u00e8 del [&hellip;]<\/p>\n","protected":false},"author":33,"featured_media":0,"comment_status":"closed","ping_status":"closed","sticky":false,"template":"","format":"standard","meta":{"_bbp_topic_count":0,"_bbp_reply_count":0,"_bbp_total_topic_count":0,"_bbp_total_reply_count":0,"_bbp_voice_count":0,"_bbp_anonymous_reply_count":0,"_bbp_topic_count_hidden":0,"_bbp_reply_count_hidden":0,"_bbp_forum_subforum_count":0,"site-sidebar-layout":"default","site-content-layout":"","ast-site-content-layout":"","site-content-style":"default","site-sidebar-style":"default","ast-global-header-display":"","ast-banner-title-visibility":"","ast-main-header-display":"","ast-hfb-above-header-display":"","ast-hfb-below-header-display":"","ast-hfb-mobile-header-display":"","site-post-title":"","ast-breadcrumbs-content":"","ast-featured-img":"","footer-sml-layout":"","theme-transparent-header-meta":"","adv-header-id-meta":"","stick-header-meta":"","header-above-stick-meta":"","header-main-stick-meta":"","header-below-stick-meta":"","astra-migrate-meta-layouts":"default","ast-page-background-enabled":"default","ast-page-background-meta":{"desktop":{"background-color":"var(--ast-global-color-4)","background-image":"","background-repeat":"repeat","background-position":"center center","background-size":"auto","background-attachment":"scroll","background-type":"","background-media":"","overlay-type":"","overlay-color":"","overlay-opacity":"","overlay-gradient":""},"tablet":{"background-color":"","background-image":"","background-repeat":"repeat","background-position":"center center","background-size":"auto","background-attachment":"scroll","background-type":"","background-media":"","overlay-type":"","overlay-color":"","overlay-opacity":"","overlay-gradient":""},"mobile":{"background-color":"","background-image":"","background-repeat":"repeat","background-position":"center center","background-size":"auto","background-attachment":"scroll","background-type":"","background-media":"","overlay-type":"","overlay-color":"","overlay-opacity":"","overlay-gradient":""}},"ast-content-background-meta":{"desktop":{"background-color":"var(--ast-global-color-5)","background-image":"","background-repeat":"repeat","background-position":"center center","background-size":"auto","background-attachment":"scroll","background-type":"","background-media":"","overlay-type":"","overlay-color":"","overlay-opacity":"","overlay-gradient":""},"tablet":{"background-color":"var(--ast-global-color-5)","background-image":"","background-repeat":"repeat","background-position":"center center","background-size":"auto","background-attachment":"scroll","background-type":"","background-media":"","overlay-type":"","overlay-color":"","overlay-opacity":"","overlay-gradient":""},"mobile":{"background-color":"var(--ast-global-color-5)","background-image":"","background-repeat":"repeat","background-position":"center center","background-size":"auto","background-attachment":"scroll","background-type":"","background-media":"","overlay-type":"","overlay-color":"","overlay-opacity":"","overlay-gradient":""}},"footnotes":""},"categories":[10,11,1,4,5],"tags":[370,336,350,372,371,373,67,302],"class_list":["post-10883","post","type-post","status-publish","format-standard","hentry","category-1r","category-2n","category-general","category-portada","category-primaria","tag-1er","tag-336","tag-2n","tag-aiguabarreig","tag-ci","tag-granja-descarp","tag-primaria","tag-sortida"],"post_mailing_queue_ids":[],"_links":{"self":[{"href":"https:\/\/agora.xtec.cat\/escolafrancescfeliu\/wp-json\/wp\/v2\/posts\/10883","targetHints":{"allow":["GET"]}}],"collection":[{"href":"https:\/\/agora.xtec.cat\/escolafrancescfeliu\/wp-json\/wp\/v2\/posts"}],"about":[{"href":"https:\/\/agora.xtec.cat\/escolafrancescfeliu\/wp-json\/wp\/v2\/types\/post"}],"author":[{"embeddable":true,"href":"https:\/\/agora.xtec.cat\/escolafrancescfeliu\/wp-json\/wp\/v2\/users\/33"}],"replies":[{"embeddable":true,"href":"https:\/\/agora.xtec.cat\/escolafrancescfeliu\/wp-json\/wp\/v2\/comments?post=10883"}],"version-history":[{"count":2,"href":"https:\/\/agora.xtec.cat\/escolafrancescfeliu\/wp-json\/wp\/v2\/posts\/10883\/revisions"}],"predecessor-version":[{"id":10887,"href":"https:\/\/agora.xtec.cat\/escolafrancescfeliu\/wp-json\/wp\/v2\/posts\/10883\/revisions\/10887"}],"wp:attachment":[{"href":"https:\/\/agora.xtec.cat\/escolafrancescfeliu\/wp-json\/wp\/v2\/media?parent=10883"}],"wp:term":[{"taxonomy":"category","embeddable":true,"href":"https:\/\/agora.xtec.cat\/escolafrancescfeliu\/wp-json\/wp\/v2\/categories?post=10883"},{"taxonomy":"post_tag","embeddable":true,"href":"https:\/\/agora.xtec.cat\/escolafrancescfeliu\/wp-json\/wp\/v2\/tags?post=10883"}],"curies":[{"name":"wp","href":"https:\/\/api.w.org\/{rel}","templated":true}]}}