{"id":10770,"date":"2025-01-30T17:47:15","date_gmt":"2025-01-30T16:47:15","guid":{"rendered":"https:\/\/agora.xtec.cat\/escolafrancescfeliu\/?p=10770"},"modified":"2025-02-08T22:22:04","modified_gmt":"2025-02-08T21:22:04","slug":"dia-de-la-pau-2","status":"publish","type":"post","link":"https:\/\/agora.xtec.cat\/escolafrancescfeliu\/general\/dia-de-la-pau-2\/","title":{"rendered":"DIA DE LA PAU"},"content":{"rendered":"<p>Com cada any, l&#8217;escola celebra el dia de la Pau amb un seguit d&#8217;activitats per recordar la import\u00e0ncia de la toler\u00e0ncia i la cooperaci\u00f3 per aconseguir un m\u00f3n millor.<\/p>\n<p>Aquest cop els alumnes de cicle superior van preparar conjuntament, tot un seguit de figures acrob\u00e0tiques &#8220;Acrosport&#8221; on van poder demostrar l&#8217;esfor\u00e7 i el treball en grup davant de tota l&#8217;escola a l&#8217;escenari del poliesportiu.<\/p>\n<p>Despr\u00e9s d&#8217;aquesta activitat, tots els alumnes de l&#8217;escola van dedicar una estona a reflexionar sobre les coses que no volien, en van fer una llista i en van llegir les frases que no els agradaven per poder llen\u00e7ar a la paperera.<\/p>\n<p>Finalment amb dues grans rotllanes ens vam ajuntar i vam cantar tots junts les can\u00e7ons m\u00e9s significatives per nosaltres IMAGINE i STOP A LA VIOL\u00c8NCIA i que ens recorden el fet de ser tolerants i exercir la pau per poder estar millora amb tothom.<\/p>\n<figure id=\"attachment_10771\" aria-describedby=\"caption-attachment-10771\" style=\"width: 300px\" class=\"wp-caption alignleft\"><a href=\"https:\/\/drive.google.com\/drive\/folders\/1Ntq-GH0esnBN0IlG68484lxpJHtzbPu3?usp=sharing\" target=\"_blank\" rel=\"noopener\"><img loading=\"lazy\" decoding=\"async\" class=\"wp-image-10771 size-full\" src=\"https:\/\/agora.xtec.cat\/escolafrancescfeliu\/wp-content\/uploads\/usu213\/2025\/02\/20250131_090652.jpg\" alt=\"\" width=\"300\" height=\"139\" \/><\/a><figcaption id=\"caption-attachment-10771\" class=\"wp-caption-text\">DIA DE LA PAU<\/figcaption><\/figure>\n<p>&nbsp;<\/p>\n<p>&nbsp;<\/p>\n<p>&nbsp;<\/p>\n<p>&nbsp;<\/p>\n<figure id=\"attachment_10772\" aria-describedby=\"caption-attachment-10772\" style=\"width: 300px\" class=\"wp-caption alignnone\"><a href=\"https:\/\/drive.google.com\/file\/d\/10B-VNlsHduB9e1zeboFaPYVB0bEf_w6h\/view?usp=sharing\" target=\"_blank\" rel=\"noopener\"><img loading=\"lazy\" decoding=\"async\" class=\"wp-image-10772 size-full\" src=\"https:\/\/agora.xtec.cat\/escolafrancescfeliu\/wp-content\/uploads\/usu213\/2025\/02\/20250130_112435.jpg\" alt=\"\" width=\"300\" height=\"139\" \/><\/a><figcaption id=\"caption-attachment-10772\" class=\"wp-caption-text\">V\u00cdDEO ACROSPORT<\/figcaption><\/figure>\n<p>&nbsp;<\/p>\n","protected":false},"excerpt":{"rendered":"<p>Com cada any, l&#8217;escola celebra el dia de la Pau amb un seguit d&#8217;activitats per recordar la import\u00e0ncia de la toler\u00e0ncia i la cooperaci\u00f3 per aconseguir un m\u00f3n millor. Aquest cop els alumnes de cicle superior van preparar conjuntament, tot un seguit de figures acrob\u00e0tiques &#8220;Acrosport&#8221; on van poder demostrar l&#8217;esfor\u00e7 i el treball en [&hellip;]<\/p>\n","protected":false},"author":1,"featured_media":0,"comment_status":"closed","ping_status":"closed","sticky":false,"template":"","format":"standard","meta":{"_bbp_topic_count":0,"_bbp_reply_count":0,"_bbp_total_topic_count":0,"_bbp_total_reply_count":0,"_bbp_voice_count":0,"_bbp_anonymous_reply_count":0,"_bbp_topic_count_hidden":0,"_bbp_reply_count_hidden":0,"_bbp_forum_subforum_count":0,"site-sidebar-layout":"default","site-content-layout":"","ast-site-content-layout":"","site-content-style":"default","site-sidebar-style":"default","ast-global-header-display":"","ast-banner-title-visibility":"","ast-main-header-display":"","ast-hfb-above-header-display":"","ast-hfb-below-header-display":"","ast-hfb-mobile-header-display":"","site-post-title":"","ast-breadcrumbs-content":"","ast-featured-img":"","footer-sml-layout":"","theme-transparent-header-meta":"","adv-header-id-meta":"","stick-header-meta":"","header-above-stick-meta":"","header-main-stick-meta":"","header-below-stick-meta":"","astra-migrate-meta-layouts":"default","ast-page-background-enabled":"default","ast-page-background-meta":{"desktop":{"background-color":"var(--ast-global-color-4)","background-image":"","background-repeat":"repeat","background-position":"center center","background-size":"auto","background-attachment":"scroll","background-type":"","background-media":"","overlay-type":"","overlay-color":"","overlay-opacity":"","overlay-gradient":""},"tablet":{"background-color":"","background-image":"","background-repeat":"repeat","background-position":"center center","background-size":"auto","background-attachment":"scroll","background-type":"","background-media":"","overlay-type":"","overlay-color":"","overlay-opacity":"","overlay-gradient":""},"mobile":{"background-color":"","background-image":"","background-repeat":"repeat","background-position":"center center","background-size":"auto","background-attachment":"scroll","background-type":"","background-media":"","overlay-type":"","overlay-color":"","overlay-opacity":"","overlay-gradient":""}},"ast-content-background-meta":{"desktop":{"background-color":"var(--ast-global-color-5)","background-image":"","background-repeat":"repeat","background-position":"center center","background-size":"auto","background-attachment":"scroll","background-type":"","background-media":"","overlay-type":"","overlay-color":"","overlay-opacity":"","overlay-gradient":""},"tablet":{"background-color":"var(--ast-global-color-5)","background-image":"","background-repeat":"repeat","background-position":"center center","background-size":"auto","background-attachment":"scroll","background-type":"","background-media":"","overlay-type":"","overlay-color":"","overlay-opacity":"","overlay-gradient":""},"mobile":{"background-color":"var(--ast-global-color-5)","background-image":"","background-repeat":"repeat","background-position":"center center","background-size":"auto","background-attachment":"scroll","background-type":"","background-media":"","overlay-type":"","overlay-color":"","overlay-opacity":"","overlay-gradient":""}},"footnotes":""},"categories":[1,2,4,5],"tags":[336,353,297,352],"class_list":["post-10770","post","type-post","status-publish","format-standard","hentry","category-general","category-infantil","category-portada","category-primaria","tag-336","tag-acrosport","tag-dia-de-la-pau","tag-poliesportiu"],"post_mailing_queue_ids":[],"_links":{"self":[{"href":"https:\/\/agora.xtec.cat\/escolafrancescfeliu\/wp-json\/wp\/v2\/posts\/10770","targetHints":{"allow":["GET"]}}],"collection":[{"href":"https:\/\/agora.xtec.cat\/escolafrancescfeliu\/wp-json\/wp\/v2\/posts"}],"about":[{"href":"https:\/\/agora.xtec.cat\/escolafrancescfeliu\/wp-json\/wp\/v2\/types\/post"}],"author":[{"embeddable":true,"href":"https:\/\/agora.xtec.cat\/escolafrancescfeliu\/wp-json\/wp\/v2\/users\/1"}],"replies":[{"embeddable":true,"href":"https:\/\/agora.xtec.cat\/escolafrancescfeliu\/wp-json\/wp\/v2\/comments?post=10770"}],"version-history":[{"count":1,"href":"https:\/\/agora.xtec.cat\/escolafrancescfeliu\/wp-json\/wp\/v2\/posts\/10770\/revisions"}],"predecessor-version":[{"id":10773,"href":"https:\/\/agora.xtec.cat\/escolafrancescfeliu\/wp-json\/wp\/v2\/posts\/10770\/revisions\/10773"}],"wp:attachment":[{"href":"https:\/\/agora.xtec.cat\/escolafrancescfeliu\/wp-json\/wp\/v2\/media?parent=10770"}],"wp:term":[{"taxonomy":"category","embeddable":true,"href":"https:\/\/agora.xtec.cat\/escolafrancescfeliu\/wp-json\/wp\/v2\/categories?post=10770"},{"taxonomy":"post_tag","embeddable":true,"href":"https:\/\/agora.xtec.cat\/escolafrancescfeliu\/wp-json\/wp\/v2\/tags?post=10770"}],"curies":[{"name":"wp","href":"https:\/\/api.w.org\/{rel}","templated":true}]}}